{"id":50803,"date":"2024-04-02T00:41:50","date_gmt":"2024-04-01T22:41:50","guid":{"rendered":"https:\/\/www.infokuryr.cz\/n\/?p=50803"},"modified":"2024-04-01T19:18:23","modified_gmt":"2024-04-01T17:18:23","slug":"rusti-vysetrovatele-vysetruji-usa-kvuli-terorismu","status":"publish","type":"post","link":"https:\/\/www.infokuryr.cz\/n\/2024\/04\/02\/rusti-vysetrovatele-vysetruji-usa-kvuli-terorismu\/","title":{"rendered":"Ru\u0161t\u00ed vy\u0161et\u0159ovatel\u00e9 vy\u0161et\u0159uj\u00ed USA kv\u016fli terorismu"},"content":{"rendered":"<div id=\"fb-root\"><\/div>\n<p><span style=\"font-size: 18pt;\"><strong>St\u00ed\u017enost podan\u00e1 z\u00e1konod\u00e1rci minul\u00fd t\u00fdden byla pova\u017eov\u00e1na za dostate\u010dn\u011b v\u011brohodnou pro form\u00e1ln\u00ed \u0161et\u0159en\u00ed<\/strong><\/span><\/p>\n<p>Rusk\u00fd vy\u0161et\u0159ovac\u00ed v\u00fdbor zah\u00e1jil vy\u0161et\u0159ov\u00e1n\u00ed obvin\u011bn\u00ed, \u017ee Ukrajina a jej\u00ed z\u00e1padn\u00ed podporovatel\u00e9 jsou zapojeni do teroristick\u00fdch aktivit na rusk\u00e9m \u00fazem\u00ed; tvrzen\u00ed minul\u00fd t\u00fdden podpo\u0159ili n\u011bkte\u0159\u00ed poslanci a ve\u0159ejn\u00e9 osobnosti.<\/p>\n<p>Org\u00e1n \u010dinn\u00fd v trestn\u00edm \u0159\u00edzen\u00ed v pond\u011bl\u00ed ozn\u00e1mil, \u017ee po p\u0159ezkoum\u00e1n\u00ed p\u016fvodn\u00edch obvin\u011bn\u00ed pokra\u010duje v procesn\u00edm vy\u0161et\u0159ov\u00e1n\u00ed. Po\u010d\u00e1te\u010dn\u00ed st\u00ed\u017enost, kterou V\u00fdbor potvrdil minulou st\u0159edu, ozna\u010dila USA a jejich spojence za osoby, kter\u00e9 \u00fadajn\u011b vedly s\u00e9rii \u00fatok\u016f na rusk\u00e9 \u00fazem\u00ed. Agentura se zab\u00fdv\u00e1 \u00fadajnou\u00a0<em>\u201eorganizac\u00ed, financov\u00e1n\u00edm a prov\u00e1d\u011bn\u00edm teroristick\u00fdch \u010din\u016f\u201c<\/em>\u00a0t\u011bmito n\u00e1rody.<\/p>\n<p>Nikolaj Kharitonov z komunistick\u00e9 strany, jeden z poslanc\u016f, kte\u0159\u00ed podali st\u00ed\u017enost, trval na tom, \u017ee z\u00e1padn\u00ed st\u00e1ty\u00a0<em>\u201em\u011bly prosp\u011bch\u201c<\/em>\u00a0z teroristick\u00e9ho \u00fatoku na radnici Crocus u Moskvy po\u010d\u00e1tkem tohoto m\u011bs\u00edce. Zd\u016fvodnil to t\u00edm, \u017ee geopoliti\u010dt\u00ed odp\u016frci Ruska m\u011bli prosp\u011bch z trag\u00e9die na rusk\u00e9 p\u016fd\u011b, a po\u010d\u00edtal\u00a0<em>\u201es jejich nep\u0159\u00edstupnost\u00ed a beztrestnost\u00ed\u201c.<\/em><\/p>\n<p>V souvislosti s jedn\u00edm z nejsmrteln\u011bj\u0161\u00edch teroristick\u00fdch \u00fatok\u016f v historii zem\u011b bylo dosud zat\u010deno celkem 12 lid\u00ed &#8211; v\u010detn\u011b \u010dty\u0159 ozbrojenc\u016f, kte\u0159\u00ed jsou pova\u017eov\u00e1ni za radik\u00e1ln\u00ed islamisty.<\/p>\n<p>V\u00edce ne\u017e 140 lid\u00ed bylo zabito p\u0159i st\u0159elb\u011b a \u017eh\u00e1\u0159sk\u00e9m \u00fatoku kousek od Moskvy. K \u00fatoku se p\u0159ihl\u00e1sila odno\u017e Isl\u00e1msk\u00e9ho st\u00e1tu (IS, d\u0159\u00edve ISIS) s\u00eddl\u00edc\u00ed v Afgh\u00e1nist\u00e1nu. Ru\u0161t\u00ed p\u0159edstavitel\u00e9 v\u0161ak tvrd\u00ed, \u017ee odhalili d\u016fkazy o mo\u017en\u00e9 ukrajinsk\u00e9 \u00fa\u010dasti, co\u017e je v rozporu s uji\u0161t\u011bn\u00edm USA, \u017ee za \u00fatokem nemohl st\u00e1t Kyjev.<\/p>\n<p><em>&#8222;USA a jejich spojenci dnes prov\u00e1d\u011bj\u00ed teroristick\u00e9 \u010diny na rusk\u00fdch \u00fazem\u00edch rukama ISIS a ukrajinsk\u00fdch speci\u00e1ln\u00edch slu\u017eeb,&#8220;<\/em>\u00a0prohl\u00e1sil minul\u00fd t\u00fdden Kharitonov v Telegramu.\u00a0<em>&#8222;Po\u017eadujeme, aby politick\u00e9 veden\u00ed USA a Ukrajiny, stejn\u011b jako zpravodajsk\u00e9 slu\u017eby t\u011bchto zem\u00ed, byly trestn\u011b odpov\u011bdn\u00e9 za organizov\u00e1n\u00ed, financov\u00e1n\u00ed a veden\u00ed teroristick\u00fdch operac\u00ed nam\u00ed\u0159en\u00fdch proti Rusku a cel\u00e9mu modern\u00edmu sv\u011btu.&#8220;<\/em><\/p>\n<p>St\u00ed\u017enost podepsali t\u0159i ru\u0161t\u00ed z\u00e1konod\u00e1rci a tak\u00e9 n\u011bkter\u00e9 ve\u0159ejn\u00e9 osobnosti, v\u010detn\u011b filozofa Aleksandra Dugina. Jeho dcera Darya byla zabita bombou v aut\u011b v srpnu 2022 p\u0159i tom, o \u010dem se v\u0161eobecn\u011b v\u011b\u0159\u00ed, \u017ee \u0161lo o c\u00edlen\u00fd atent\u00e1t zam\u011b\u0159en\u00fd na jej\u00edho otce, prominentn\u00edho nacionalistu.<\/p>\n<p>Ru\u0161t\u00ed vy\u0161et\u0159ovatel\u00e9 obvinili Kyjev z organizov\u00e1n\u00ed bombov\u00e9ho \u00fatoku. Zpr\u00e1vy v z\u00e1padn\u00edch m\u00e9di\u00edch uvedly, \u017ee p\u0159edstavitel\u00e9 v USA se rovn\u011b\u017e domn\u00edvaj\u00ed, \u017ee za vra\u017edou st\u00e1li ukrajin\u0161t\u00ed tajn\u00ed agenti.<\/p>\n<p>Ukrajinsk\u00e1 vl\u00e1da se ve\u0159ejn\u011b p\u0159ihl\u00e1sila k n\u011bkter\u00fdm \u00fatok\u016fm proti rusk\u00fdm c\u00edl\u016fm, jako jsou bombov\u00e9 \u00fatoky na Krymsk\u00fd most. Minul\u00fd t\u00fdden se \u0161\u00e9f ukrajinsk\u00e9 bezpe\u010dnostn\u00ed slu\u017eby (SBU) Vasilij Maljuk t\u00e9m\u011b\u0159 chlubil \u0159adou atent\u00e1t\u016f na lidi, kter\u00e9 ozna\u010dil za nep\u0159\u00e1tele sv\u00e9 zem\u011b.<\/p>\n<p>Kdy\u017e byl b\u011bhem rozhovoru dot\u00e1z\u00e1n na n\u011bkolik takov\u00fdch zabit\u00ed, \u00fa\u0159edn\u00edk \u0159ekl, \u017ee ot\u00e1zka byla\u00a0<em>\u201esm\u011brov\u00e1na na spr\u00e1vnou adresu, ale v \u017e\u00e1dn\u00e9m p\u0159\u00edpad\u011b to neuzn\u00e1me\u201c.<\/em>\u00a0Malyuk pokra\u010doval v poskytov\u00e1n\u00ed n\u011bkter\u00fdch podrobnost\u00ed o zlo\u010dinech.<\/p>\n<p>Malyuk pat\u0159\u00ed mezi vysok\u00e9 ukrajinsk\u00e9 p\u0159edstavitele, kter\u00e9 Moskva hled\u00e1 kv\u016fli terorismu. Rusk\u00e9 ministerstvo zahrani\u010d\u00ed v ned\u011bli uvedlo, \u017ee zaslalo Ukrajin\u011b po\u017eadavek, aby tyto podez\u0159el\u00e9 p\u0159edala v r\u00e1mci mezin\u00e1rodn\u00edch smluv o boji proti terorismu podporovan\u00fdch OSN, jich\u017e je Kyjev signat\u00e1\u0159em.<\/p>\n<p><img decoding=\"async\" loading=\"lazy\" class=\"alignnone size-full wp-image-1185\" src=\"http:\/\/www.infokuryr.cz\/n\/wp-content\/uploads\/2021\/04\/kuryr-podpis.png\" alt=\"\" width=\"84\" height=\"24\" \/><\/p>\n<p>&nbsp;<\/p>\n","protected":false},"excerpt":{"rendered":"<p>St\u00ed\u017enost podan\u00e1 z\u00e1konod\u00e1rci minul\u00fd t\u00fdden byla pova\u017eov\u00e1na za dostate\u010dn\u011b v\u011brohodnou pro form\u00e1ln\u00ed \u0161et\u0159en\u00ed Rusk\u00fd vy\u0161et\u0159ovac\u00ed&#8230;<\/p>\n","protected":false},"author":2,"featured_media":29347,"comment_status":"closed","ping_status":"closed","sticky":false,"template":"","format":"standard","meta":[],"categories":[7],"tags":[22,2703,37,1398],"_links":{"self":[{"href":"https:\/\/www.infokuryr.cz\/n\/wp-json\/wp\/v2\/posts\/50803"}],"collection":[{"href":"https:\/\/www.infokuryr.cz\/n\/wp-json\/wp\/v2\/posts"}],"about":[{"href":"https:\/\/www.infokuryr.cz\/n\/wp-json\/wp\/v2\/types\/post"}],"author":[{"embeddable":true,"href":"https:\/\/www.infokuryr.cz\/n\/wp-json\/wp\/v2\/users\/2"}],"replies":[{"embeddable":true,"href":"https:\/\/www.infokuryr.cz\/n\/wp-json\/wp\/v2\/comments?post=50803"}],"version-history":[{"count":0,"href":"https:\/\/www.infokuryr.cz\/n\/wp-json\/wp\/v2\/posts\/50803\/revisions"}],"wp:featuredmedia":[{"embeddable":true,"href":"https:\/\/www.infokuryr.cz\/n\/wp-json\/wp\/v2\/media\/29347"}],"wp:attachment":[{"href":"https:\/\/www.infokuryr.cz\/n\/wp-json\/wp\/v2\/media?parent=50803"}],"wp:term":[{"taxonomy":"category","embeddable":true,"href":"https:\/\/www.infokuryr.cz\/n\/wp-json\/wp\/v2\/categories?post=50803"},{"taxonomy":"post_tag","embeddable":true,"href":"https:\/\/www.infokuryr.cz\/n\/wp-json\/wp\/v2\/tags?post=50803"}],"curies":[{"name":"wp","href":"https:\/\/api.w.org\/{rel}","templated":true}]}}