{"id":50802,"date":"2024-04-02T00:41:43","date_gmt":"2024-04-01T22:41:43","guid":{"rendered":"https:\/\/www.infokuryr.cz\/n\/?p=50802"},"modified":"2024-04-01T17:54:31","modified_gmt":"2024-04-01T15:54:31","slug":"iran-upozornil-rusko-na-teroristickou-operaci-pred-utokem","status":"publish","type":"post","link":"https:\/\/www.infokuryr.cz\/n\/2024\/04\/02\/iran-upozornil-rusko-na-teroristickou-operaci-pred-utokem\/","title":{"rendered":"\u00cdr\u00e1n upozornil Rusko na \u201eteroristickou operaci\u201c p\u0159ed \u00fatokem"},"content":{"rendered":"<div id=\"fb-root\"><\/div>\n<p><span style=\"font-size: 18pt;\"><strong>Teher\u00e1n \u00fadajn\u011b sd\u00edlel zpravodajsk\u00e9 informace t\u00fdkaj\u00edc\u00ed se pl\u00e1nu terorist\u016f s Moskvou n\u011bkolik dn\u00ed p\u0159ed masakrem<\/strong><\/span><\/p>\n<p><span>\u00cdr\u00e1n upozornil Rusko na bl\u00ed\u017e\u00edc\u00ed se velkou\u00a0<\/span><em><span>\u201eteroristickou operaci\u201c<\/span><\/em><span>\u00a0v zemi n\u011bkolik dn\u00ed p\u0159ed smrt\u00edc\u00edm \u00fatokem na radnici Crocus, kter\u00fd si vy\u017e\u00e1dal \u017eivoty v\u00edce ne\u017e 140, uvedla v pond\u011bl\u00ed agentura Reuters s odvol\u00e1n\u00edm na t\u0159i zdroje obezn\u00e1men\u00e9 s touto z\u00e1le\u017eitost\u00ed. Mluv\u010d\u00ed Kremlu Dmitrij Peskov v\u0161ak novin\u00e1\u0159\u016fm \u0159ekl, \u017ee o takov\u00e9m varov\u00e1n\u00ed nev\u00ed.<\/span><\/p>\n<p><span>\u00cdr\u00e1nsk\u00e1 strana \u00fadajn\u011b p\u0159ipsala hroz\u00edc\u00ed \u00fatok terorist\u016fm v afgh\u00e1nsk\u00e9m ISIS-Khorasan (ISIS-K) Isl\u00e1msk\u00e9ho st\u00e1tu s odvol\u00e1n\u00edm na informace z\u00edskan\u00e9 b\u011bhem v\u00fdslech\u016f podez\u0159el\u00fdch z ned\u00e1vn\u00fdch smrt\u00edc\u00edch bombov\u00fdch \u00fatok\u016f v zemi. Za\u010d\u00e1tkem tohoto roku Teher\u00e1n zadr\u017eel asi 35 podez\u0159el\u00fdch \u010dlen\u016f ISIS-K po velk\u00e9m v\u00fdbuchu ve m\u011bst\u011b Kerm\u00e1n, kter\u00fd zabil asi 100 lid\u00ed.<\/span><\/p>\n<p><em><span>&#8222;[\u010clenov\u00e9 ISIS-K] byli instruov\u00e1ni, aby se p\u0159ipravili na v\u00fdznamnou operaci v Rusku&#8230; Jeden z terorist\u016f \u0159ekl, \u017ee n\u011bkte\u0159\u00ed \u010dlenov\u00e9 skupiny ji\u017e odcestovali do Ruska,&#8220;<\/span><\/em><span>\u00a0\u0159ekl agentu\u0159e jeden ze zdroj\u016f.<\/span><\/p>\n<p><span>Mluv\u010d\u00ed Kremlu Dmitrij Peskov \u0159ekl, \u017ee si nen\u00ed v\u011bdom \u017e\u00e1dn\u00fdch varov\u00e1n\u00ed z \u00cdr\u00e1nu p\u0159ed \u00fatokem.\u00a0<\/span><em><span>&#8222;Nic o tom nev\u00edm,&#8220;<\/span><\/em><span>\u00a0\u0159ekl novin\u00e1\u0159\u016fm.<\/span><\/p>\n<p><span>K masakru se kr\u00e1tce po \u00fatoku p\u0159ihl\u00e1sila odno\u017e teroristick\u00e9 skupiny se s\u00eddlem v Afgh\u00e1nist\u00e1nu. USA a EU trvaly na tom, \u017ee ISIS-K byl jedin\u00fdm vin\u00edkem \u00fatoku na radnici Crocus.<\/span><\/p>\n<p><span>Zd\u00e1 se v\u0161ak, \u017ee Moskva je k narativu ISIS-K skeptick\u00e1, p\u0159i\u010dem\u017e nejvy\u0161\u0161\u00ed p\u0159edstavitel\u00e9 signalizuj\u00ed, \u017ee p\u0159edb\u011b\u017en\u00e1 zji\u0161t\u011bn\u00ed nazna\u010dovala, \u017ee by do toho mohla b\u00fdt zapojena Ukrajina \u2013 a dal\u0161\u00ed strany. Prezident Vladimir Putin \u0159ekl, \u017ee \u00fatok provedli\u00a0<\/span><em><span>\u201eradik\u00e1ln\u00ed islamist\u00e9\u201c<\/span><\/em><span>\u00a0, ale jeho skute\u010dn\u00fd str\u016fjce je\u0161t\u011b nebyl ur\u010den. \u0160\u00e9f rusk\u00e9 Feder\u00e1ln\u00ed bezpe\u010dnostn\u00ed slu\u017eby (FSB) Aleksandr Bortnikov navrhl, \u017ee Spojen\u00e9 st\u00e1ty, Velk\u00e1 Brit\u00e1nie a Ukrajina mohou b\u00fdt spojeny s masakrem.<\/span><\/p>\n<p><span>Rusk\u00fd vy\u0161et\u0159ovac\u00ed v\u00fdbor v pond\u011bl\u00ed ozn\u00e1mil, \u017ee zah\u00e1jil vy\u0161et\u0159ov\u00e1n\u00ed obvin\u011bn\u00ed, \u017ee Ukrajina a jej\u00ed z\u00e1padn\u00ed podporovatel\u00e9, v\u010detn\u011b USA, jsou zapojeni do teroristick\u00fdch aktivit na \u00fazem\u00ed zem\u011b. Agentura nyn\u00ed vy\u0161et\u0159uje\u00a0<\/span><em><span>\u201eorganizaci, financov\u00e1n\u00ed a prov\u00e1d\u011bn\u00ed teroristick\u00fdch \u010din\u016f\u201c<\/span><\/em><span>\u00a0t\u011bmito n\u00e1rody pot\u00e9, co skupina poslanc\u016f podala v t\u00e9to v\u011bci st\u00ed\u017enost.<\/span><\/p>\n<p><img decoding=\"async\" loading=\"lazy\" class=\"alignnone size-full wp-image-1185\" src=\"http:\/\/www.infokuryr.cz\/n\/wp-content\/uploads\/2021\/04\/kuryr-podpis.png\" alt=\"\" width=\"84\" height=\"24\" \/><\/p>\n<p>&nbsp;<\/p>\n","protected":false},"excerpt":{"rendered":"<p>Teher\u00e1n \u00fadajn\u011b sd\u00edlel zpravodajsk\u00e9 informace t\u00fdkaj\u00edc\u00ed se pl\u00e1nu terorist\u016f s Moskvou n\u011bkolik dn\u00ed p\u0159ed masakrem&#8230;<\/p>\n","protected":false},"author":2,"featured_media":12331,"comment_status":"closed","ping_status":"closed","sticky":false,"template":"","format":"standard","meta":[],"categories":[7],"tags":[38,22,1402],"_links":{"self":[{"href":"https:\/\/www.infokuryr.cz\/n\/wp-json\/wp\/v2\/posts\/50802"}],"collection":[{"href":"https:\/\/www.infokuryr.cz\/n\/wp-json\/wp\/v2\/posts"}],"about":[{"href":"https:\/\/www.infokuryr.cz\/n\/wp-json\/wp\/v2\/types\/post"}],"author":[{"embeddable":true,"href":"https:\/\/www.infokuryr.cz\/n\/wp-json\/wp\/v2\/users\/2"}],"replies":[{"embeddable":true,"href":"https:\/\/www.infokuryr.cz\/n\/wp-json\/wp\/v2\/comments?post=50802"}],"version-history":[{"count":0,"href":"https:\/\/www.infokuryr.cz\/n\/wp-json\/wp\/v2\/posts\/50802\/revisions"}],"wp:featuredmedia":[{"embeddable":true,"href":"https:\/\/www.infokuryr.cz\/n\/wp-json\/wp\/v2\/media\/12331"}],"wp:attachment":[{"href":"https:\/\/www.infokuryr.cz\/n\/wp-json\/wp\/v2\/media?parent=50802"}],"wp:term":[{"taxonomy":"category","embeddable":true,"href":"https:\/\/www.infokuryr.cz\/n\/wp-json\/wp\/v2\/categories?post=50802"},{"taxonomy":"post_tag","embeddable":true,"href":"https:\/\/www.infokuryr.cz\/n\/wp-json\/wp\/v2\/tags?post=50802"}],"curies":[{"name":"wp","href":"https:\/\/api.w.org\/{rel}","templated":true}]}}