{"id":50800,"date":"2024-04-02T00:39:08","date_gmt":"2024-04-01T22:39:08","guid":{"rendered":"https:\/\/www.infokuryr.cz\/n\/?p=50800"},"modified":"2024-04-01T17:47:40","modified_gmt":"2024-04-01T15:47:40","slug":"zprava-tajnych-sluzeb-usa-se-snazi-zkreslit-fakta-o-moskevskem-teroristickem-utoku","status":"publish","type":"post","link":"https:\/\/www.infokuryr.cz\/n\/2024\/04\/02\/zprava-tajnych-sluzeb-usa-se-snazi-zkreslit-fakta-o-moskevskem-teroristickem-utoku\/","title":{"rendered":"Zpr\u00e1va tajn\u00fdch slu\u017eeb: USA se sna\u017e\u00ed zkreslit fakta o moskevsk\u00e9m teroristick\u00e9m \u00fatoku"},"content":{"rendered":"<div id=\"fb-root\"><\/div>\n<p><span style=\"font-size: 18pt;\"><strong>Washington se podle rusk\u00e9 zahrani\u010dn\u00ed zpravodajsk\u00e9 slu\u017eby sna\u017e\u00ed zbavit Kyjev obvin\u011bn\u00ed z \u00fa\u010dasti na masakru v koncertn\u00ed s\u00edni<\/strong><\/span><\/p>\n<p><span>Americk\u00e9 ministerstvo zahrani\u010d\u00ed a speci\u00e1ln\u00ed slu\u017eby \u00fadajn\u011b na\u0159\u00eddily Bidenov\u011b administrativ\u011b, aby vytvo\u0159ily\u00a0<\/span><em><span>\u201ezkreslen\u00fd obr\u00e1zek\u201c<\/span><\/em><span>\u00a0o teroristick\u00e9m \u00fatoku na koncertn\u00ed s\u00e1l v Moskv\u011b z minul\u00e9ho m\u011bs\u00edce a odstranily jak\u00e9koli podez\u0159en\u00ed z ukrajinsk\u00e9 vl\u00e1dy, uvedla rusk\u00e1 zahrani\u010dn\u00ed zpravodajsk\u00e1 slu\u017eba ( SVR).<\/span><\/p>\n<p><span>22. b\u0159ezna za\u00fato\u010dili \u010dty\u0159i ozbrojenci na koncertn\u00ed s\u00e1l Crocus City Hall nedaleko Moskvy, za\u010dali st\u0159\u00edlet a zap\u00e1lili budovu. Masakr si vy\u017e\u00e1dal 144 mrtv\u00fdch.<\/span><\/p>\n<p><span>K \u00fatoku se p\u0159ihl\u00e1sila odno\u017e teroristick\u00e9 organizace Isl\u00e1msk\u00fd st\u00e1t s\u00eddl\u00edc\u00ed v Afgh\u00e1nist\u00e1nu. \u0160\u00e9f rusk\u00e9 Feder\u00e1ln\u00ed bezpe\u010dnostn\u00ed slu\u017eby (FSB) Aleksandr Bortnikov v\u0161ak tvrdil, \u017ee Spojen\u00e9 st\u00e1ty, Velk\u00e1 Brit\u00e1nie a Ukrajina mohou b\u00fdt spojeny se zlo\u010dinem.<\/span><\/p>\n<p><span>V pond\u011bln\u00ed tiskov\u00e9 zpr\u00e1v\u011b SVR tvrdila, \u017ee obdr\u017eela informace, \u017ee nevl\u00e1dn\u00ed organizace a m\u00e9dia sp\u0159\u00edzn\u011bn\u00e9 s USA byly pov\u011b\u0159eny\u00a0<\/span><em><span>\u201eodstranit z mezin\u00e1rodn\u00edho spole\u010denstv\u00ed jak\u00e9koli podez\u0159en\u00ed o zapojen\u00ed Vladim\u00edra Zelensk\u00e9ho a jeho doprovodu do zlo\u010dinu\u201c.<\/span><\/em><\/p>\n<p><span>Slu\u017eba nazna\u010dila, \u017ee se B\u00edl\u00fd d\u016fm ob\u00e1v\u00e1, \u017ee objeven\u00ed\u00a0<\/span><em><span>\u201ekyjevsk\u00e9 stopy\u201c<\/span><\/em><span>\u00a0p\u0159i \u00fatoku by\u00a0<\/span><em><span>\u201ezv\u00fdraznilo teroristickou povahu ukrajinsk\u00e9ho re\u017eimu\u201c<\/span><\/em><span>\u00a0a vykolejilo pokusy Washingtonu zv\u00fd\u0161it podporu Ukrajin\u011b.<\/span><\/p>\n<p><span>Jako p\u0159\u00edklad takov\u00fdch pokus\u016f zakr\u00fdt p\u0159\u00edb\u011bh SVR uvedla, \u017ee americk\u00e9 agentury se ji\u017e sna\u017e\u00ed p\u0159esv\u011bd\u010dit americk\u00e9 spojence a partnery, \u017ee za \u00fatok je zodpov\u011bdn\u00e1 afgh\u00e1nsk\u00e1 odno\u017e Isl\u00e1msk\u00e9ho st\u00e1tu Vilayat Khorasan.<\/span><\/p>\n<p><span>Aby tento p\u0159\u00edb\u011bh pos\u00edlily, USA\u00a0<\/span><em><span>\u201enacpaly\u201c<\/span><\/em><span>\u00a0informa\u010dn\u00ed pole p\u0159\u00edb\u011bhy o tom, jak Rusko bylo dlouho c\u00edlem isl\u00e1msk\u00fdch terorist\u016f, kte\u0159\u00ed se mst\u00ed za v\u00e1lku v \u010ce\u010densku na po\u010d\u00e1tku 21. stolet\u00ed, za moskevskou podporu syrsk\u00e9ho prezidenta Ba\u0161\u00e1ra Asada a za nav\u00e1z\u00e1n\u00ed vztah\u016f s Talibanem v Afgh\u00e1nist\u00e1nu, uvedla SVR.<\/span><\/p>\n<p><span>SVR d\u00e1le uvedla, \u017ee p\u0159edstavitel\u016fm rusk\u00e9 opozice, kte\u0159\u00ed opustili zemi, bylo tak\u00e9 na\u0159\u00edzeno, aby\u00a0<\/span><em><span>\u201ezd\u016fraznily neopodstatn\u011bnost\u201c<\/span><\/em><span>\u00a0\u00fadajn\u00e9ho pou\u017eit\u00ed teroristick\u00e9ho \u00fatoku ze strany Moskvy jako ospravedln\u011bn\u00ed pro pokra\u010duj\u00edc\u00ed vojenskou operaci na Ukrajin\u011b.<\/span><\/p>\n<p><span>Navzdory sv\u00e9mu \u00fasil\u00ed se v\u0161ak \u201epropagandistick\u00e1 r\u00e9torika Washingtonu\u00a0<\/span><em><span>neprod\u00e1v\u00e1 dob\u0159e\u201c,<\/span><\/em><span>\u00a0uvedla agentura s t\u00edm, \u017ee USA nedok\u00e1zaly dos\u00e1hnout jednotn\u00e9ho hodnocen\u00ed trag\u00e9die, a to ani mezi \u010dleny NATO a EU.<\/span><\/p>\n<p><span>Washington za\u010dal Zelensk\u00e9ho chr\u00e1nit je\u0161t\u011b p\u0159edt\u00edm, ne\u017e m\u011bl \u201apopel\u2018 z vyp\u00e1len\u00e9 radnice Crocus \u010das vychladnout. Takov\u00fd sp\u011bch se mnoh\u00fdm na Z\u00e1pad\u011b zd\u00e1 bezohledn\u00fd a mnoh\u00fdm na V\u00fdchod\u011b podez\u0159el\u00fd,\u201c zd\u016fraznil.<\/span><\/p>\n<p><em><span>\u201eVyb\u00edlen\u00edm zlo\u010dinn\u00e9ho kyjevsk\u00e9ho re\u017eimu [USA] riskuj\u00ed, \u017ee budou podez\u0159el\u00e9 z \u00fa\u010dasti na mezin\u00e1rodn\u00edm terorismu,\u201c<\/span><\/em><span>\u00a0varovala SVR.<\/span><\/p>\n<p><img decoding=\"async\" loading=\"lazy\" class=\"alignnone size-full wp-image-1185\" src=\"http:\/\/www.infokuryr.cz\/n\/wp-content\/uploads\/2021\/04\/kuryr-podpis.png\" alt=\"\" width=\"84\" height=\"24\" \/><\/p>\n<p>&nbsp;<\/p>\n","protected":false},"excerpt":{"rendered":"<p>Washington se podle rusk\u00e9 zahrani\u010dn\u00ed zpravodajsk\u00e9 slu\u017eby sna\u017e\u00ed zbavit Kyjev obvin\u011bn\u00ed z \u00fa\u010dasti na masakru&#8230;<\/p>\n","protected":false},"author":2,"featured_media":50270,"comment_status":"closed","ping_status":"closed","sticky":false,"template":"","format":"standard","meta":[],"categories":[7],"tags":[22,663,26,37],"_links":{"self":[{"href":"https:\/\/www.infokuryr.cz\/n\/wp-json\/wp\/v2\/posts\/50800"}],"collection":[{"href":"https:\/\/www.infokuryr.cz\/n\/wp-json\/wp\/v2\/posts"}],"about":[{"href":"https:\/\/www.infokuryr.cz\/n\/wp-json\/wp\/v2\/types\/post"}],"author":[{"embeddable":true,"href":"https:\/\/www.infokuryr.cz\/n\/wp-json\/wp\/v2\/users\/2"}],"replies":[{"embeddable":true,"href":"https:\/\/www.infokuryr.cz\/n\/wp-json\/wp\/v2\/comments?post=50800"}],"version-history":[{"count":0,"href":"https:\/\/www.infokuryr.cz\/n\/wp-json\/wp\/v2\/posts\/50800\/revisions"}],"wp:featuredmedia":[{"embeddable":true,"href":"https:\/\/www.infokuryr.cz\/n\/wp-json\/wp\/v2\/media\/50270"}],"wp:attachment":[{"href":"https:\/\/www.infokuryr.cz\/n\/wp-json\/wp\/v2\/media?parent=50800"}],"wp:term":[{"taxonomy":"category","embeddable":true,"href":"https:\/\/www.infokuryr.cz\/n\/wp-json\/wp\/v2\/categories?post=50800"},{"taxonomy":"post_tag","embeddable":true,"href":"https:\/\/www.infokuryr.cz\/n\/wp-json\/wp\/v2\/tags?post=50800"}],"curies":[{"name":"wp","href":"https:\/\/api.w.org\/{rel}","templated":true}]}}