{"id":50799,"date":"2024-04-02T00:38:07","date_gmt":"2024-04-01T22:38:07","guid":{"rendered":"https:\/\/www.infokuryr.cz\/n\/?p=50799"},"modified":"2024-04-01T17:44:47","modified_gmt":"2024-04-01T15:44:47","slug":"rusko-zve-taliban-na-forum","status":"publish","type":"post","link":"https:\/\/www.infokuryr.cz\/n\/2024\/04\/02\/rusko-zve-taliban-na-forum\/","title":{"rendered":"Rusko zve Taliban na f\u00f3rum"},"content":{"rendered":"<div id=\"fb-root\"><\/div>\n<p><span style=\"font-size: 18pt;\"><strong>O\u010dek\u00e1v\u00e1 se, \u017ee Afgh\u00e1nist\u00e1n se z\u00fa\u010dastn\u00ed ka\u017edoro\u010dn\u00ed akce v\u011bnovan\u00e9 hospod\u00e1\u0159sk\u00e9 spolupr\u00e1ci mezi Moskvou a isl\u00e1msk\u00fdm sv\u011btem<\/strong><\/span><\/p>\n<p><span>Podle zvl\u00e1\u0161tn\u00edho zmocn\u011bnce prezidenta Moskvy pro Afgh\u00e1nist\u00e1n byl T\u00e1lib\u00e1n pozv\u00e1n k \u00fa\u010dasti na nadch\u00e1zej\u00edc\u00edm ekonomick\u00e9m f\u00f3ru v Rusku. Zamir Kabulov v pond\u011bl\u00ed agentu\u0159e TASS potvrdil, \u017ee z\u00e1stupci Talibanu se akce pl\u00e1nuj\u00ed z\u00fa\u010dastnit.<\/span><\/p>\n<p><span>15. mezin\u00e1rodn\u00ed &#8218;Russia-Islamic World: KazanForum&#8216; se bude konat 14. a\u017e 19. kv\u011btna v Kazani, hlavn\u00edm m\u011bst\u011b Rusk\u00e9 republiky Tatarst\u00e1n. Jde o hlavn\u00ed platformu hospod\u00e1\u0159sk\u00e9 spolupr\u00e1ce mezi Moskvou a zem\u011bmi isl\u00e1msk\u00e9ho sv\u011bta, uv\u00e1d\u00ed web f\u00f3ra.<\/span><\/p>\n<p><span>Kabulov neuvedl \u017e\u00e1dn\u00e9 dal\u0161\u00ed podrobnosti, ale \u0159ekl, \u017ee spolupr\u00e1ce mezi Ruskem a vl\u00e1dou Talibanu v Afgh\u00e1nist\u00e1nu v boji proti mezin\u00e1rodn\u00edmu terorismu\u00a0<\/span><em><span>\u201eprob\u00edh\u00e1 pravideln\u011b\u201c.<\/span><\/em><\/p>\n<p><span>Nen\u00ed to poprv\u00e9, co byl T\u00e1lib\u00e1n pozv\u00e1n na kaza\u0148sk\u00e9 f\u00f3rum. Kabulov, kter\u00fd z\u00e1rove\u0148 p\u016fsob\u00ed jako \u0159editel druh\u00e9ho asijsk\u00e9ho odboru na rusk\u00e9m ministerstvu zahrani\u010d\u00ed, v\u0161ak loni up\u0159esnil, \u017ee \u00fa\u010dast Talibanu\u00a0<\/span><em><span>\u201eabsolutn\u011b neznamen\u00e1\u201c<\/span><\/em><span>\u00a0jeho uzn\u00e1n\u00ed Moskvou.<\/span><\/p>\n<p><span>P\u0159esto\u017ee Rusko form\u00e1ln\u011b neuznalo Taliban, kter\u00fd p\u0159evzal moc v K\u00e1bulu v roce 2021 b\u011bhem z\u00e1v\u011bre\u010dn\u00e9 f\u00e1ze stahov\u00e1n\u00ed americk\u00fdch jednotek, Moskva byla mezi prvn\u00edmi, kdo nav\u00e1zal kontakty a dohodl obchodn\u00ed dohody s novou vl\u00e1dou. Ani jedna zem\u011b ofici\u00e1ln\u011b neuzn\u00e1v\u00e1 vl\u00e1du Talibanu.<\/span><\/p>\n<p><span>Taliban se poprv\u00e9 dostal k moci v Afgh\u00e1nist\u00e1nu v 90. letech, ale byl svr\u017een v roce 2001 b\u011bhem invaze veden\u00e9 USA. Povst\u00e1n\u00ed T\u00e1lib\u00e1nu pokra\u010dovalo 20 let a vyvrcholilo pochodem na K\u00e1bul v srpnu 2021, b\u011bhem kter\u00e9ho byl mezin\u00e1rodn\u011b uzn\u00e1van\u00fd prezident A\u0161raf Ghan\u00ed nucen uprchnout ze zem\u011b.<\/span><\/p>\n<p><span>Po op\u011btovn\u00e9m p\u0159evzet\u00ed moci Taliban sl\u00edbil, \u017ee nedovol\u00ed \u017e\u00e1dnou diskriminaci \u017een. Skupina v\u0161ak brzy p\u0159ijala soubor na\u0159\u00edzen\u00ed omezuj\u00edc\u00edch \u00fa\u010dast \u017een ve ve\u0159ejn\u00e9m \u017eivot\u011b. Tento krok vyvolal kritiku ze strany OSN a mezin\u00e1rodn\u00edch organizac\u00ed pro lidsk\u00e1 pr\u00e1va.<\/span><\/p>\n<p><img decoding=\"async\" loading=\"lazy\" class=\"alignnone size-full wp-image-1185\" src=\"http:\/\/www.infokuryr.cz\/n\/wp-content\/uploads\/2021\/04\/kuryr-podpis.png\" alt=\"\" width=\"84\" height=\"24\" \/><\/p>\n<p>&nbsp;<\/p>\n","protected":false},"excerpt":{"rendered":"<p>O\u010dek\u00e1v\u00e1 se, \u017ee Afgh\u00e1nist\u00e1n se z\u00fa\u010dastn\u00ed ka\u017edoro\u010dn\u00ed akce v\u011bnovan\u00e9 hospod\u00e1\u0159sk\u00e9 spolupr\u00e1ci mezi Moskvou a isl\u00e1msk\u00fdm&#8230;<\/p>\n","protected":false},"author":2,"featured_media":3253,"comment_status":"closed","ping_status":"closed","sticky":false,"template":"","format":"standard","meta":[],"categories":[7],"tags":[1060,22,227],"_links":{"self":[{"href":"https:\/\/www.infokuryr.cz\/n\/wp-json\/wp\/v2\/posts\/50799"}],"collection":[{"href":"https:\/\/www.infokuryr.cz\/n\/wp-json\/wp\/v2\/posts"}],"about":[{"href":"https:\/\/www.infokuryr.cz\/n\/wp-json\/wp\/v2\/types\/post"}],"author":[{"embeddable":true,"href":"https:\/\/www.infokuryr.cz\/n\/wp-json\/wp\/v2\/users\/2"}],"replies":[{"embeddable":true,"href":"https:\/\/www.infokuryr.cz\/n\/wp-json\/wp\/v2\/comments?post=50799"}],"version-history":[{"count":0,"href":"https:\/\/www.infokuryr.cz\/n\/wp-json\/wp\/v2\/posts\/50799\/revisions"}],"wp:featuredmedia":[{"embeddable":true,"href":"https:\/\/www.infokuryr.cz\/n\/wp-json\/wp\/v2\/media\/3253"}],"wp:attachment":[{"href":"https:\/\/www.infokuryr.cz\/n\/wp-json\/wp\/v2\/media?parent=50799"}],"wp:term":[{"taxonomy":"category","embeddable":true,"href":"https:\/\/www.infokuryr.cz\/n\/wp-json\/wp\/v2\/categories?post=50799"},{"taxonomy":"post_tag","embeddable":true,"href":"https:\/\/www.infokuryr.cz\/n\/wp-json\/wp\/v2\/tags?post=50799"}],"curies":[{"name":"wp","href":"https:\/\/api.w.org\/{rel}","templated":true}]}}