{"id":50762,"date":"2024-04-01T10:38:14","date_gmt":"2024-04-01T08:38:14","guid":{"rendered":"https:\/\/www.infokuryr.cz\/n\/?p=50762"},"modified":"2024-04-01T10:38:14","modified_gmt":"2024-04-01T08:38:14","slug":"jindrich-kulhavy-bis-nadeluje","status":"publish","type":"post","link":"https:\/\/www.infokuryr.cz\/n\/2024\/04\/01\/jindrich-kulhavy-bis-nadeluje\/","title":{"rendered":"Jind\u0159ich Kulhav\u00fd: BIS nad\u011bluje"},"content":{"rendered":"<div id=\"fb-root\"><\/div>\n<p><span class=\"anotation\">M\u00e1me tu Velikonoce a jejich atmosf\u00e9ra je tak trochu nevesel\u00e1. P\u0159esto\u017ee je teplo, z\u00a0nebe pad\u00e1 cosi, co n\u00e1m m\u00e9dia pod\u00e1vaj\u00ed jako saharsk\u00fd p\u00edsek. Pokud je to d\u00e1rek z Afriky, pak by m\u011bl zas\u00e1hnout i st\u00e1ty ji\u017en\u011b od n\u00e1s. Pt\u00e1me se tedy, zda li dostali Italov\u00e9 a Raku\u0161an\u00e9 stejnou d\u00e1vku, nebo to prost\u011b spadlo jen u n\u00e1s. Nechceme spekulovat, jen n\u00e1s to zaj\u00edm\u00e1.<\/span><\/p>\n<div id=\"pagetext\">\n<p>\u00a0 Samotn\u00e9 Velikonoce ztr\u00e1c\u00ed trochu na v\u00fdznamu. Ve velk\u00fdch m\u011bstech dlouhodob\u011b zanikaj\u00ed star\u00e9 tradice, dr\u017e\u00ed se p\u0159edev\u0161\u00edm na venkov\u011b. Emancipovan\u00e9 pipiny (omlouv\u00e1me se za ten v\u00fdraz) vn\u00edmaj\u00ed koledu spojenou s\u00a0vy\u0161up\u00e1n\u00edm jako n\u00e1sil\u00ed a tradici za ,,ujetou\u201c, p\u0159i\u010dem\u017e sv\u00fdm p\u0159\u00edstupem k\u00a0n\u00ed ukazuj\u00ed jak neznalost historie koled, tak i ztr\u00e1tu smyslu pro humor. Nikdo nechce \u017eeny ml\u00e1tit, trestat \u010di jim ubli\u017eovat, pokud to n\u011bkdo d\u011bl\u00e1, je hloup\u00fd. Ale symbolick\u00e9 podr\u00e1\u017ed\u011bn\u00ed kr\u00e1sn\u00e9ho pozad\u00ed \u010derstv\u011b upletenou poml\u00e1zkou nikomu fyzicky neu\u0161kod\u00ed, z\u00e1rove\u0148 se u toho d\u00e1 zasm\u00e1t a v\u00a0podstat\u011b jde i o jist\u00e9 soci\u00e1ln\u00ed vazby, kter\u00e9 mohou lid\u00e9 jinak uzav\u0159en\u00ed za dve\u0159mi sv\u00fdch obydl\u00ed navazovat. Ch\u00e1peme, \u017ee ka\u017ed\u00fd vn\u00edm\u00e1 Velikonoce jinak, sou\u010dasn\u00e1 doba je pln\u00e1 p\u0159ekotn\u00fdch zm\u011bn a jejich ob\u011bt\u00ed nejsou jen tradi\u010dn\u00ed sv\u00e1tky udr\u017eovan\u00e9 po stalet\u00ed, ale je \u0161koda, \u017ee star\u0161\u00ed generace neposkytuje t\u00e9 mlad\u0161\u00ed v\u00edce informac\u00ed o historii r\u016fzn\u00fdch oslav a v\u00fdznamu tradic. Jist\u011b, mlad\u00ed se bez koledov\u00e1n\u00ed obejdou, \u017eivot jim to nezm\u011bn\u00ed a v\u00a0podstat\u011b jim jde jen o prodlou\u017een\u00fd v\u00edkend. Jen\u017ee takto dopadaj\u00ed v\u0161echny ostatn\u00ed tradice a n\u00e1rody t\u00edm ztr\u00e1c\u00ed svou v\u00fdjime\u010dnost, minulost a identitu. A o to p\u0159eci jde.<\/p>\n<p>Aby n\u00e1m to v\u0161e nebylo l\u00edto, dostali jsme v\u00fdznamn\u00fd d\u00e1rek. T\u00edm je odhalen\u00ed prorusk\u00e9ho spiknut\u00ed zve\u0159ejn\u011bn\u00e9 Fialou a Koudelkou. Po n\u00e1v\u0161t\u011bv\u011b s\u00eddla BIS v\u00a0Kobylis\u00edch Petrem Pavlem a v\u00fdznamn\u00fdm pracovn\u00edkem CIA \u00a0byla uvoln\u011bna informace o z\u00e1\u0161kodnick\u00e9 \u010dinnosti Kremlu a jeho \u00fadajn\u00fdch ukrajinsk\u00fdch poskok\u016f, kte\u0159\u00ed se medi\u00e1ln\u011b i neve\u0159ejn\u011b pokusili ovlivnit volby v\u00a0zem\u00edch EU a prorusk\u00fdmi narativy p\u016fsobili i na \u010desk\u00e9 ob\u010dany. Bohu\u017eel nikdo nebyl p\u0159ichycen p\u0159i p\u0159ed\u00e1n\u00ed finan\u010dn\u00edch odm\u011bn, tak\u017ee nep\u016fjde sed\u011bt a jedin\u00fdm v\u00fdsledkem je zabaven\u00ed soukrom\u00e9ho majetku cizince (Ukrajince) pracuj\u00edc\u00edho \u00fadajn\u011b pro Kreml. Jako fakt? To m\u00e1 b\u00fdt d\u016fkaz o diverzn\u00ed akci moskevsk\u00fdch troll\u016f p\u0159inesen\u00fd pln\u00fdm bar\u00e1kem n\u00e1mi placen\u00fdch tajn\u00fdch agent\u016f? Kone\u010dn\u011b n\u00e1m do\u0161lo, pro\u010d Koudelkovi odm\u00edtal d\u00e1t Zeman gener\u00e1lskou hodnost a o BIS hovo\u0159il jako o \u010du\u010dka\u0159\u00edch. Netvrd\u00edme, \u017ee je BIS \u00fapln\u011b nepot\u0159ebn\u00e1, nap\u0159\u00edklad americk\u00fdch spolupracovn\u00edk\u016f CIA se u n\u00e1s pohybuje dost a ovliv\u0148uj\u00ed d\u011bn\u00ed u n\u00e1s a\u017e a\u017e, dokonce na nejvy\u0161\u0161\u00edch m\u00edstech. \u00a0Jen jej\u00ed zaujet\u00ed pro ochranu n\u00e1roda p\u0159ed Ruskem m\u00e1 n\u00e1dech schizofrenie a snaha naj\u00edt jejich tajn\u00e9 agenty za ka\u017edou cenu je sm\u011b\u0161n\u00e1. D\u016fkazem toho je blam\u00e1\u017e kolem Vrb\u011btic \u010di pr\u00e1v\u011b identifikace ,,prorusk\u00fdch\u201c server\u016f. P\u0159ipom\u00edn\u00e1 to n\u00e1lez pas\u016f terorist\u016f \u00fadajn\u011b pilotuj\u00edc\u00edch unesen\u00e1 letadla v\u00a0trosk\u00e1ch Dvoj\u010dat. To cel\u00e9 musel tak\u00e9 vymyslet skute\u010dn\u00fd idiot. O t\u0159et\u00ed spadl\u00e9 budov\u011b u\u017e rad\u0161i poml\u010d\u00edme.<\/p>\n<p><img decoding=\"async\" loading=\"lazy\" class=\"alignnone  wp-image-40285 aligncenter\" src=\"http:\/\/www.infokuryr.cz\/n\/wp-content\/uploads\/2023\/11\/11pro-300x79.png\" alt=\"\" width=\"691\" height=\"182\" srcset=\"https:\/\/www.infokuryr.cz\/n\/wp-content\/uploads\/2023\/11\/11pro-300x79.png 300w, https:\/\/www.infokuryr.cz\/n\/wp-content\/uploads\/2023\/11\/11pro.png 363w\" sizes=\"(max-width: 691px) 100vw, 691px\" \/><\/p>\n<p><span style=\"font-size: 18pt;\"><strong>\u00a0 Za prorusk\u00e9ho agenta je ozna\u010dov\u00e1n ka\u017ed\u00fd, kdo \u2026.<\/strong><\/span><\/p>\n<ol>\n<li>\u2026.je euroskeptikem a nem\u00e1 r\u00e1d EU, Leyenovou, Europarlament, Evropskou komisi a cel\u00fd ten bruselsk\u00fd anc\u00e1bl mlaskaj\u00edc\u00ed u koryta<\/li>\n<li>\u2026.nepodporuje Ukrajinu a nesn\u00e1\u0161\u00ed zkorumpovan\u00e9ho Zelensk\u00e9ho, odm\u00edt\u00e1 se pod\u00edlet na z\u00e1chran\u011b americk\u00fdch investic a pos\u00edlat pen\u00edze na zbran\u011b a dal\u0161\u00ed zab\u00edjen\u00ed<\/li>\n<li>\u2026.upozor\u0148uje na historii d\u011bn\u00ed na v\u00fdchodu Ukrajiny a vysv\u011btluje t\u00edm opr\u00e1vn\u011bnost rusk\u00e9 speci\u00e1ln\u00ed vojensk\u00e9 operace<\/li>\n<li>\u2026.nem\u00e1 na sob\u011b, sv\u00e9m autu, domu \u010di v\u00a0pr\u00e1ci ani jeden ukrajinsk\u00fd symbol<\/li>\n<li>\u2026.pova\u017euje NATO za \u00fato\u010dn\u00fd pakt ovl\u00e1dan\u00fd a zneu\u017e\u00edvan\u00fd USA<\/li>\n<li>\u2026.odm\u00edt\u00e1 i jen hovo\u0159it o mobilizaci a pot\u0159eb\u011b vyvolat v\u00e1lku s\u00a0Ruskem<\/li>\n<li>\u2026.upozor\u0148uje na nev\u00fdhodnost ve\u0161ker\u00fdch sankc\u00ed v\u016f\u010di Moskv\u011b a hovo\u0159\u00ed o propadu Z\u00e1padu do \u017eumpy<\/li>\n<li>\u2026.nen\u00ed o\u010dkovan\u00fd proti covidu a odm\u00edt\u00e1 se pod\u0159\u00eddit pl\u00e1n\u016fm WHO<\/li>\n<li>\u2026.odm\u00edt\u00e1 Green Deal a celou komedii kolem n\u011bj v\u010detn\u011b dvou svetr\u016f dle n\u00e1vodu Pekarov\u00e9<\/li>\n<li>\u2026.je vlastenec a pamatuje si na historick\u00e1 \u00a0p\u0159\u00edko\u0159\u00ed ze strany Germ\u00e1n\u016f, Anglosas\u016f, nav\u00edc p\u0159ipom\u00edn\u00e1 z\u00e1sluhy Rud\u00e9 arm\u00e1dy na osvobozen\u00ed \u010ceskoslovenska od n\u011bmeck\u00fdch nacist\u016f<\/li>\n<li>\u2026.nepop\u00edr\u00e1 zlo\u010dinnost Bandery a jeho tlupy za 2.sv\u011btov\u00e9 v\u00e1lky<\/li>\n<li>\u2026.dovol\u00ed si kritizovat liber\u00e1ly, Fialu, vl\u00e1du, mainstreamov\u00e1 m\u00e9dia a celou tu bandu lump\u016f vedouc\u00edch n\u00e1\u0161 st\u00e1t do dluhov\u00e9 pasti, do p\u0159edem prohran\u00e9 v\u00e1lky, do energetick\u00e9 krize<\/li>\n<li>\u00a8\u2026.vzn\u00e1\u0161\u00ed odpor k\u00a0neust\u00e1l\u00e9mu om\u00edl\u00e1n\u00ed pot\u0159eby pat\u0159it k\u00a0rychle um\u00edraj\u00edc\u00edmu Z\u00e1padu<\/li>\n<li>\u2026.odm\u00edt\u00e1 euro<\/li>\n<li>\u2026.kdo m\u00e1 radost z\u00a0toho, \u017ee byl V.Putin zvolen op\u011bt rusk\u00fdm prezidentem a je tak zachov\u00e1na rovnov\u00e1ha mezi Z\u00e1padem a zbytkem sv\u011bta<\/li>\n<\/ol>\n<p>Dalo by se je\u0161t\u011b pokra\u010dovat a dle v\u00fd\u0161e uveden\u00e9ho je i inadhled prorusk\u00fdm serverem placen\u00fdm Moskvou. Dosud jsme v\u0161ak nedostali ani kop\u011bjku, nikdo n\u00e1s nepozval na raut ani do Kremlu, ale ani na rusk\u00e9 velvyslanectv\u00ed v\u00a0Praze, dokonce n\u00e1s nikdo ani neoslovil \u010di ve\u0159ejn\u011b nepochv\u00e1lil. Dovolujeme si m\u00edt na absolutn\u00ed v\u011bt\u0161inu sou\u010dasn\u00fdch ud\u00e1lost\u00ed sv\u016fj n\u00e1zor, kter\u00fd ve\u0159ejn\u011b prezentujeme. Nen\u00ed pravda, \u017ee nesn\u00e1\u0161\u00edme Ukrajince, naopak jsme s\u00a0nimi denn\u011b ve styku. Ale nebudeme kv\u016fli tomu zavrhovat rusk\u00e9 p\u0159\u00e1tele. A ani \u017e\u00e1dn\u00e9 jin\u00e9, posuzujeme lidi dle vlastnost\u00ed a charakteru, nikoliv dle n\u00e1rodnosti. Jist\u00e9 v\u0161ak je, \u017ee zlo poch\u00e1z\u00ed p\u0159edev\u0161\u00edm z\u00a0USA, u n\u00e1s pak ze Strakovky. A kdybychom p\u0159estali vych\u00e1zet, tak n\u00e1s BIS kone\u010dn\u011b odhalila. Ale i tak z\u016fstaneme takov\u00ed, jak\u00e9 n\u00e1s zn\u00e1te.<\/p>\n<p>I p\u0159es lehce depresivn\u00ed text p\u0159ejeme kr\u00e1sn\u00e9 Velikono\u010dn\u00ed pond\u011bl\u00ed.<\/p>\n<p><a href=\"https:\/\/www.inadhled.live\/zajimavosti\/bis-nadeluje\/\">Jind\u0159ich Kulhav\u00fd<\/a><\/p>\n<p><img decoding=\"async\" loading=\"lazy\" class=\"alignnone size-full wp-image-48136\" src=\"http:\/\/www.infokuryr.cz\/n\/wp-content\/uploads\/2024\/02\/kulhavy-jindrich.jpg\" alt=\"\" width=\"219\" height=\"221\" srcset=\"https:\/\/www.infokuryr.cz\/n\/wp-content\/uploads\/2024\/02\/kulhavy-jindrich.jpg 219w, https:\/\/www.infokuryr.cz\/n\/wp-content\/uploads\/2024\/02\/kulhavy-jindrich-150x150.jpg 150w\" sizes=\"(max-width: 219px) 100vw, 219px\" \/><\/p>\n<p>&nbsp;<\/p>\n<\/div>\n","protected":false},"excerpt":{"rendered":"<p>M\u00e1me tu Velikonoce a jejich atmosf\u00e9ra je tak trochu nevesel\u00e1. P\u0159esto\u017ee je teplo, z\u00a0nebe pad\u00e1&#8230;<\/p>\n","protected":false},"author":2,"featured_media":50763,"comment_status":"closed","ping_status":"closed","sticky":false,"template":"","format":"standard","meta":[],"categories":[6],"tags":[2462,146,1503,48],"_links":{"self":[{"href":"https:\/\/www.infokuryr.cz\/n\/wp-json\/wp\/v2\/posts\/50762"}],"collection":[{"href":"https:\/\/www.infokuryr.cz\/n\/wp-json\/wp\/v2\/posts"}],"about":[{"href":"https:\/\/www.infokuryr.cz\/n\/wp-json\/wp\/v2\/types\/post"}],"author":[{"embeddable":true,"href":"https:\/\/www.infokuryr.cz\/n\/wp-json\/wp\/v2\/users\/2"}],"replies":[{"embeddable":true,"href":"https:\/\/www.infokuryr.cz\/n\/wp-json\/wp\/v2\/comments?post=50762"}],"version-history":[{"count":0,"href":"https:\/\/www.infokuryr.cz\/n\/wp-json\/wp\/v2\/posts\/50762\/revisions"}],"wp:featuredmedia":[{"embeddable":true,"href":"https:\/\/www.infokuryr.cz\/n\/wp-json\/wp\/v2\/media\/50763"}],"wp:attachment":[{"href":"https:\/\/www.infokuryr.cz\/n\/wp-json\/wp\/v2\/media?parent=50762"}],"wp:term":[{"taxonomy":"category","embeddable":true,"href":"https:\/\/www.infokuryr.cz\/n\/wp-json\/wp\/v2\/categories?post=50762"},{"taxonomy":"post_tag","embeddable":true,"href":"https:\/\/www.infokuryr.cz\/n\/wp-json\/wp\/v2\/tags?post=50762"}],"curies":[{"name":"wp","href":"https:\/\/api.w.org\/{rel}","templated":true}]}}