{"id":50755,"date":"2024-04-01T06:30:04","date_gmt":"2024-04-01T04:30:04","guid":{"rendered":"https:\/\/www.infokuryr.cz\/n\/?p=50755"},"modified":"2024-04-01T07:05:39","modified_gmt":"2024-04-01T05:05:39","slug":"michael-svatos-italove-dostali-z-bruselu-dalsi-stedrou-dotaci-na-zachranu-dalsi-krachujici-ocelarny-proc-fiala-nic-nevyzebra","status":"publish","type":"post","link":"https:\/\/www.infokuryr.cz\/n\/2024\/04\/01\/michael-svatos-italove-dostali-z-bruselu-dalsi-stedrou-dotaci-na-zachranu-dalsi-krachujici-ocelarny-proc-fiala-nic-nevyzebra\/","title":{"rendered":"Michael Svato\u0161: Italov\u00e9 dostali z Bruselu dal\u0161\u00ed \u0161t\u011bdrou dotaci na z\u00e1chranu dal\u0161\u00ed krachuj\u00edc\u00ed ocel\u00e1rny! Pro\u010d Fiala nic nevy\u017eebr\u00e1&#8230;"},"content":{"rendered":"<div id=\"fb-root\"><\/div>\n<p><span style=\"font-size: 18pt; color: #993366;\"><strong>Italov\u00e9 dostali z Bruselu dal\u0161\u00ed \u0161t\u011bdrou dotaci na z\u00e1chranu dal\u0161\u00ed krachuj\u00edc\u00ed ocel\u00e1rny! Pro\u010d Fiala nic nevy\u017eebr\u00e1 pro \u010desk\u00e9 ocel\u00e1\u0159e? A pro\u010d prezident Argentiny Milei vyfouknul Kyjevu p\u0159ed nosem 24 st\u00edha\u010dek F-16?<\/strong><\/span><\/p>\n<p>Motto o povaze Total Control: \u201cKdy\u017e chcete absolutn\u00ed bezpe\u010d\u00ed, b\u011b\u017ete do v\u011bzen\u00ed. Tam dostanete j\u00eddlo, postel i l\u00e9ka\u0159skou p\u00e9\u010di, a jedin\u00e9, co v\u00e1m bude chyb\u011bt, bude svoboda\u201d. Dwight Eisenhower, 34. prezident USA, Galveston, Texas 1949. (<a href=\"https:\/\/www.snopes.com\/fact-check\/eisenhower-security-prison\/\">Zdroj a pln\u00fd text<\/a>) \u201cZoufale pot\u0159ebujeme zv\u00fd\u0161it odolnost na\u0161\u00ed spole\u010dnosti proti dezinformac\u00edm\u201d. Bruselsk\u00e1 komisa\u0159ka V\u011bra Jourov\u00e1, Atlantic Council, 26. b\u0159ezen 2024. (<a href=\"https:\/\/twitter.com\/AtlanticCouncil\/status\/1772702182413889901?ref_src=twsrc%5Etfw%7Ctwcamp%5Etweetembed%7Ctwterm%5E1773705644723638620%7Ctwgr%5Ea14b44645f655265f814407a5aff0fd2372204fd%7Ctwcon%5Es3_&amp;ref_url=https%3A%2F%2Fwww.parlamentnilisty.cz%2Farena%2Fmonitor%2FTen-web-kdo-ho-znal-Novinar-ukazal-na-Jourovou-Spini-nepratele-753095\">Zdroj a pln\u00fd text<\/a>)<\/p>\n<p>Argentinsk\u00fd prezident Javier Milei p\u0159ed p\u00e1r dny zah\u00e1jil, jak p\u0159ed volbami sl\u00edbil, drastick\u00e9 sni\u017eov\u00e1n\u00ed po\u010dt\u016f st\u00e1tem placen\u00fdch byrokrat\u016f, novin\u00e1\u0159\u016f, a dal\u0161\u00edch kontrolor\u016f bezpe\u010dn\u00e9ho obsahu soci\u00e1ln\u00edch s\u00edt\u00ed a \u0159\u00e1sn\u00e9ho chov\u00e1n\u00ed ob\u010dan\u016f. 22 000 ou\u0159ad\u016f ihned propustil, a celkem 70 000 hodl\u00e1 vyrazit do konce roku.<\/p>\n<p>Argentina p\u0159ed \u0159\u00e1d\u011bn\u00edm Milei \u017eivila (<a href=\"https:\/\/www.indec.gob.ar\/ftp\/cuadros\/economia\/dotacion_personal_apn_03_24.pdf\">viz strana 4<\/a>) 341 477 ve\u0159ejn\u00fdch zam\u011bstnanc\u016f\u00a0<a href=\"https:\/\/es.wikipedia.org\/wiki\/Argentina\">p\u0159i v\u0161\u00ed populaci 46 milion\u016f<\/a>. Fialov\u00e9 \u010cesko nyn\u00ed \u017eiv\u00ed\u00a0<a href=\"https:\/\/www.e15.cz\/domaci\/stat-plati-427-tisic-lidi-kazdy-paty-zamestnanec-dela-ve-verejnem-sektoru-1096135\">427 000 ve\u0159ejn\u00fdch ou\u0159ad\u016f p\u0159i populaci 11 milion\u016f<\/a>. Ob\u011b ekonomiky se propadaj\u00ed a zadlu\u017euj\u00ed, a lid\u00e9 chudnou. Zat\u00edmco Fiala p\u0159ed volbami sliboval, \u017ee si na zbyte\u010dn\u00e9 \u00fa\u0159edn\u00edky posv\u00edt\u00ed, aby st\u00e1t u\u0161et\u0159il, jakmile byl zvolen, pl\u00e1cnul si s Pir\u00e1ty a Raku\u0161any, a za\u010dal dal\u0161\u00ed \u00fa\u0159edn\u00edky a kontrolory nab\u00edrat.<\/p>\n<p>V Argentin\u011b Milei osek\u00e1v\u00e1, jak sl\u00edbil, v\u0161echny p\u0159ebyte\u010dn\u00e9 st\u00e1tn\u00ed pijavice. Z\u00a0<a href=\"https:\/\/www.argentina.gob.ar\/capital-humano\">Ministerstva pr\u00e1ce a soci\u00e1ln\u00edch v\u011bc\u00ed<\/a>, a jeho pod\u0159\u00edzen\u00fdch st\u00e1tn\u00edch agentur pro tzv.\u00a0<em>Nov\u00e9 Gendery<\/em>,\u00a0<em>Novou v\u00fdchovu<\/em>, a\u00a0<em>Multikulturu<\/em>, u\u017e bylo propu\u0161t\u011bno 3 600 p\u0159ebyte\u010dn\u00fdch ou\u0159ad\u016f. Ze\u0161t\u00edhlen\u00e9 ministerstvo kupodivu za\u010dalo pracovat efektivn\u011bji, a d\u00e1vky soci\u00e1ln\u00ed pomoci nejchud\u0161\u00edm ob\u010dan\u016fm se zv\u00fd\u0161ily, (<a href=\"https:\/\/www.argentina.gob.ar\/noticias\/desde-marzo-aumentan-las-asignaciones-0\">p\u0159\u00edsp\u011bvek pro d\u011bti + 27%<\/a>), a jejich distribuce zrychlila.<\/p>\n<p>Proti t\u00e9to reduk\u010dn\u00ed politice prezidenta Milei okam\u017eit\u011b vyrazili do boje hlavn\u011b tzv. ve\u0159ejn\u00ed novin\u00e1\u0159i a ou\u0159adov\u00e9 kulturn\u00ed fronty. Milei jim toti\u017e vyrazil po krku, a za\u010dal ru\u0161it v\u0161echny jejich obskurn\u00ed kancel\u00e1\u0159e \u2013 t\u0159eba:\u00a0<a href=\"https:\/\/www.argentina.gob.ar\/jefatura\/pautaoficial\/preguntasfrecuentes#3\">Ministersk\u00fd \u00fa\u0159ad pro ofici\u00e1ln\u00ed pokyny, kontrolu spr\u00e1vn\u00e9ho obsahu soci\u00e1ln\u00edch s\u00edt\u00ed, a kontrolu bezplatn\u00e9 reklamy<\/a>.\u00a0\u2013 Nebo obskurn\u00ed zam\u011bstn\u00e1n\u00ed \u2013 t\u0159eba: St\u00e1tn\u00ed agenti pro testov\u00e1n\u00ed \u0159idi\u010d\u016f na alkohol a rychlost! Pozor nejde o policisty, ale o \u00fa\u0159edn\u00edky, kte\u0159\u00ed se \u017eivili hlavn\u011b t\u00edm, \u017ee na p\u0159edem vytipovan\u00fdch v\u00fd\u017eivn\u00fdch m\u00edstech rozmis\u0165ovali radary, a pak vyb\u00edrali pokuty. Tuto vyhl\u00e1\u0161enou nekalou \u017eivnost n\u011bkolika \u010desk\u00fdch m\u011bst a obc\u00ed v Argentin\u011b toti\u017e p\u0159edchoz\u00ed vl\u00e1dy pov\u00fd\u0161ily na celost\u00e1tn\u00ed organizovanou \u00farove\u0148. Propu\u0161t\u011bn\u00ed agenti byli do ruda rozp\u00e1len\u00ed, \u017ee Milei ukon\u010dil jejich kontrakty t\u011bsn\u011b p\u0159ed st\u00e1tn\u00edm sv\u00e1tkem, prodlou\u017een\u00fdm 6ti denn\u00edm v\u00edkendem, kdy tradi\u010dn\u011b vyr\u00e1\u017eej\u00ed na hromadn\u00e9 p\u0159epadovky po cel\u00e9 zemi, a maj\u00ed \u017en\u011b, a vysok\u00e9 \u201cvedlej\u0161\u00ed p\u0159\u00edjmy\u201d!<\/p>\n<p>Proti politice Milei u\u017e povstala do boje\u00a0<a href=\"https:\/\/www.facebook.com\/ATEnacional\/\">odborov\u00e1 centr\u00e1la st\u00e1tn\u00edch \u00fa\u0159edn\u00edk\u016f ATE<\/a>. Jej\u00ed \u010dlenov\u00e9 \u2013 propu\u0161t\u011bn\u00ed \u00fa\u0159edn\u00edci ministerstva pro Lidsk\u00e1 pr\u00e1va a ve\u0159ejn\u00ed novin\u00e1\u0159i \u2013 se pokusili n\u00e1sil\u00edm obsadit budovu ministerstva a vpadnou do kancel\u00e1\u0159e tajemn\u00edka Alberta Ba\u00f1ose, kter\u00fd byl podle nich zodpov\u011bdn\u00fd za vyd\u00e1v\u00e1n\u00ed v\u00fdpov\u011bd\u00ed. Str\u00e1\u017eci tajemn\u00edka dokonce hrozily, \u017ee proti propu\u0161t\u011bn\u00fdm \u00fa\u0159edn\u00edk\u016fm vyt\u00e1hnou st\u0159eln\u00e9 zbran\u011b, aby jejich n\u00e1por po schodech do prvn\u00edho patra ministerstva zastavili. (<a href=\"https:\/\/redaccionrosario.com\/2024\/03\/27\/amenaza-con-arma-de-fuego-en-medio-de-una-protesta-de-estatales\/\">Video ze schod\u016f<\/a>).<\/p>\n<p>Milei se zam\u011b\u0159uje zat\u00edm hlavn\u011b na p\u0159emno\u017een\u00e9 ve\u0159ejn\u00e9 novin\u00e1\u0159e. Jen ve ve\u0159ejn\u00e9m\u00a0<a href=\"https:\/\/www.radionacional.com.ar\/el-gobierno-confirmo-que-dara-de-baja-15-mil-contratos-en-estado\/\">Radio Nacional<\/a>, obdoba \u010cRo, u\u017e vyh\u00e1zel 500 zbyte\u010dn\u00fdch propagandist\u016f, a zru\u0161il jejich funkce. Z vyj\u00e1d\u0159en\u00ed nespokojen\u00e9 producentky radia Michaely Pollack vypl\u00fdv\u00e1, \u017ee r\u00e1dio ji\u017e bude vys\u00edlat pouze hudbu a z\u00e1kladn\u00ed zpravodajstv\u00ed, kde\u017eto v\u0161echny \u201ctak spole\u010densky prosp\u011b\u0161n\u00e9 po\u0159ady\u201d budou zru\u0161eny, a r\u00e1dio p\u0159estane vykon\u00e1vat \u201ctak d\u016fle\u017eit\u00e9 soci\u00e1ln\u00ed funkce\u201d. St\u00e1tn\u00ed novin\u00e1\u0159i jsou nyn\u00ed v Argentin\u011b vzteky bez sebe, proto\u017ee jsou vyhazov\u00e1ni bez rozd\u00edlu, jestli byli do sv\u00fdch propaganda funkc\u00ed dosazeni za vl\u00e1d liber\u00e1ln\u00edch \u201c<a href=\"https:\/\/es.wikipedia.org\/wiki\/Macrismo\">US-Macrist\u016f<\/a>\u201c, (2015-19), sou\u010dasn\u00fdch vl\u00e1dn\u00edch spojenc\u016f Milei, nebo za vl\u00e1dy pro-rusko-\u010d\u00ednsk\u00fdch \u201c<a href=\"https:\/\/es.wikipedia.org\/wiki\/Kirchnerismo\">BRICS -Kirschnerist\u016f<\/a>\u201c, naposledy v letech (2020-2023). Je\u0161t\u011b tvrd\u011bji Milei likviduje televizn\u00ed propagandisty \u2013\u00a0<a href=\"https:\/\/es.wikipedia.org\/wiki\/Televisi%C3%B3n_P%C3%BAblica_(Argentina)\">ve\u0161kerou ve\u0159ejnou televizi<\/a>\u00a0v Argentin\u011b privatizuje bez n\u00e1hrady! Zru\u0161il bez n\u00e1hrady tak\u00e9 celou n\u00e1rodn\u00ed tiskovou\u00a0<a href=\"https:\/\/en.wikipedia.org\/wiki\/T%C3%A9lam\">Agenturu T\u00e9lam<\/a>, obdobu \u010desk\u00e9 \u010cTK, a propustil na hodinu v\u0161ech jej\u00edch 770 ve\u0159ejn\u00fdch st\u00e1tem placen\u00fdch novin\u00e1\u0159\u016f.\u00a0<a href=\"https:\/\/www.bbc.com\/mundo\/articles\/cerw93vj7v8o\">Ti jen loni st\u00e1li Argentinu p\u0159es 500 milion\u016f CZK<\/a>. Podle Milei cel\u00e1 agentura T\u00e9lam slou\u017eila jen k ob\u017eiv\u011b t\u011bch novin\u00e1\u0159\u016f, kte\u0159\u00ed se nedok\u00e1zali u\u017eivit vlastn\u00ed prac\u00ed, a tak se rad\u011bji nechali politiky dosadit do ve\u0159ejn\u00fdch prebend, a z nich potom sv\u00e9 chlebod\u00e1rce bez p\u0159est\u00e1n\u00ed bezmezn\u011b vychvalovali. (Pozn\u00e1mka: \u010cTK nefinancuje st\u00e1t, financuje se sama. \u0158\u00edd\u00edc\u00ed funkce v<a href=\"https:\/\/www.ctk.cz\/o_ctk\/rada_ctk\/\">\u00a0\u010cTK jsou ov\u0161em obsazov\u00e1ny na z\u00e1klad\u011b volby Poslaneck\u00e9 sn\u011bmovny \u010cR<\/a>.)<\/p>\n<p><a href=\"https:\/\/stranapro.cz\/\"><img decoding=\"async\" loading=\"lazy\" class=\"alignnone wp-image-40285 aligncenter\" src=\"http:\/\/www.infokuryr.cz\/n\/wp-content\/uploads\/2023\/11\/11pro-300x79.png\" alt=\"\" width=\"835\" height=\"220\" srcset=\"https:\/\/www.infokuryr.cz\/n\/wp-content\/uploads\/2023\/11\/11pro-300x79.png 300w, https:\/\/www.infokuryr.cz\/n\/wp-content\/uploads\/2023\/11\/11pro.png 363w\" sizes=\"(max-width: 835px) 100vw, 835px\" \/><\/a><\/p>\n<p>Zru\u0161en\u00edm podobn\u00e9ho po\u010dtu ve\u0159ejn\u00fdch prebend jako v Argentin\u011b, by st\u00e1t a pl\u00e1tci poplatk\u016f \u010cT a \u010cRo\u00a0<a href=\"https:\/\/www.e15.cz\/domaci\/stat-plati-427-tisic-lidi-kazdy-paty-zamestnanec-dela-ve-verejnem-sektoru-1096135\">u\u0161et\u0159ily okolo 50 miliard CZK ro\u010dn\u011b<\/a>. Pravideln\u00e9 rozpo\u010dtov\u00e9 schodky ve v\u00fd\u0161i 300 miliard CZK si \u010cR nem\u016f\u017ee dovolit, a dal\u0161\u00ed o\u0161kub\u00e1v\u00e1n\u00ed d\u016fchodc\u016f, rodin s d\u011btmi a zdravotn\u00edch a soci\u00e1ln\u00edch v\u00fddaj\u016f je u\u017e tak\u0159ka nemo\u017en\u00e9. Fiala ov\u0161em nem\u016f\u017ee zakro\u010dit proti vlastn\u00ed fialov\u00e9 voli\u010dsk\u00e9 z\u00e1kladn\u011b. Pokud \u010cR nechce opakovat osud Argentiny. Ta u\u017e je tak zdevastovan\u00e1 a zadlu\u017een\u00e1, \u017ee Milei likviduje i v\u011bdeck\u00fd v\u00fdzkum. Argentinsk\u00e1 Akademie v\u011bd \u2013\u00a0<a href=\"https:\/\/es.wikipedia.org\/wiki\/Consejo_Nacional_de_Investigaciones_Cient%C3%ADficas_y_T%C3%A9cnicas_(Argentina)\">CONICET<\/a>\u00a0\u2013 m\u00e1 b\u00fdt rozpu\u0161t\u011bna, a ve\u0161ker\u00fd v\u011bdeck\u00fd v\u00fdzkum p\u0159eveden pod soukrom\u00e9 firmy. 150 v\u011bdc\u016f u\u017e bylo propu\u0161t\u011bno, a kolem tis\u00edce doktorandsk\u00fdch stipendi\u00ed zru\u0161eny.\u00a0<a href=\"https:\/\/elpais.com\/argentina\/2024-03-16\/los-recortes-de-milei-golpean-tambien-el-cine-argentino.html\">Dal\u0161\u00ed na \u0159ad\u011b jsou filmov\u00ed um\u011blci<\/a>. Milei jim ru\u0161\u00ed ve\u0161ker\u00e9 dotace, proto\u017ee \u201cprodukuj\u00ed filmy, na kter\u00e9 se prod\u00e1v\u00e1 tak 6 vstupenek\u201d, a \u201cna svou byrokracii utr\u00e1cej\u00ed v\u00edce, ne\u017e utrat\u00ed za nat\u00e1\u010den\u00e9 filmy.\u201d Argentina m\u00e1 podle OECD 6t\u00fd nejvy\u0161\u0161\u00ed po\u010det st\u00e1tn\u00edch ou\u0159ad\u016f na sv\u011bt\u011b po Norsku, \u0160v\u00e9dsku, D\u00e1nsku, Islandu, Finsku a Francii. Probl\u00e9m pro \u010cR je, \u017ee cel\u00e1 \u0159ada argentinsk\u00fdch st\u00e1tn\u00edch zam\u011bstnanc\u016f \u2013 typicky televiz\u00ed, r\u00e1dia, kinematografie, v\u011bdy, a v\u00fdzkumu jsou v Argentin\u011b po\u010d\u00edt\u00e1ni za st\u00e1tn\u00ed zam\u011bstnance, kde\u017eto \u010cR je pova\u017euje za ve\u0159ejn\u00e9 zam\u011bstnance. \u010cR tak na prvn\u00ed pohled vypad\u00e1 se 66 000 st\u00e1tn\u00edmi \u00fa\u0159edn\u00edky dob\u0159e, le\u010d druh\u00fd pohled na 427 000 \u010desk\u00fdch ve\u0159ejn\u00fdch zam\u011bstnanc\u016f, z nich\u017e \u010d\u00e1st je vlastn\u011b maskovan\u00fdmi st\u00e1tn\u00edmi zam\u011bstnanci, ukazuje, jak statistiky st\u00e1tn\u00edch a ve\u0159ejn\u00fdch zam\u011bstnanc\u016f um\u00ed zkreslovat.<\/p>\n<p>Jak jsou na tom nyn\u00ed \u010cR i Argentina podobn\u011b je vid\u011bt ze srovn\u00e1n\u00ed ekonomick\u00fdch statistik \u2013 Propad v\u00fdstavby<a href=\"https:\/\/www.indec.gob.ar\/uploads\/informesdeprensa\/emae_03_24628F2CA7A0.pdf\">\u00a0byt\u016f v Argentin\u011b -16%<\/a>, Propad v\u00fdstavby\u00a0<a href=\"https:\/\/www.seznamzpravy.cz\/clanek\/ekonomika-byznys-reality-zachrance-ceskeho-stavebnictvi-na-ctyri-stat-248686\">byt\u016f v \u010cR -15%<\/a>! (Pozn\u00e1mka \u2013 pravd\u011bpodobn\u00fd pokles v\u00fdstavby byt\u016f v Argentin\u011b je jen 13.5%, maj\u00ed tam takov\u00fd bordel na ministerstvu obchodu, \u017ee nejsp\u00ed\u0161 zam\u011bnili v ofici\u00e1ln\u00ed lednov\u00e9 zpr\u00e1v\u011b kolonky Pesca \/ Rybolov a Construcci\u00f3n \/ Stavebnictv\u00ed \u2013\u00a0<a href=\"https:\/\/www.indec.gob.ar\/uploads\/informesdeprensa\/emae_03_24628F2CA7A0.pdf\">viz str. 10 slovn\u00ed ozna\u010den\u00ed + ikony<\/a>) Pokles pr\u016fmyslov\u00e9 produkce v Argentin\u011b 11.3% je varuj\u00edc\u00ed, t\u00edm sp\u00ed\u0161, \u017ee minul\u00fd t\u00fdden n\u011bmeck\u00e9 presti\u017en\u00ed ekonomick\u00e9 instituce shodn\u011b ozn\u00e1mily, \u017ee po poklesu 0.3% loni, letos poroste n\u011bmeck\u00e1 ekonomika jen tempem 0.1%. N\u00e1hl\u00e9\u00a0<a href=\"https:\/\/www.tagesschau.de\/wirtschaft\/fruehjahrsprognose-institute-100.html\">sn\u00ed\u017een\u00ed r\u016fstu z p\u016fvodn\u011b o\u010dek\u00e1van\u00fdch 1.3% na pouh\u00fdch 0.1 %,<\/a>\u00a0vyvolalo<a href=\"https:\/\/elpais.com\/economia\/2024-03-30\/la-paralisis-de-alemania-amenaza-la-economia-europea.html\">\u00a0strach v z\u00e1padn\u00edch metropol\u00edch<\/a>, je u\u017e prov\u00e1zeno masivn\u00edm zav\u00edr\u00e1n\u00edm cel\u00fdch\u00a0<a href=\"https:\/\/www.merkur.de\/wirtschaft\/mitarbeiter-betroffen-bekanntes-traditionsunternehmen-ist-insolvent-insolvenz-insolvenzantrag-92920960.html\">n\u011bmeck\u00fdch hut\u00ed<\/a>,\u00a0<a href=\"https:\/\/www.merkur.de\/wirtschaft\/betroffen-deutscher-konzern-will-standort-schliessen-mehr-als-100-mitarbeiter-zr-92919083.html\">dodavatel\u016f pro automobilky<\/a>,\u00a0<a href=\"https:\/\/www.merkur.de\/wirtschaft\/deutschen-immobilien-firma-beben-in-der-baubranche-insolvent-insolvenz-von-grosser-zr-92919410.html\">velk\u00fdch stavebn\u00edch firem<\/a>\u00a0, a\u00a0<a href=\"https:\/\/www.merkur.de\/wirtschaft\/400-arbeitsplaetze-fallen-weg-meyer-burger-steht-vor-dem-aus-zr-92919853.html\">hlavn\u011b firem na sol\u00e1rn\u00ed panely<\/a>.<\/p>\n<p>Jak tragick\u00e1 je \u010desk\u00e1 Fialova politika v\u016f\u010di \u010desk\u00e9mu pr\u016fmyslu je op\u011bt kr\u00e1sn\u011b vid\u011bt na dal\u0161\u00edm p\u0159\u00edkladu jak It\u00e1lie um\u00ed pomoc\u00ed bruselsk\u00fdch dotac\u00ed chyt\u0159e p\u0159estavovat sv\u00e9 star\u00e9 hut\u011b na modern\u00ed provozy.\u00a0<a href=\"https:\/\/www.merkur.de\/wirtschaft\/grosswaermepumpen-schluessel-zur-energiewende-nachhaltig-brescia-turboden-ori-martin-zr-92921545.html\">Ocel\u00e1rna ORI Martin v Italsk\u00e9m m\u011bst\u011b Brescia z\u00edskala dotaci na \u010d\u00e1ste\u010dn\u00e9 pokryt\u00ed n\u00e1klad\u016f<\/a>\u00a06.5 milionu EUR,\u00a0<a href=\"https:\/\/www.merkur.de\/wirtschaft\/grosswaermepumpen-schluessel-zur-energiewende-nachhaltig-brescia-turboden-ori-martin-zr-92921545.html\">nicotn\u00fdch 160 milion\u016f CZK<\/a>, a nainstalovala do sv\u00e9 hut\u011b japonsk\u00e9 tepeln\u00e9 \u010derpadlo, kter\u00e9 odeb\u00edr\u00e1 odpadn\u00ed teplo z v\u00fdroby oceli, a vyt\u00e1p\u00ed s n\u00edm m\u011bstsk\u00e9 byty. Produkce oceli se tak zlevn\u00ed, a hu\u0165 se tak nemus\u00ed zav\u00edrat, jak je zvykem d\u00edky neschopn\u00e9mu Fialovi v \u010cR! (Podrobn\u011b star\u0161\u00ed p\u0159\u00edklady jak Brusel zachra\u0148uje italsk\u00e9 ocel\u00e1rny pomoc\u00ed astronomick\u00fdch dotac\u00ed, a Fiala se st\u00e1le jen tv\u00e1\u0159\u00ed jako m\u011bs\u00ed\u010dek na hnoji \u2013\u00a0<a href=\"https:\/\/www.michalapetr.com\/map-1928-z-bruselu-vcera-unikl-tajny-dokument-putin-plus-8-fiala-minus-11-proc-je-fialu-treba-okamzite-vymenit-je-tak-dokonale-jasne\/\">MAP 1928<\/a>).S v\u00fdrobou sol\u00e1rn\u00edch panel\u016f v N\u011bmecku je velk\u00fd probl\u00e9m, a budeme se mu v\u011bnovat p\u0159\u00ed\u0161t\u011b podobn\u011b, proto\u017ee \u010ce\u0161i a Slov\u00e1ci maj\u00ed podle posledn\u00edch pl\u00e1n\u016f Bruselu za\u010d\u00edt platit n\u011bmeck\u00fdm sol\u00e1rn\u00edm baron\u016fm v\u00fdpaln\u00e9, aby nezkrachovali).<\/p>\n<p>Argentinsk\u00fd prezident Milei zas\u00e1hnul i do ukrajinsk\u00e9ho konfliktu.\u00a0<a href=\"https:\/\/www.pucara.org\/post\/tras-firmar-hoy-la-carta-de-intenci%C3%B3n-el-15-de-abril-la-argentina-firmara-la-compra-de-los-f-16\">Na v\u00fdslovn\u00e9 p\u0159\u00e1n\u00ed Washingtonu podepsal 29. b\u0159ezna s D\u00e1nskem smlouvu o zakoupen\u00ed 24 kus\u016f letoun\u016f F-16 Block 15, + 1 kus Block 10,\u00a0 se v\u0161\u00edm vybaven\u00edm<\/a>, kter\u00e9 m\u00e1 D\u00e1nsko na rozkaz USA dopravit do Argentiny s osmi n\u00e1hradn\u00edmi motory a dal\u0161\u00edmi komponenty v letech 2024-28. Zelenskyj tak m\u00e1 sm\u016flu, a Washington mu jasn\u011b uk\u00e1zal, \u017ee limity na jeho vyzbrojov\u00e1n\u00ed nejsou nekone\u010dn\u00e9. Argentina m\u00e1 za F-16 USA spl\u00e1cet ro\u010dn\u011b 100 milion\u016f USD, proto\u017ee Washington kupn\u00ed cenu D\u00e1nsku vyplatil. Operace F-16 do Argentiny m\u00e1 z\u0159ejm\u00fd c\u00edl, zabr\u00e1nit Argentin\u011b, aby nakoupila n\u011bjak\u00e9 letadla, kter\u00e9 nutn\u011b pot\u0159ebuje, jinde. Tradi\u010dn\u00ed dodavatel Argentinsk\u00e9ho letectva Macron, tak op\u011bt ut\u0159el. A nov\u00ed z\u00e1jemci \u010c\u00ed\u0148an\u00e9 a P\u00e1kist\u00e1n maj\u00ed sm\u016flu.<\/p>\n<p>Vzhledem k tomu, \u017ee po zvolen\u00ed Milei prezidentem, (zru\u0161il vstup do BRICS!), ztratili \u010c\u00ed\u0148an\u00e9 i P\u00e1kist\u00e1nci \u0161anci prodat Argentin\u011b letadla, n\u00e1hl\u00fd sp\u011bch Washingtonu s obsazen\u00edm trhu, kter\u00fd bude p\u00e1r let ovl\u00e1dat Milei, napov\u00edd\u00e1, \u017ee USA cht\u011bli z obchodu rychle vystrnadit Francouze, \u017ee D\u00e1nsko si rad\u011bji za letadla nechalo zaplatit, ne\u017e aby je v\u011bnovalo Ukrajin\u011b, a \u017ee Washington st\u00e1le v\u00edce ukazuje, \u017ee nem\u00e1 z\u00e1jem na dal\u0161\u00ed eskalaci Zelensk\u00e9ho nekone\u010dn\u00e9 v\u00e1lky proti Putinovi za pen\u00edze americk\u00fdch a evropsk\u00fdch ob\u010dan\u016f. Jde o v\u00fdznamn\u00fd sign\u00e1l, podobn\u00fd jako ned\u00e1vn\u00e9 odvol\u00e1n\u00ed architektky Kyjevsk\u00e9ho Majdanu Nulandov\u00e9, a nebo neust\u00e1l\u00e9 oddalov\u00e1n\u00ed schv\u00e1len\u00ed pomoci Ukrajin\u011b US Capitolem. Sm\u016flu maj\u00ed oby\u010dejn\u00ed Argentinci, ty geopoliticky nem\u00e1, kdo p\u0159epadnout. Uruguay a Paraguay jsou trpasl\u00edci, Chile je za nep\u0159ekro\u010diteln\u00fdmi Andami, a v \u010dele Brasilie je nyn\u00ed zap\u0159is\u00e1hl\u00fd chci-m\u00edr Lula. Argentinci mus\u00ed spl\u00e1cet miliardov\u00e9 dluhy, ekonomika se jim pot\u00e1p\u00ed, a te\u010f dostanou d\u00e1re\u010dek, star\u00e9 a drah\u00e9 US zbran\u011b na spl\u00e1tky! Byznys p\u0159edev\u0161\u00edm, \u017ee? A varov\u00e1n\u00ed pro \u010cR, abychom nedopadli stejn\u011b!<\/p>\n<p><a href=\"https:\/\/www.michalapetr.com\/map-1954-italove-dostali-z-bruselu-dalsi-stedrou-dotaci-na-zachranu-dalsi-krachujici-ocelarny-proc-fiala-nic-nevyzebra-pro-ceske-ocelare-a-proc-prezident-argentiny-milei-vyfouknul-kyjevu-pred-nosem\/\">Michael Svato\u0161<\/a><\/p>\n<p><img decoding=\"async\" loading=\"lazy\" class=\"alignnone size-full wp-image-27204\" src=\"http:\/\/www.infokuryr.cz\/n\/wp-content\/uploads\/2023\/05\/Michael_Svatos.png\" alt=\"\" width=\"180\" height=\"180\" srcset=\"https:\/\/www.infokuryr.cz\/n\/wp-content\/uploads\/2023\/05\/Michael_Svatos.png 180w, https:\/\/www.infokuryr.cz\/n\/wp-content\/uploads\/2023\/05\/Michael_Svatos-150x150.png 150w\" sizes=\"(max-width: 180px) 100vw, 180px\" \/><\/p>\n<p>&nbsp;<\/p>\n","protected":false},"excerpt":{"rendered":"<p>Italov\u00e9 dostali z Bruselu dal\u0161\u00ed \u0161t\u011bdrou dotaci na z\u00e1chranu dal\u0161\u00ed krachuj\u00edc\u00ed ocel\u00e1rny! Pro\u010d Fiala nic&#8230;<\/p>\n","protected":false},"author":2,"featured_media":35201,"comment_status":"closed","ping_status":"closed","sticky":false,"template":"","format":"standard","meta":[],"categories":[6],"tags":[1042,756,41,191,2281,90,535,4007],"_links":{"self":[{"href":"https:\/\/www.infokuryr.cz\/n\/wp-json\/wp\/v2\/posts\/50755"}],"collection":[{"href":"https:\/\/www.infokuryr.cz\/n\/wp-json\/wp\/v2\/posts"}],"about":[{"href":"https:\/\/www.infokuryr.cz\/n\/wp-json\/wp\/v2\/types\/post"}],"author":[{"embeddable":true,"href":"https:\/\/www.infokuryr.cz\/n\/wp-json\/wp\/v2\/users\/2"}],"replies":[{"embeddable":true,"href":"https:\/\/www.infokuryr.cz\/n\/wp-json\/wp\/v2\/comments?post=50755"}],"version-history":[{"count":0,"href":"https:\/\/www.infokuryr.cz\/n\/wp-json\/wp\/v2\/posts\/50755\/revisions"}],"wp:featuredmedia":[{"embeddable":true,"href":"https:\/\/www.infokuryr.cz\/n\/wp-json\/wp\/v2\/media\/35201"}],"wp:attachment":[{"href":"https:\/\/www.infokuryr.cz\/n\/wp-json\/wp\/v2\/media?parent=50755"}],"wp:term":[{"taxonomy":"category","embeddable":true,"href":"https:\/\/www.infokuryr.cz\/n\/wp-json\/wp\/v2\/categories?post=50755"},{"taxonomy":"post_tag","embeddable":true,"href":"https:\/\/www.infokuryr.cz\/n\/wp-json\/wp\/v2\/tags?post=50755"}],"curies":[{"name":"wp","href":"https:\/\/api.w.org\/{rel}","templated":true}]}}