{"id":50741,"date":"2024-04-01T05:09:10","date_gmt":"2024-04-01T03:09:10","guid":{"rendered":"https:\/\/www.infokuryr.cz\/n\/?p=50741"},"modified":"2024-04-01T05:10:23","modified_gmt":"2024-04-01T03:10:23","slug":"total-control-na-bydleni-je-tady-evropsky-parlament-odsouhlasil-smernici-na-zakaz","status":"publish","type":"post","link":"https:\/\/www.infokuryr.cz\/n\/2024\/04\/01\/total-control-na-bydleni-je-tady-evropsky-parlament-odsouhlasil-smernici-na-zakaz\/","title":{"rendered":"Total Control na bydlen\u00ed je tady! Evropsk\u00fd parlament odsouhlasil sm\u011brnici na z\u00e1kaz&#8230;"},"content":{"rendered":"<div id=\"fb-root\"><\/div>\n<h4>Total Control na bydlen\u00ed je tady! Evropsk\u00fd parlament odsouhlasil sm\u011brnici na z\u00e1kaz vyt\u00e1p\u011bn\u00ed soukrom\u00fdch budov zemn\u00edm plynem s \u00fa\u010dinnost\u00ed od roku 2030 pro v\u0161echny nov\u00e9 budovy! A od roku 2040 m\u00e1 platit z\u00e1kaz na topen\u00ed v\u0161emi fosiln\u00edmi palivy ve v\u0161ech budov\u00e1ch! Topit se bude moci jen elekt\u0159inou a do\u010dasn\u011b d\u0159evn\u00ed \u0161t\u011bpkou! Pokud to projde, dojde k vyk\u00e1cen\u00ed v\u0161ech les\u016f v Evrop\u011b!<\/h4>\n<p>Zat\u00edmco tituln\u00ed str\u00e1nky evropsk\u00fdch m\u00e9di\u00ed pln\u00ed \u010dl\u00e1nky o v\u00e1lce na Ukrajin\u011b, \u010demu\u017e se zase tak nelze divit, tak mezit\u00edm Evropsk\u00e1 unie pokra\u010duje v drakonick\u00e9m utahov\u00e1n \u0161roub\u016f ob\u010dansk\u00fdch svobod a pr\u00e1v a doch\u00e1z\u00ed bohu\u017eel na moji p\u0159edpov\u011b\u010f a v\u016fbec mi to ned\u011bl\u00e1 radost.\u00a0<strong>Evropsk\u00fd parlament ji\u017e minul\u00fd t\u00fdden toti\u017e schv\u00e1lil n\u00e1vrh [<a href=\"https:\/\/href.li\/?https:\/\/www.epochtimes.cz\/2024\/03\/15\/konec-uhli-a-plynu-evropsky-parlament-schvalil-zakaz-kotlu-na-fosilni-paliva-do-roku-2040\/?utm_source=newsletter&amp;utm_medium=e-mail&amp;utm_campaign=nowall\" target=\"_blank\" rel=\"nofollow noopener\">1<\/a>] sm\u011brnice na z\u00e1kaz vyu\u017e\u00edv\u00e1n\u00ed fosiln\u00edch paliv pro vyt\u00e1p\u011bn\u00ed nov\u011b kolaudovan\u00fdch nemovitost\u00ed od 1. ledna 2030<\/strong>\u00a0a ji\u017e od p\u0159\u00ed\u0161t\u00edho roku 2025 m\u00e1 platit z\u00e1kaz poskytov\u00e1n\u00ed dotac\u00ed na po\u0159\u00edzen\u00ed plynov\u00fdch a ve\u0161ker\u00fdch fosiln\u00edch kotl\u016f.<\/p>\n<p>A to nen\u00ed v\u0161echno.\u00a0<strong>Od roku 2040 se m\u00e1 z\u00e1kaz na topen\u00ed fosiln\u00edmi palivy, tedy zemn\u00edm plynem, naftou, uhl\u00edm a topn\u00fdmi oleji, roz\u0161\u00ed\u0159it na v\u0161echny nemovitosti, tedy i ty star\u0161\u00ed, v\u010detn\u011b chalup a usedlost\u00ed.<\/strong>\u00a0Nov\u00e9 budovy od roku 2030 budou moci b\u00fdt vyt\u00e1p\u011bny jen obnoviteln\u00fdmi zdroji, co\u017e je de facto jen elekt\u0159ina a d\u0159evn\u00ed \u0161t\u011bpka. Jen\u017ee, v n\u00e1vrhu sm\u011brnice je ud\u011blena v\u00fdjimka pro v\u00fdrobce elektrick\u00e9 energie.<\/p>\n<figure id=\"attachment_59096\" class=\"wp-caption aligncenter\" style=\"width: 699px;\"><a href=\"https:\/\/aeronet.news\/wp-content\/uploads\/klaus-schwab-wef-world-economic-forum.jpg\"><img decoding=\"async\" loading=\"lazy\" class=\"wp-image-59096 \" src=\"https:\/\/aeronet.news\/wp-content\/uploads\/klaus-schwab-wef-world-economic-forum-1024x768.jpg\" sizes=\"(max-width: 700px) 100vw, 700px\" srcset=\"https:\/\/aeronet.news\/wp-content\/uploads\/klaus-schwab-wef-world-economic-forum-1024x768.jpg 1024w, https:\/\/aeronet.news\/wp-content\/uploads\/klaus-schwab-wef-world-economic-forum-300x225.jpg 300w, https:\/\/aeronet.news\/wp-content\/uploads\/klaus-schwab-wef-world-economic-forum-768x576.jpg 768w, https:\/\/aeronet.news\/wp-content\/uploads\/klaus-schwab-wef-world-economic-forum-700x525.jpg 700w, https:\/\/aeronet.news\/wp-content\/uploads\/klaus-schwab-wef-world-economic-forum-476x357.jpg 476w, https:\/\/aeronet.news\/wp-content\/uploads\/klaus-schwab-wef-world-economic-forum-644x483.jpg 644w, https:\/\/aeronet.news\/wp-content\/uploads\/klaus-schwab-wef-world-economic-forum.jpg 1280w\" alt=\"\" width=\"699\" height=\"524\" \/><\/a><figcaption class=\"wp-caption-text\">Procesy Klause Schwaba se za\u010d\u00ednaj\u00ed prom\u00edtat do sm\u011brnic a z\u00e1kon\u016f Evropsk\u00e9ho parlamentu<\/figcaption><\/figure>\n<p>Uvnit\u0159 Evropsk\u00e9 komise je zat\u00edm dohoda, \u017ee \u0161t\u011bpka se n\u011bjak\u00fd \u010das bude tolerovat, proto\u017ee by mohlo doj\u00edt k obrovsk\u00fdm protest\u016fm po cel\u00e9 Evropsk\u00e9 unii, pokud by soukrom\u00fdm majitel\u016fm byt\u016f z\u016fstala k vyt\u00e1p\u011bn\u00ed jejich nemovitost\u00ed jen elekt\u0159ina pumpovan\u00e1 bu\u010f do tepeln\u00fdch \u010derpadel anebo do tzv. dvoucestn\u00fdch klimatizac\u00ed, kter\u00e9 um\u00ed nejen chladit, ale i vyt\u00e1p\u011bt m\u00edstnosti, a to pr\u00e1v\u011b na principu tepeln\u00e9ho \u010derp\u00e1n\u00ed venkovn\u00edho vzduchu. Proto kotle na \u0161t\u011bpku jsou pouze do\u010dasn\u00fdm \u0159e\u0161en\u00edm a d\u00e1 se o\u010dek\u00e1vat, \u017ee po roce 2030 budou tyto kotle postaveny do stejn\u00e9ho z\u00e1kazu jako dnes zemn\u00ed plyn, kter\u00fd m\u011bl tak\u00e9 velmi dlouho v\u00fdjimku.<\/p>\n<h6><span style=\"font-size: 18pt;\">Konec vyt\u00e1p\u011bn\u00ed dom\u016f fosiln\u00edmi palivy, s v\u00fdjimkou \u0161t\u011bpky, kter\u00e1 ale m\u00e1 jen kr\u00e1tk\u00fd odklad, ne\u017e bude zak\u00e1z\u00e1na tak\u00e9<\/span><\/h6>\n<p>V\u00fdrobci elekt\u0159iny budou moci i po roce 2040 produkovat elektrickou energii spalov\u00e1n\u00edm fosiln\u00edch paliv, ale naproti emisn\u00edm povolenk\u00e1m. Ty si bude moci elektr\u00e1rna kompenzovat pomoc\u00ed offset\u016f z fotovoltaick\u00fdch elektr\u00e1ren a v\u011btrn\u00fdch elektr\u00e1ren, \u010d\u00edm\u017e si v\u00fdrobce elekt\u0159iny sn\u00ed\u017e\u00ed povinnost k n\u00e1kupu emisn\u00edch povolenek. Soukrom\u00e9 osoby n\u00e1kup emisn\u00edch povolenek m\u00edt nebudou, tak\u017ee majitel nov\u00e9ho rodinn\u00e9ho domku kolaudovan\u00e9ho po 1. lednu 2030 bude muset topit jen elekt\u0159inou anebo \u0161t\u011bpkou, kter\u00e1 ale m\u00e1 b\u00fdt povolena jen do\u010dasn\u011b. D\u0159evn\u00ed \u0161t\u011bpka je sice obnoviteln\u00fd zdroj, ale jde o siln\u011b emisn\u00ed zdroj CO2. V\u011bd\u011bli jste, \u017ee p\u0159i spalov\u00e1n\u00ed \u0161t\u011bpky vznik\u00e1 v\u00edce emis\u00ed ne\u017e p\u0159i spalov\u00e1n\u00ed fosiln\u00edch paliv? Ocitujme si n\u00e1sleduj\u00edc\u00ed \u00faryvek\u00a0<strong>[<a href=\"https:\/\/href.li\/?https:\/\/energozrouti.cz\/clanek\/vedci-chteji-omezit-spalovani-dreva-a-stepky-vznika-pri-nem-vice-emisi-nez-u-spalovani-fosilnich-paliv\" target=\"_blank\" rel=\"nofollow noopener\">2<\/a>]<\/strong>\u00a0ze serveru Energozrouti.cz:<\/p>\n<p>V\u011bdci z\u00a0evropsk\u00fdch v\u011bdeck\u00fdch institut\u016f vyz\u00fdvaj\u00ed ke zp\u0159\u00edsn\u011bn\u00ed p\u0159\u00edstupu k\u00a0vyu\u017e\u00edv\u00e1n\u00ed d\u0159eva jako energetick\u00e9ho zdroje. Sou\u010dasn\u00e1 sm\u011brnice EU o\u00a0obnoviteln\u00fdch zdroj\u00edch energie toti\u017e podle nich vyb\u00edz\u00ed k\u00a0vyu\u017e\u00edv\u00e1n\u00ed d\u0159evn\u00ed biomasy jako zdroje energie, d\u00e1v\u00e1 ale v\u0161ak zcela chybn\u00e9 informace o\u00a0tom, jak\u00e9 p\u0159i spalov\u00e1n\u00ed d\u0159eva vznikaj\u00ed emise sklen\u00edkov\u00fdch\u00a0plyn\u016f.<\/p>\n<p>Podle vyj\u00e1d\u0159en\u00ed v\u011bdc\u016f Klause Josefa Hennenberga, Hannese B\u00f6ttchera z\u00a0\u00d6ko-Institutu v\u00a0Berl\u00edn\u011b, Sampa Soimakalliona z\u00a0Finsk\u00e9ho institut \u017eivotn\u00edho prost\u0159ed\u00ed v\u00a0Helsink\u00e1ch nebo Edwarda Robinsona ze spole\u010dnosti Economy, Land and Climate Insight (ELCI) v\u00a0Lond\u00fdn\u011b pro server\u00a0<em><strong>Euractiv<\/strong><\/em>\u00a0<strong>[<a href=\"https:\/\/href.li\/?https:\/\/www.euractiv.com\/section\/biomass\/opinion\/why-burning-primary-woody-biomass-is-worse-than-fossil-fuels-for-climate\/\" target=\"_blank\" rel=\"nofollow noopener\">3<\/a>]<\/strong>\u00a0je sou\u010dasn\u00e1 debata o\u00a0uhl\u00edku vznikl\u00e9m z\u00a0t\u011b\u017eby a vyu\u017e\u00edv\u00e1n\u00ed d\u0159eva ne\u00fapln\u00e1 a poskytuje tak zcela nespr\u00e1vn\u00fd obraz o\u00a0emis\u00edch sklen\u00edkov\u00fdch\u00a0plyn\u016f.<\/p>\n<p><a href=\"https:\/\/stranapro.cz\/\"><img decoding=\"async\" loading=\"lazy\" class=\"wp-image-40285 aligncenter\" src=\"http:\/\/www.infokuryr.cz\/n\/wp-content\/uploads\/2023\/11\/11pro-300x79.png\" alt=\"\" width=\"668\" height=\"176\" srcset=\"https:\/\/www.infokuryr.cz\/n\/wp-content\/uploads\/2023\/11\/11pro-300x79.png 300w, https:\/\/www.infokuryr.cz\/n\/wp-content\/uploads\/2023\/11\/11pro.png 363w\" sizes=\"(max-width: 668px) 100vw, 668px\" \/><\/a><\/p>\n<p>V\u011bdci tak navrhuj\u00ed Evropsk\u00e9mu parlamentu\u00a0<strong>ukon\u010den\u00ed podpory t\u011b\u017eby d\u0159evn\u00ed biomasy<\/strong>\u00a0pro energetick\u00e9 \u00fa\u010dely. Debata o\u00a0tom, zda by d\u0159evn\u00ed biomasa m\u011bla b\u00fdt za\u0159azena mezi obnoviteln\u00e9 zdroje energie \u010di nikoliv p\u0159itom na \u00farovni Evropsk\u00e9 unie ji\u017e n\u011bkolikr\u00e1t prob\u00edhala a v\u00a0n\u011bkter\u00fdch p\u0159\u00edpadech m\u011bla velk\u00e9 mno\u017estv\u00ed odp\u016frc\u016f ozna\u010dov\u00e1n\u00ed d\u0159eva jako obnoviteln\u00e9ho zdroje energie.<\/p>\n<p>Podle v\u011bdc\u016f, kte\u0159\u00ed nyn\u00ed vyzvali EU ke zp\u0159\u00edsn\u011bn\u00ed energetick\u00e9ho vyu\u017e\u00edv\u00e1n\u00ed d\u0159evn\u00ed biomasy jsou celkov\u00e9 emise spalov\u00e1n\u00ed d\u0159eva o\u00a013\u00a0% vy\u0161\u0161\u00ed oproti fosiln\u00edm paliv\u016fm. V\u00a0p\u0159\u00edpad\u011b zapo\u010d\u00edt\u00e1n\u00ed pr\u016fm\u011brn\u00e9 \u00farovn\u011b ukl\u00e1dan\u00e9ho uhl\u00edku pak podle v\u011bdc\u016f vyu\u017e\u00edv\u00e1n\u00ed d\u0159eva \u010di d\u0159evn\u00ed \u0161t\u011bpky produkuje dokonce\u00a0<strong>dvojn\u00e1sobn\u00e9 emise<\/strong>\u00a0ne\u017e fosiln\u00ed paliva.<\/p>\n<p>Zemn\u00ed plyn m\u00e1 toti\u017e na rozd\u00edl od v\u0161ech ostatn\u00edch paliv v bytovk\u00e1ch a rodinn\u00fdch domech jednu naprosto bezkonkuren\u010dn\u00ed v\u00fdhodu, a to je bezezbytkov\u00e9 spalov\u00e1n\u00ed. Po spalov\u00e1n\u00ed plynu toti\u017e nez\u016fst\u00e1v\u00e1 \u017e\u00e1dn\u00fd odpad, \u017e\u00e1dn\u00fd popel, \u017e\u00e1dn\u00e9 uhl\u00edky, prost\u011b plyn se sp\u00e1l\u00ed skoro \u00fapln\u011b na 100% a emituje se pouze CO2, p\u0159ibli\u017en\u011b\u00a0410\u2013650 g CO2eq\/kWh. Plyn je nejekologi\u010dt\u011bj\u0161\u00ed palivo, proto\u017ee naproti vysok\u00e9 v\u00fdh\u0159evnosti je nulov\u00fd odpad z paliva po sp\u00e1len\u00ed a jen n\u00edzk\u00e9 emise CO2. Pr\u00e1v\u011b proto v\u011bt\u0161ina dne\u0161n\u00edch dom\u016f a bytovek m\u00e1 plynov\u00e9 kotle, proto\u017ee je nen\u00ed pot\u0159eba obsluhovat a vyn\u00e1\u0161et popel. Tak\u017ee, co se sleduje t\u00edmto z\u00e1kazem zemn\u00edho plynu pro vyt\u00e1p\u011bn\u00ed?<\/p>\n<h6><span style=\"font-size: 18pt;\">Soukrom\u00ed majitel\u00e9 nemovitost\u00ed maj\u00ed b\u00fdt zruinov\u00e1ni a donuceni k odprodeji nemovitost\u00ed, podobn\u011b jako k tomu do\u0161lo v USA po Velk\u00e9 krizi po\u010d\u00e1tkem 30. let minul\u00e9ho stolet\u00ed<\/span><\/h6>\n<p>Ano, je to zaveden\u00ed Total Control re\u017eimu nam\u00ed\u0159en\u00e9ho proti soukrom\u00fdm majitel\u016fm nemovitost\u00ed s c\u00edlem u\u010dinit vlastnictv\u00ed nemovitosti finan\u010dn\u011b extr\u00e9mn\u011b n\u00e1ro\u010dn\u00e9.\u00a0<strong>Je to globalistick\u00fd proces na tzv. deprivatizaci soukrom\u00e9ho vlastnictv\u00ed, jako k tomu do\u0161lo po Velk\u00e9 hospod\u00e1\u0159sk\u00e9 krizi v USA v roce 1933<\/strong>, kdy n\u011bkter\u00e9 st\u00e1ty unie zavedly tzv.\u00a0<em><strong>komer\u010dn\u00ed zdan\u011bn\u00ed nemovitost\u00ed<\/strong><\/em>\u00a0odvozovan\u00fdch z tr\u017en\u00ed ceny. To vedlo ve st\u00e1tech jako je t\u0159eba New York k masivn\u00edm odprodej\u016fm do t\u00e9 doby soukrom\u011b vlastn\u011bn\u00fdch dom\u016f soukrom\u00fdm korporac\u00edm, kter\u00e9 potom domy za\u010daly pronaj\u00edmat zp\u00e1tky p\u016fvodn\u00edm majitel\u016fm.<\/p>\n<p>Ti toti\u017e nem\u011bli hotovost na zaplacen\u00ed mamut\u00edch dan\u00ed za nemovitost, ale m\u011bli pen\u00edze na n\u00e1jemn\u00e9. A p\u0159esn\u011b tento proces cht\u011bj\u00ed globalist\u00e9 spustit v Evrop\u011b, ale jdou na to od lesa. Cht\u011bj\u00ed lidi donutit k prodej\u016fm nemovitost\u00ed skrze ne\u00fanosn\u00e9 n\u00e1klady na vyt\u00e1p\u011bn\u00ed, skrze vymrzl\u00e9 a nevytopen\u00e9 domy, ve kter\u00fdch nep\u016fjde bydlet a skrze horentn\u00ed a \u0161\u00edlen\u011b n\u00e1kladn\u00e9 a povinn\u00e9 renovace dom\u016f, pod z\u00e1minkou ekologie.<\/p>\n<figure id=\"attachment_33551\" class=\"wp-caption aligncenter\" style=\"width: 705px;\"><a href=\"https:\/\/aeronet.news\/wp-content\/uploads\/european-parliament-strasbourgshutterstock-xlarge_trans_NvBQzQNjv4Bqeo_i_u9APj8RuoebjoAHt0k9u7HhRJvuo-ZLenGRumA.jpg\"><img decoding=\"async\" loading=\"lazy\" class=\"wp-image-33551 \" src=\"https:\/\/aeronet.news\/wp-content\/uploads\/european-parliament-strasbourgshutterstock-xlarge_trans_NvBQzQNjv4Bqeo_i_u9APj8RuoebjoAHt0k9u7HhRJvuo-ZLenGRumA-1024x639.jpg\" sizes=\"(max-width: 700px) 100vw, 700px\" srcset=\"https:\/\/aeronet.news\/wp-content\/uploads\/european-parliament-strasbourgshutterstock-xlarge_trans_NvBQzQNjv4Bqeo_i_u9APj8RuoebjoAHt0k9u7HhRJvuo-ZLenGRumA-1024x639.jpg 1024w, https:\/\/aeronet.news\/wp-content\/uploads\/european-parliament-strasbourgshutterstock-xlarge_trans_NvBQzQNjv4Bqeo_i_u9APj8RuoebjoAHt0k9u7HhRJvuo-ZLenGRumA-300x187.jpg 300w, https:\/\/aeronet.news\/wp-content\/uploads\/european-parliament-strasbourgshutterstock-xlarge_trans_NvBQzQNjv4Bqeo_i_u9APj8RuoebjoAHt0k9u7HhRJvuo-ZLenGRumA-768x479.jpg 768w, https:\/\/aeronet.news\/wp-content\/uploads\/european-parliament-strasbourgshutterstock-xlarge_trans_NvBQzQNjv4Bqeo_i_u9APj8RuoebjoAHt0k9u7HhRJvuo-ZLenGRumA-700x437.jpg 700w, https:\/\/aeronet.news\/wp-content\/uploads\/european-parliament-strasbourgshutterstock-xlarge_trans_NvBQzQNjv4Bqeo_i_u9APj8RuoebjoAHt0k9u7HhRJvuo-ZLenGRumA-572x357.jpg 572w, https:\/\/aeronet.news\/wp-content\/uploads\/european-parliament-strasbourgshutterstock-xlarge_trans_NvBQzQNjv4Bqeo_i_u9APj8RuoebjoAHt0k9u7HhRJvuo-ZLenGRumA-774x483.jpg 774w, https:\/\/aeronet.news\/wp-content\/uploads\/european-parliament-strasbourgshutterstock-xlarge_trans_NvBQzQNjv4Bqeo_i_u9APj8RuoebjoAHt0k9u7HhRJvuo-ZLenGRumA.jpg 1280w\" alt=\"\" width=\"705\" height=\"440\" \/><\/a><figcaption class=\"wp-caption-text\">EU Parlament ve \u0160trasburku<\/figcaption><\/figure>\n<p>Pokud dojde k p\u0159ijet\u00ed t\u00e9to sm\u011brnice, develope\u0159i za\u010dnou masivn\u011b p\u0159ech\u00e1zet na Total Control centralizovan\u00e9 d\u00e1lkov\u00e9 vyt\u00e1p\u011bn\u00ed ve m\u011bstech, ale tam, kde tepl\u00e1rna nen\u00ed v dosahu, tam dojde na konstruov\u00e1n\u00ed dom\u016f a bytovek s vyt\u00e1p\u011bn\u00edm na \u0161t\u011bpku, co\u017e zvedne n\u00e1klady na uskladn\u011bn\u00ed paliva, na zam\u011bstn\u00e1n\u00ed koteln\u00edk\u016f, kte\u0159\u00ed budou vyn\u00e1\u0161et popel a dopl\u0148ovat \u0161t\u011bpkov\u00e9 z\u00e1sobn\u00edky, ale to bude jen do\u010dasn\u00e9 \u0159e\u0161en\u00ed, proto\u017ee\u00a0<strong>\u0161t\u011bpka je siln\u011b emisn\u00ed zdroj vyt\u00e1p\u011bn\u00ed a pokud by na \u0161t\u011bpku p\u0159e\u0161li hromadn\u011b majitel\u00e9 v\u0161ech dom\u016f v Evrop\u011b,\u00a0do\u0161lo by prakticky k vyk\u00e1cen\u00ed v\u0161ech strom\u016f v Evrop\u011b.<\/strong>\u00a0To by samoz\u0159ejm\u011b nakonec vedlo k z\u00e1kazu k\u00e1cen\u00ed a ke snaze dov\u00e1\u017eet d\u0159evo na \u0161t\u011bpku odjinud. A kdo m\u00e1 na sv\u011bt\u011b nejv\u011bt\u0161\u00ed z\u00e1soby d\u0159eva? Ano, Rusk\u00e1 federace! A kruh se uzav\u0159el, tak\u017ee douf\u00e1m ch\u00e1pete, pro\u010d dojde i k z\u00e1kazu \u0161t\u011bpky, proto\u017ee by z toho profitovalo Rusko.<\/p>\n<h6><span style=\"font-size: 18pt;\">Majitel\u016fm nemovitost\u00ed vznikne z\u00e1vislost na poskytovatel\u00edch d\u00e1lkov\u00e9ho vyt\u00e1p\u011bn\u00ed, kte\u0159\u00ed z\u00edskaj\u00ed monopol<\/span><\/h6>\n<p>Jin\u00fdmi slovy, majitel\u00e9 dom\u016f a byt\u016f budou t\u00edmto syst\u00e9mem donuceni k napojen\u00ed na centr\u00e1ln\u00ed syst\u00e9my vyt\u00e1p\u011bn\u00ed, proto\u017ee elektr\u00e1rny a tepl\u00e1rny budou m\u00edt v\u00fdjimky a budou moci vyr\u00e1b\u011bt teplo z fosiln\u00edch zdroj\u016f naproti emisn\u00edm povolenk\u00e1m. Ale co to znamen\u00e1? No p\u0159ece Total Control nad va\u0161\u00ed nemovitost\u00ed! Za\u010dnete b\u00fdt toti\u017e z\u00e1visl\u00ed na tepl\u00e1rn\u011b, anebo na elektr\u00e1rn\u011b poh\u00e1n\u011bj\u00edc\u00ed va\u0161e tepeln\u00e9 \u010derpadlo \u010di klimatizaci. U\u017e si nebudete moci zatopit uhl\u00edm, anebo plynem, a nakonec ani d\u0159evem, proto\u017ee od roku 2040 bude na emisn\u00ed vyt\u00e1p\u011bn\u00ed soukrom\u00fdm kotlem platit z\u00e1kaz.<\/p>\n<p>Jak se to bude \u0159e\u0161it u chalup n\u011bkde na vesnici, u rekrea\u010dn\u00edch chat a tak podobn\u011b, to zat\u00edm nikdo netu\u0161\u00ed.\u00a0<strong>Nikde v n\u00e1vrhu sm\u011brnice toti\u017e pro rekrea\u010dn\u00ed objekty a star\u00e9 domy po roce 2040 \u017e\u00e1dn\u00e1 v\u00fdjimka v\u016fbec zm\u00edn\u011bna nen\u00ed.<\/strong>\u00a0Jakmile dojde k z\u00e1kazu i \u0161t\u011bpky, bude mo\u017en\u00e9 topit jen elekt\u0159inou, tedy tepeln\u00fdm \u010derpadlem anebo dvoucestnou klimatizac\u00ed a vodu budete oh\u0159\u00edvat elektrick\u00fdm bojlerem. Odb\u011br elekt\u0159iny pro vyt\u00e1p\u011bn\u00ed budov po roce 2040 v Evrop\u011b bude astronomick\u00fd, a to nepo\u010d\u00edt\u00e1me elektrick\u00e1 auta a jejich n\u00e1ro\u010dnost na elekt\u0159inu.<\/p>\n<figure id=\"attachment_51732\" class=\"wp-caption aligncenter\" style=\"width: 704px;\"><a href=\"https:\/\/aeronet.news\/wp-content\/uploads\/GasPipeLineRussia.jpg\"><img decoding=\"async\" loading=\"lazy\" class=\"wp-image-51732 \" src=\"https:\/\/aeronet.news\/wp-content\/uploads\/GasPipeLineRussia-1024x577.jpg\" sizes=\"(max-width: 700px) 100vw, 700px\" srcset=\"https:\/\/aeronet.news\/wp-content\/uploads\/GasPipeLineRussia-1024x577.jpg 1024w, https:\/\/aeronet.news\/wp-content\/uploads\/GasPipeLineRussia-300x169.jpg 300w, https:\/\/aeronet.news\/wp-content\/uploads\/GasPipeLineRussia-768x433.jpg 768w, https:\/\/aeronet.news\/wp-content\/uploads\/GasPipeLineRussia-700x394.jpg 700w, https:\/\/aeronet.news\/wp-content\/uploads\/GasPipeLineRussia-634x357.jpg 634w, https:\/\/aeronet.news\/wp-content\/uploads\/GasPipeLineRussia-857x483.jpg 857w, https:\/\/aeronet.news\/wp-content\/uploads\/GasPipeLineRussia.jpg 1280w\" alt=\"\" width=\"704\" height=\"396\" \/><\/a><figcaption class=\"wp-caption-text\">Odst\u0159i\u017een\u00ed EU od rusk\u00e9ho plynu kv\u016fli invazi Ruska na Ukrajinu je z\u00e1minka. Ten pl\u00e1n na konec fosiln\u00edch paliv s c\u00edlem ukotven\u00ed Total Control syst\u00e9mu m\u011bli dlouh\u00e9 des\u00edtky let<\/figcaption><\/figure>\n<p>Ve\u0161ker\u00e9 vyt\u00e1p\u011bn\u00ed dom\u016f tak m\u00e1 b\u00fdt p\u0159em\u011bn\u011bno na vyt\u00e1p\u011bn\u00ed elekt\u0159inou, kterou si nebudete moci snadno vyr\u00e1b\u011bt sami, ale budete muset elekt\u0159inu odeb\u00edrat od nadn\u00e1rodn\u00edch energetick\u00fdch korporac\u00ed, kter\u00e9 jako jedin\u00e9 budou m\u00edt povolen\u00ed pro fosiln\u00ed v\u00fdrobu elekt\u0159iny zat\u00ed\u017eenou mamut\u00edmi emisn\u00edmi povolenkami. Zatopit si v chalup\u011b uhl\u00edm nebo b\u011b\u017en\u00fdm d\u0159evem bude zlo\u010din, proto\u017ee to bude zak\u00e1zan\u00e9 jako terorismus zne\u010di\u0161\u0165ov\u00e1n\u00ed atmosf\u00e9ry.<\/p>\n<p>Jedinou mo\u017enosti bude vyt\u00e1p\u011bn\u00ed elekt\u0159inou a v p\u0159\u00edpad\u011b tepla d\u00e1lkov\u00e9 vyt\u00e1p\u011bn\u00ed ve m\u011bstech. T\u00edm vznikne monopol na vyt\u00e1p\u011bn\u00ed. Monopol bude dr\u017eet hrstka majitel\u016f elektr\u00e1ren a tepl\u00e1ren. A proto\u017ee budou m\u00edt monopol, za\u010dnou zvedat ceny elekt\u0159iny a tepla, co\u017e bude kvitov\u00e1no globalisty, nebo\u0165 to povede k bankrot\u016fm majitel\u016f budov a k jejich prodej\u016fm do rukou globalist\u016f, proto\u017ee n\u00e1klady na vyt\u00e1p\u011bn\u00ed budou astronomick\u00e9.<\/p>\n<h6><span style=\"font-size: 18pt;\">Konec n\u00e1rodn\u00edch st\u00e1t\u016f bude zar\u00e1mov\u00e1n nejv\u011bt\u0161\u00ed rozkr\u00e1da\u010dkou majetk\u016f\u00a0<em>goyim<\/em>\u00a0v cel\u00e9 historii<\/span><\/h6>\n<p>Jak u\u017e jsem \u0159\u00edkal p\u0159ed t\u00fddnem na SVCS, na venkov\u011b to povede k tomu, \u017ee lid\u00e9 budou po noc\u00edch topit na\u010derno, aby nebylo vid\u011bt kou\u0159, jak stoup\u00e1 z kom\u00edna. Lid\u00e9 budou na\u010derno chodit do les\u016f na topn\u00e9 d\u0159evo. A ekologick\u00e9 hl\u00eddky budou po noc\u00edch chodit s termokamerami a budou na ud\u00e1n\u00ed sledovat, jestli ten a ten soused opravdu n\u00e1hodou netop\u00ed t\u00edm d\u0159evem, kter\u00e9 si, podle ud\u00e1n\u00ed souseda, n\u011bkde na\u0159ezal v lese.<\/p>\n<p><strong>Total Control m\u00e1 za c\u00edl p\u0159ipravit lidi o svobodu vyt\u00e1p\u011bn\u00ed sv\u00fdch dom\u016f, a to s c\u00edlem zv\u00fd\u0161en\u00ed n\u00e1klad\u016f na vyt\u00e1p\u011bn\u00ed za hranu \u00fanosnosti, \u017ee\u00a0lid\u00e9 nakonec rad\u011bji nemovitost prodaj\u00ed.<\/strong>\u00a0Nebudete nic vlastnit, ani auta, ani domy, a budete \u0161\u0165astn\u00ed. Tak to tvrd\u00ed Klaus Schwab. A pl\u00e1n na z\u00e1kaz topen\u00ed zemn\u00edm plynem v cel\u00e9 EU je p\u0159esn\u011b n\u00e1stroj, jak p\u0159ev\u00e9st vyt\u00e1p\u011bn\u00ed do rukou t\u0159et\u00edch subjekt\u016f, kter\u00e9 z\u00edskaj\u00ed monopol a potom vy\u0161roubuj\u00ed ceny tepla a energi\u00ed k nep\u0159\u00ed\u010detnosti. Sami si prost\u011b nezatop\u00edte.<\/p>\n<figure id=\"attachment_51117\" class=\"wp-caption aligncenter\" style=\"width: 705px;\"><a href=\"https:\/\/aeronet.news\/wp-content\/uploads\/PetrorubleGasFlame.jpg\"><img decoding=\"async\" loading=\"lazy\" class=\"wp-image-51117 \" src=\"https:\/\/aeronet.news\/wp-content\/uploads\/PetrorubleGasFlame-1024x576.jpg\" sizes=\"(max-width: 700px) 100vw, 700px\" srcset=\"https:\/\/aeronet.news\/wp-content\/uploads\/PetrorubleGasFlame-1024x576.jpg 1024w, https:\/\/aeronet.news\/wp-content\/uploads\/PetrorubleGasFlame-300x169.jpg 300w, https:\/\/aeronet.news\/wp-content\/uploads\/PetrorubleGasFlame-768x432.jpg 768w, https:\/\/aeronet.news\/wp-content\/uploads\/PetrorubleGasFlame-700x394.jpg 700w, https:\/\/aeronet.news\/wp-content\/uploads\/PetrorubleGasFlame-635x357.jpg 635w, https:\/\/aeronet.news\/wp-content\/uploads\/PetrorubleGasFlame-859x483.jpg 859w, https:\/\/aeronet.news\/wp-content\/uploads\/PetrorubleGasFlame.jpg 1280w\" alt=\"\" width=\"705\" height=\"397\" \/><\/a><figcaption class=\"wp-caption-text\">M\u00edsto lacin\u00e9ho plynu za\u010dne Evropa topit elekt\u0159inou, kter\u00e9 je u\u017e dnes nedostatek\u2026 h\u00e1dejte, co vznikne? Krize! A \u0159e\u0161en\u00edm krize bude Total Control regulace!<\/figcaption><\/figure>\n<p>Je to podobn\u00e1 situace jako s potravinami. Ty u\u017e si dnes tak\u00e9 sami nevyp\u011bstujete, jste z\u00e1visl\u00ed na nadn\u00e1rodn\u00edch producentech. Lid\u00e9 toti\u017e nemaj\u00ed zem\u011bd\u011blskou p\u016fdu. A ti, kte\u0159\u00ed ji maj\u00ed, necht\u011bj\u00ed pracovat v zem\u011bd\u011blstv\u00ed, tak\u017ee ji propachtuj\u00ed firm\u00e1m jako je Agrofert, kter\u00fd potom na tom poli p\u011bstuje \u0159epku do biopaliv. Zbaven\u00ed n\u00e1rod\u016f samostatnosti je hlavn\u00edm c\u00edlem SGS \u2013 Sv\u011btov\u00e9ho globalistick\u00e9ho sionismu, co\u017e je nejvy\u0161\u0161\u00ed sv\u011btsk\u00fd \u0159\u00edd\u00edc\u00ed proces nad touto planetou. Nad n\u00edm jsou ji\u017e pouze okultn\u00ed procesy \u0159\u00edzen\u00ed. SGS usiluje o ukotven\u00ed sv\u011btov\u00e9 vl\u00e1dy v ruk\u00e1ch nik\u00fdm nevolen\u00fdch elit, kter\u00e9 kontroluj\u00ed ve\u0161ker\u00e9 banky, pr\u016fmysly, m\u00e9dia, potravin\u00e1\u0159stv\u00ed, farmacii, vzd\u011bl\u00e1v\u00e1n\u00ed a vojensko-pr\u016fmyslov\u00fd komplex.<\/p>\n<h6><span style=\"font-size: 18pt;\">Okrademe v\u00e1s o v\u0161echno ve jm\u00e9nu lep\u0161\u00edho z\u00edt\u0159ka!<\/span><\/h6>\n<p><strong>Od okam\u017eiku\u00a0<em>Havlovy vzpoury<\/em>\u00a0v listopadu 1989 prob\u00edh\u00e1 proces p\u0159esunov\u00e1n\u00ed majetk\u016f od\u00a0<em>goyim<\/em>\u00a0do rukou korporac\u00ed pod kontrolou SGS.<\/strong>\u00a0Postupn\u011b, pod nejbizarn\u011bj\u0161\u00edmi z\u00e1minkami, tuhle o rozt\u00e1v\u00e1n\u00ed ledovc\u016f v Arktid\u011b, t\u00e1mhle o n\u00e1r\u016fstu CO2, odeb\u00edraj\u00ed goyim jejich svobody. Berou jim soukromou osobn\u00ed dopravu, jejich auta, m\u00edsto nich p\u0159ich\u00e1z\u00ed kolob\u011b\u017eky a kola, berou jim j\u00eddlo na stole, najednou p\u0159ich\u00e1z\u00ed na st\u016fl cvr\u010dci a saran\u010data.<\/p>\n<p>Najednou jim berou vyt\u00e1p\u011bn\u00ed dom\u016f plynem a brzy i d\u0159evem, a m\u00edsto toho se m\u00e1 topit elekt\u0159inou, kter\u00e1 p\u0159itom nebude. Nebude ani na nab\u00edjen\u00ed t\u011bch elektrick\u00fdch aut, kter\u00e9 goyim m\u00edt nebudou, ani na poh\u00e1n\u011bn\u00ed tepeln\u00fdch \u010derpadel, kter\u00e9 domy goyim tak\u00e9 m\u00edt nebudou. A brzy p\u0159ijde i komer\u010dn\u00ed zdan\u011bn\u00ed nemovitost\u00ed, jako v USA v n\u011bkter\u00fdch levi\u010d\u00e1ck\u00fdch st\u00e1tech, co\u017e povede k nucen\u00fdm prodej\u016fm nemovitost\u00ed.<\/p>\n<figure id=\"attachment_53364\" class=\"wp-caption aligncenter\" style=\"width: 703px;\"><a href=\"https:\/\/aeronet.news\/wp-content\/uploads\/NordStreamAftermath2.jpg\"><img decoding=\"async\" loading=\"lazy\" class=\"wp-image-53364 \" src=\"https:\/\/aeronet.news\/wp-content\/uploads\/NordStreamAftermath2-1024x682.jpg\" sizes=\"(max-width: 700px) 100vw, 700px\" srcset=\"https:\/\/aeronet.news\/wp-content\/uploads\/NordStreamAftermath2-1024x682.jpg 1024w, https:\/\/aeronet.news\/wp-content\/uploads\/NordStreamAftermath2-300x200.jpg 300w, https:\/\/aeronet.news\/wp-content\/uploads\/NordStreamAftermath2-768x512.jpg 768w, https:\/\/aeronet.news\/wp-content\/uploads\/NordStreamAftermath2-700x466.jpg 700w, https:\/\/aeronet.news\/wp-content\/uploads\/NordStreamAftermath2-536x357.jpg 536w, https:\/\/aeronet.news\/wp-content\/uploads\/NordStreamAftermath2-725x483.jpg 725w, https:\/\/aeronet.news\/wp-content\/uploads\/NordStreamAftermath2.jpg 1280w\" alt=\"\" width=\"703\" height=\"468\" \/><\/a><figcaption class=\"wp-caption-text\">Zni\u010den\u00fd plynovod Nord Stream 2, kter\u00fd m\u011bl z\u00e1sobovat N\u011bmecko a zbytek Evropy<\/figcaption><\/figure>\n<p>A to pr\u00e1v\u011b do rukou t\u011bch korporac\u00ed pod kontrolou nadn\u00e1rodn\u00edch elit. V\u0161echno, co se se te\u010f d\u011bje, je prov\u00e1d\u011bno s c\u00edlem p\u0159ipravit goyim a jejich rodiny o ve\u0161ker\u00e9 majetky. D\u011bje se to ale pomalu, postupn\u011b, pod z\u00e1minkami ochrany klimatu a kde\u010deho jin\u00e9ho, ale d\u011bje se to trvale a soustavn\u011b. Lid\u00e9 p\u0159ich\u00e1z\u00ed o soukrom\u00e9 vlastnictv\u00ed p\u016fdy k v\u00fdrob\u011b potravin, aut k doprav\u011b a nemovitost\u00ed k bydlen\u00ed, kter\u00e9 si postupn\u011b v\u00edce a v\u00edce nebudou moci dovolit.<\/p>\n<p>A to kv\u016fli finan\u010dn\u011b neudr\u017eiteln\u00e9mu modelu provozu, pokud jde o elektrick\u00e1 auta, a energi\u00ed, pokud jde o vyt\u00e1p\u011bn\u00ed nemovitost\u00ed.\u00a0<strong>SGS proto lidem zak\u00e1\u017ee topen\u00ed t\u00edm, co je lacin\u00e9 a dostupn\u00e9, a nak\u00e1\u017ee jim topit t\u00edm, co je a bude ukrutn\u011b drah\u00e9 a v omezen\u00e9m mno\u017estv\u00ed, proto\u017ee v\u00fdstavby tis\u00edc\u016f elektr\u00e1ren po cel\u00e9 EU se nepl\u00e1nuj\u00ed, pr\u00e1v\u011b naopak.<\/strong>\u00a0Pl\u00e1nuj\u00ed se dal\u0161\u00ed uzav\u0159en\u00ed jadern\u00fdch elektr\u00e1ren, po N\u011bmecku to \u010dek\u00e1 dal\u0161\u00ed evropsk\u00e9 zem\u011b. Copak se v\u0161ichni zbl\u00e1znili?<\/p>\n<h6><span style=\"font-size: 18pt;\">Na tal\u00ed\u0159i saran\u010de, p\u0159ed domem kolob\u011b\u017eka a svetr s finsk\u00fdm vzorem\u00a0<em>Pekari<\/em><\/span><\/h6>\n<p>Kde se vezme ta elekt\u0159ina na ty miliony bar\u00e1k\u016f v EU? Nevezme se nikde! Majitel\u00e9 v nich nebudou moci topit, nemovitosti prodaj\u00ed. A a\u017e je SGS v\u0161echny z\u00edsk\u00e1, tak v tom okam\u017eiku si tyto korporace na vyt\u00e1p\u011bn\u00ed t\u011bchto milion\u016f nemovitost\u00ed schv\u00e1l\u00ed fosiln\u00ed v\u00fdjimky a budou ty domy goyim zp\u011btn\u011b pronaj\u00edmat. Takov\u00fd je pl\u00e1n! Je to pl\u00e1n na okraden\u00ed n\u00e1rod\u016f \u00fapln\u011b o v\u0161echno, o jejich majetky a nakonec i o jejich vlastn\u00ed st\u00e1ty a hranice, viz. snaha Evropsk\u00e9 komise zru\u0161it v Evropsk\u00e9 rad\u011b pr\u00e1vo veta pro mal\u00e9 st\u00e1ty. Je to prost\u011b nejv\u011bt\u0161\u00ed rozkr\u00e1da\u010dka ve sv\u011btov\u00e9 historii pod z\u00e1minkou \u201c<em>lep\u0161osv\u011bta<\/em>\u201d a \u201c<em>lep\u0161oklimatu<\/em>\u201d pro v\u0161echny. Kdyby tupost nevl\u00e1dla mezi n\u00e1rody, tyto nosat\u00e9 procesy by nem\u011bly \u0161anci na \u00fasp\u011bch.<\/p>\n<figure id=\"attachment_56923\" class=\"wp-caption aligncenter\" style=\"width: 711px;\"><a href=\"https:\/\/aeronet.news\/wp-content\/uploads\/MarketaPekarovaAdamovaSvetr.jpg\"><img decoding=\"async\" loading=\"lazy\" class=\"wp-image-56923 \" src=\"https:\/\/aeronet.news\/wp-content\/uploads\/MarketaPekarovaAdamovaSvetr-1024x575.jpg\" sizes=\"(max-width: 700px) 100vw, 700px\" srcset=\"https:\/\/aeronet.news\/wp-content\/uploads\/MarketaPekarovaAdamovaSvetr-1024x575.jpg 1024w, https:\/\/aeronet.news\/wp-content\/uploads\/MarketaPekarovaAdamovaSvetr-300x169.jpg 300w, https:\/\/aeronet.news\/wp-content\/uploads\/MarketaPekarovaAdamovaSvetr-768x431.jpg 768w, https:\/\/aeronet.news\/wp-content\/uploads\/MarketaPekarovaAdamovaSvetr-700x393.jpg 700w, https:\/\/aeronet.news\/wp-content\/uploads\/MarketaPekarovaAdamovaSvetr-636x357.jpg 636w, https:\/\/aeronet.news\/wp-content\/uploads\/MarketaPekarovaAdamovaSvetr-860x483.jpg 860w, https:\/\/aeronet.news\/wp-content\/uploads\/MarketaPekarovaAdamovaSvetr.jpg 1280w\" alt=\"\" width=\"711\" height=\"399\" \/><\/a><figcaption class=\"wp-caption-text\">Mark\u00e9ta Pekarov\u00e1 Adamov\u00e1, p\u0159edsedkyn\u011b sn\u011bmovny. Ob\u010dan\u016fm p\u0159ed zimou 2022 vzk\u00e1zala, aby nakoupili svetry m\u00edsto pu\u0161t\u011bn\u00ed rusk\u00e9ho plynu do radi\u00e1tor\u016f v bytech. N\u00e1padem se inspirovala EU a zak\u00e1\u017ee od roku 2040 plyn v cel\u00e9 Evrop\u011b<\/figcaption><\/figure>\n<p>Ale kdy\u017e si rodi\u010de nechali do sebe a do sv\u00fdch d\u011bt\u00ed p\u0159ed 3 lety vst\u0159ikovat dobrovoln\u011b experiment\u00e1ln\u00ed roztoky a ani nehnuli brvou, a kdy\u017e rodi\u010de v USA a dokonce i v z\u00e1padn\u00ed Evrop\u011b si nech\u00e1vaj\u00ed p\u0159e\u0161\u00edvat sv\u00e9 d\u011bti na jin\u00e1 pohlav\u00ed, tak je jasn\u00e9, \u017ee pro SGS nebude ani probl\u00e9m d\u00e1t lidem na tal\u00ed\u0159e \u010dervy a saran\u010data. Nebudou m\u00edt ani probl\u00e9m d\u00e1t jim p\u0159ed n\u00e1jemn\u00ed byt m\u00edsto auta kolob\u011b\u017eky a do vymrzl\u00fdch nemovitost\u00ed jim nejprve doporu\u010d\u00ed svetry s finsk\u00fdm vzorem \u201c<em>Pekari<\/em>\u201d (<em>v p\u0159ekladu \u201cK\u00e1dinka\u201d<\/em>) a potom nab\u00eddnou odprodej p\u0159es v\u00fdkupn\u00ed spole\u010dnost registrovanou na Kypru nebo na Baham\u00e1ch.<\/p>\n<p>A lid\u00e9 se bou\u0159it nebudou, proto\u017ee ani v dob\u011b covidu, kdy\u017e jim SGS na zkou\u0161ku brali lidsk\u00e1 pr\u00e1va, se nikdo nebou\u0159il. Tedy, a\u017e na p\u00e1r v\u00fdjimek, na\u00a0<em>dezol\u00e1ty<\/em>, na kter\u00e9 ministr vnitra, navle\u010den\u00fd mimochodem v \u010derven\u00e9m svetru, nev\u00e1hal koupit vodn\u00ed d\u011bla\u00a0<strong>[<a href=\"https:\/\/href.li\/?https:\/\/www.reflex.cz\/clanek\/komentare\/105422\/proc-je-dulezite-miti-hamacka-ma-jasnou-vizi-nakupuje-mrazaky-na-mrtvoly-a-vodni-dela.html\" target=\"_blank\" rel=\"nofollow noopener\">4<\/a>]<\/strong>. Tak\u017ee, \u010d\u00edm vlastn\u011b budou majitel\u00e9 nemovitost\u00ed topit za p\u00e1r let? To je ot\u00e1zka, na kterou si um\u00ed odpov\u011bd\u011bt jen konceptu\u00e1ln\u011b gramotn\u00fd \u010dlov\u011bk. A ty odpov\u011bdi jsou ji\u017e dnes v roce 2024 doslova jako z hororu.<\/p>\n<p><a href=\"https:\/\/aeronet.news\/total-control-na-bydleni-je-tady-evropsky-parlament-odsouhlasil-smernici-na-zakaz-vytapeni-soukromych-budov-zemnim-plynem-s-ucinnosti-od-roku-2030-pro-vsechny-nove-budovy\/\">-VK- \u0160\u00e9fredaktor AE News<\/a><\/p>\n<p><img decoding=\"async\" loading=\"lazy\" class=\" wp-image-40286 aligncenter\" src=\"http:\/\/www.infokuryr.cz\/n\/wp-content\/uploads\/2023\/11\/12pro-300x87.png\" alt=\"\" width=\"769\" height=\"223\" srcset=\"https:\/\/www.infokuryr.cz\/n\/wp-content\/uploads\/2023\/11\/12pro-300x87.png 300w, https:\/\/www.infokuryr.cz\/n\/wp-content\/uploads\/2023\/11\/12pro.png 366w\" sizes=\"(max-width: 769px) 100vw, 769px\" \/><\/p>\n<p>&nbsp;<\/p>\n","protected":false},"excerpt":{"rendered":"<p>Total Control na bydlen\u00ed je tady! Evropsk\u00fd parlament odsouhlasil sm\u011brnici na z\u00e1kaz vyt\u00e1p\u011bn\u00ed soukrom\u00fdch budov&#8230;<\/p>\n","protected":false},"author":2,"featured_media":50742,"comment_status":"closed","ping_status":"closed","sticky":false,"template":"","format":"standard","meta":[],"categories":[6],"tags":[632,41,557,4330,463,2771],"_links":{"self":[{"href":"https:\/\/www.infokuryr.cz\/n\/wp-json\/wp\/v2\/posts\/50741"}],"collection":[{"href":"https:\/\/www.infokuryr.cz\/n\/wp-json\/wp\/v2\/posts"}],"about":[{"href":"https:\/\/www.infokuryr.cz\/n\/wp-json\/wp\/v2\/types\/post"}],"author":[{"embeddable":true,"href":"https:\/\/www.infokuryr.cz\/n\/wp-json\/wp\/v2\/users\/2"}],"replies":[{"embeddable":true,"href":"https:\/\/www.infokuryr.cz\/n\/wp-json\/wp\/v2\/comments?post=50741"}],"version-history":[{"count":1,"href":"https:\/\/www.infokuryr.cz\/n\/wp-json\/wp\/v2\/posts\/50741\/revisions"}],"predecessor-version":[{"id":50743,"href":"https:\/\/www.infokuryr.cz\/n\/wp-json\/wp\/v2\/posts\/50741\/revisions\/50743"}],"wp:featuredmedia":[{"embeddable":true,"href":"https:\/\/www.infokuryr.cz\/n\/wp-json\/wp\/v2\/media\/50742"}],"wp:attachment":[{"href":"https:\/\/www.infokuryr.cz\/n\/wp-json\/wp\/v2\/media?parent=50741"}],"wp:term":[{"taxonomy":"category","embeddable":true,"href":"https:\/\/www.infokuryr.cz\/n\/wp-json\/wp\/v2\/categories?post=50741"},{"taxonomy":"post_tag","embeddable":true,"href":"https:\/\/www.infokuryr.cz\/n\/wp-json\/wp\/v2\/tags?post=50741"}],"curies":[{"name":"wp","href":"https:\/\/api.w.org\/{rel}","templated":true}]}}