{"id":50728,"date":"2024-04-01T00:36:55","date_gmt":"2024-03-31T22:36:55","guid":{"rendered":"https:\/\/www.infokuryr.cz\/n\/?p=50728"},"modified":"2024-03-31T17:35:46","modified_gmt":"2024-03-31T15:35:46","slug":"michael-svatos-generalu-pavlovi-hrozi-mezinarodni-blamaz","status":"publish","type":"post","link":"https:\/\/www.infokuryr.cz\/n\/2024\/04\/01\/michael-svatos-generalu-pavlovi-hrozi-mezinarodni-blamaz\/","title":{"rendered":"Michael Svato\u0161: Gener\u00e1lu Pavlovi hroz\u00ed mezin\u00e1rodn\u00ed blam\u00e1\u017e!"},"content":{"rendered":"<div id=\"fb-root\"><\/div>\n<p><span style=\"font-size: 14pt; color: #993366;\"><strong>Gener\u00e1lu Pavlovi hroz\u00ed mezin\u00e1rodn\u00ed blam\u00e1\u017e! Generalissimus vojsk v\u0161\u00ed Ukrajiny se za\u010dal dom\u00e1hat sl\u00edben\u00fdch zbran\u00ed a miliard, jinak p\u0159estane \u00fato\u010dit a zah\u00e1j\u00ed \u00fastup za Dn\u011bpr! US tanky Abrams se uk\u00e1zaly k ni\u010demu a jsou snadno ni\u010deny \u2013 kr\u00e1sn\u00e9 video!<\/strong><\/span><\/p>\n<p>Generalissimus vojsk v\u0161\u00ed Ukrajiny, prezident Zelenskyj, v\u010dera lkal,\u00a0<a href=\"https:\/\/glavnoe.in.ua\/news\/zelenskyj-my-bilshe-ne-mozhemo-vtrachaty-chas?_gl=1*p8jssp*_up*MQ..*_ga*MTE3Mjk3OTA5MC4xNzExODQyMzUx*_ga_0Q1MS1NMQQ*MTcxMTg0MjM1MC4xLjAuMTcxMTg0MjM1MC4wLjAuMTc2MDk1NzA5OQ..\">\u017ee kdy\u017e nedostane nejnov\u011bj\u0161\u00ed americk\u00e9 dalekonosn\u00e9 st\u0159ely<\/a>, v\u00edce letadel F-16, a spoustu dal\u0161\u00edch d\u011bl, zbran\u00ed a munice,\u00a0<a href=\"https:\/\/www.unian.net\/war\/vsu-budut-otstupat-esli-ssha-ne-predostavyat-neobhodimuyu-voennuyu-pomoshch-zelenskiy-12588435.html\">tak ustoup\u00ed,<\/a>\u00a0za\u010dne zkracovat frontu, a nebude prov\u00e1d\u011bt \u017e\u00e1dn\u00e9 \u00fatoky. Pomineme-li, \u017ee zkracov\u00e1n\u00ed fronty s v\u00fdjimkou \u00fastupu za Dn\u011bpr nikam nepovede, proto\u017ee \u010d\u00edm hust\u011bji budou Generalissimovi sold\u00e1ti nama\u010dk\u00e1ni v z\u00e1kopech, t\u00edm v\u00edce jich Gosudarovo letectvo po\u0161le na onen sv\u011bt jedinou bombou FAB, a Putin bude \u0161\u0165astn\u011bj\u0161\u00ed, proto\u017ee u\u017e od podzimu 2022 nevede v\u00e1lku, aby Ukrajince porazil obsazen\u00edm jejich \u00fazem\u00ed, ale aby jich, na co nejkrat\u0161\u00ed front\u011b masivn\u00ed palebnou p\u0159evahou, co nejv\u00edce pozab\u00edjel a zmrza\u010dil, aby to jejich zbytek p\u0159estalo bavit, a rad\u011bji se roze\u0161li dom\u016f.<\/p>\n<p>Tak jedin\u00e9 rozumn\u00e9 vysv\u011btlen\u00ed v\u010derej\u0161\u00edho n\u00e1hl\u00e9ho a ne\u010dekan\u00e9ho vyhl\u00e1\u0161en\u00ed Zelensk\u00e9ho o zkracov\u00e1n\u00ed fronty, a o ukon\u010den\u00ed v\u0161ech dobyva\u010dn\u00fdch \u00fatok\u016f proti Donbasu a Krymu, p\u0159edstavuje vyhl\u00e1\u0161en\u00ed ultim\u00e1ta Washingtonu a Bruselu,\u00a0<a href=\"https:\/\/en.wikipedia.org\/wiki\/Condottiero\">dle vzoru slavn\u00fdch italsk\u00fdch \u017eoldn\u00e9\u0159sk\u00fdch kapit\u00e1n\u016f Condottiero,<\/a>\u00a0kte\u0159\u00ed se takto v historii oz\u00fdvali, v\u017edy kdy\u017e vl\u00e1dcov\u00e9, kte\u0159\u00ed si je najali, byli v prodlen\u00ed s dod\u00e1vkami zlata, zbran\u00ed a dal\u0161\u00edch v\u00e1le\u010dn\u00fdch pot\u0159eb. K \u010demu ov\u0161em Zelensk\u00e9mu budou je\u0161t\u011b dal\u0161\u00ed letadla F-16 je z\u00e1hadou. Na n\u00e1sleduj\u00edc\u00ed grafice vid\u00edte bojov\u00e9 mo\u017enosti F-16 proti Putinovu bombardovac\u00edmu uskupen\u00ed, kter\u00e9 shazuje bomby FAB, je\u017e d\u011bs\u00edc\u00ed Ukrajince v\u00edc ne\u017e co jin\u00e9ho.\u00a0<a href=\"https:\/\/www.pucara.org\/post\/es-el-alcance\">Grafika je prost\u00e1<\/a>\u00a0\u2013 rusk\u00e9 SU-35 st\u0159e\u017e\u00edc\u00ed bezpe\u010dnost letu bombard\u00e9r\u016f SU-34 smete F-16 z oblohy na 200km. SU-34 shazuj\u00ed bomby nejm\u00e9n\u011b 70km p\u0159ed c\u00edlem. F-16 dost\u0159el\u00ed jen 55km. V z\u00e1loze je\u0161t\u011b \u010d\u00edh\u00e1 rusk\u00fd MIG-34, ten ov\u0161em v\u011bt\u0161inou nese Kind\u017e\u00e1l, kdyby se n\u011bjak\u00fd Patriot snad cht\u011bl rusk\u00fdm bombard\u00e9r\u016fm postavit do cesty.<\/p>\n<p><img decoding=\"async\" loading=\"lazy\" class=\"wp-image-9905 aligncenter\" src=\"https:\/\/www.michalapetr.com\/wp-content\/uploads\/2024\/03\/freh.png\" sizes=\"(max-width: 2948px) 100vw, 2948px\" srcset=\"https:\/\/www.michalapetr.com\/wp-content\/uploads\/2024\/03\/freh.png 2948w, https:\/\/www.michalapetr.com\/wp-content\/uploads\/2024\/03\/freh-300x101.png 300w, https:\/\/www.michalapetr.com\/wp-content\/uploads\/2024\/03\/freh-1030x348.png 1030w, https:\/\/www.michalapetr.com\/wp-content\/uploads\/2024\/03\/freh-768x260.png 768w, https:\/\/www.michalapetr.com\/wp-content\/uploads\/2024\/03\/freh-1536x519.png 1536w, https:\/\/www.michalapetr.com\/wp-content\/uploads\/2024\/03\/freh-2048x693.png 2048w, https:\/\/www.michalapetr.com\/wp-content\/uploads\/2024\/03\/freh-1500x507.png 1500w, https:\/\/www.michalapetr.com\/wp-content\/uploads\/2024\/03\/freh-705x238.png 705w, https:\/\/www.michalapetr.com\/wp-content\/uploads\/2024\/03\/freh-450x152.png 450w\" alt=\"\" width=\"1023\" height=\"346\" \/><\/p>\n<p>US zbran\u011b na v\u00fdchodn\u00ed front\u011b drt\u00ed jedna r\u00e1na za druhou. V\u010dera rusk\u00fd autonomn\u00ed dron-zabij\u00e1k Lancet, nekorunovan\u00fd kr\u00e1l mezi v\u0161emi drony, p\u0159i sv\u00e9m letu vy\u010denichal americk\u00fd tank M1 Abrams, jak si v dresu Kyjeva ma\u0161\u00edruje na ruskou p\u011bchotu br\u00e1n\u00edc\u00ed Berdi\u010di p\u0159ed ukrajinsk\u00fdmi zte\u010demi. A hned se uk\u00e1zalo, \u017ee M1 Abrams nem\u00e1 \u0161anci, a to i kdy\u017e pou\u017eil protiopat\u0159en\u00ed REB a br\u00e1nil se st\u0159elbou ze sv\u00fdch po\u010d\u00edta\u010di \u0159\u00edzen\u00fdch zbran\u00ed.\u00a0<a href=\"https:\/\/t.me\/rybar\/58707\">Velmi kr\u00e1sn\u00e9 video zachycuj\u00edc\u00ed cel\u00fd \u00fatok man\u00e9vruj\u00edc\u00edho dronu doslova poskakuj\u00edc\u00edho ve vzduchu najdete zde<\/a>. Na doln\u00ed grafice kr\u00e1sn\u011b vid\u00edte, jak ka\u017ed\u00fd m\u011bs\u00edc stoupaj\u00ed \u00fatoky Lancet\u016f na ukrajinsk\u00e9 c\u00edle. V tabulce jsou pouze ve\u0159ejn\u011b dostupn\u00e9 \u00fatoky Lancet\u016f zachycen\u00e9 zve\u0159ejn\u011bn\u00fdmi videi. Ty p\u0159edstavuj\u00ed podle odhad\u016f nanejv\u00fd\u0161 5% v\u0161ech \u00fatok\u016f.<\/p>\n<p><img decoding=\"async\" loading=\"lazy\" class=\"wp-image-9903 aligncenter\" src=\"https:\/\/www.michalapetr.com\/wp-content\/uploads\/2024\/03\/photo_2024-03-31_05-17-57.jpg\" sizes=\"(max-width: 1275px) 100vw, 1275px\" srcset=\"https:\/\/www.michalapetr.com\/wp-content\/uploads\/2024\/03\/photo_2024-03-31_05-17-57.jpg 1275w, https:\/\/www.michalapetr.com\/wp-content\/uploads\/2024\/03\/photo_2024-03-31_05-17-57-300x154.jpg 300w, https:\/\/www.michalapetr.com\/wp-content\/uploads\/2024\/03\/photo_2024-03-31_05-17-57-1030x529.jpg 1030w, https:\/\/www.michalapetr.com\/wp-content\/uploads\/2024\/03\/photo_2024-03-31_05-17-57-768x395.jpg 768w, https:\/\/www.michalapetr.com\/wp-content\/uploads\/2024\/03\/photo_2024-03-31_05-17-57-705x362.jpg 705w, https:\/\/www.michalapetr.com\/wp-content\/uploads\/2024\/03\/photo_2024-03-31_05-17-57-450x231.jpg 450w\" alt=\"\" width=\"909\" height=\"467\" \/><\/p>\n<div id=\"attachment_9901\" class=\"wp-caption aligncenter\" style=\"width: 796px;\"><img decoding=\"async\" loading=\"lazy\" class=\" wp-image-9901\" src=\"https:\/\/www.michalapetr.com\/wp-content\/uploads\/2024\/03\/Kings_of_Battle_drop_Steel_Rain_140724-M-AR450-022.jpg\" sizes=\"(max-width: 1024px) 100vw, 1024px\" srcset=\"https:\/\/www.michalapetr.com\/wp-content\/uploads\/2024\/03\/Kings_of_Battle_drop_Steel_Rain_140724-M-AR450-022.jpg 1024w, https:\/\/www.michalapetr.com\/wp-content\/uploads\/2024\/03\/Kings_of_Battle_drop_Steel_Rain_140724-M-AR450-022-300x200.jpg 300w, https:\/\/www.michalapetr.com\/wp-content\/uploads\/2024\/03\/Kings_of_Battle_drop_Steel_Rain_140724-M-AR450-022-768x512.jpg 768w, https:\/\/www.michalapetr.com\/wp-content\/uploads\/2024\/03\/Kings_of_Battle_drop_Steel_Rain_140724-M-AR450-022-705x470.jpg 705w, https:\/\/www.michalapetr.com\/wp-content\/uploads\/2024\/03\/Kings_of_Battle_drop_Steel_Rain_140724-M-AR450-022-450x300.jpg 450w\" alt=\"\" width=\"796\" height=\"531\" aria-describedby=\"caption-attachment-9901\" \/><\/p>\n<p id=\"caption-attachment-9901\" class=\"wp-caption-text\">US gran\u00e1ty 155 mm M795 vypalovan\u00e9 Kyjevany z modern\u00edch US ta\u017een\u00fdch houfnic M777 se uk\u00e1zaly jako nep\u0159esn\u00e9, a Putinova artilerie Kyjevany snadno i s jejich US zbran\u011bmi p\u0159esnou d\u011blost\u0159elbou vedenou dokonce z v\u011bt\u0161\u00ed vzd\u00e1lenosti, ne\u017e kam gran\u00e1ty M795 dolet\u011bly, zni\u010dila! Polovina ze 190 US houfnic M777 to u\u017e m\u00e1 za sebou, p\u0159iznal v\u010dera smutn\u011b Kyjev.<\/p>\n<\/div>\n<p>Ukrajina dostala za celou dobu sv\u00e9 v\u00e1lky proti Putinovi od cel\u00e9ho Z\u00e1padu celkem 190 modern\u00edch ta\u017een\u00fdch houfnic M777 r\u00e1\u017ee 155mm, aby Rus\u016fm \u0159\u00e1dn\u011b vypr\u00e1\u0161ila ko\u017eich a zabavila jim Krym. Pl\u00e1n to byl odv\u00e1\u017en\u00fd, le\u010d selhal, a nejvy\u0161\u0161\u00ed velen\u00ed kyjevsk\u00fdch sold\u00e1t\u016f u\u017e v\u010dera smutn\u011b p\u0159iznalo,\u00a0<a href=\"https:\/\/www.unian.net\/weapons\/snaryady-dlya-ukrainy-gosudarstvo-gotovit-luchshie-gaubicy-v-ozhidanii-postavok-boepripasov-12589287.html\">\u017ee Rus jim u\u017e 44 t\u011bchto houfnic zni\u010dil, a 38 v\u00e1\u017en\u011b po\u0161kodil<\/a>, tak\u017ee jsou k ni\u010demu. Podle ozn\u00e1men\u00ed sold\u00e1t\u016f, je Rus mazan\u00fd, a britsk\u00e9 houfnice, kter\u00e9 dost\u0159el\u00ed pouze 30 km, likviduje ve velk\u00e9m vlastn\u00ed \u201cprotibaterijn\u00ed d\u011blost\u0159elbou\u201d z v\u011bt\u0161\u00ed vzd\u00e1lenosti, ne\u017e M777 dost\u0159el\u00ed. Rusk\u00e1 d\u011blost\u0159elba je i proklat\u011b p\u0159esn\u011bj\u0161\u00ed. Zat\u00edmco d\u011blost\u0159elba sold\u00e1t\u016f z nejmodern\u011bj\u0161\u00ed z\u00e1padn\u00ed houfnice M777\u00a0<a href=\"https:\/\/www.armadninoviny.cz\/houfnice-m777-na-ukrajine.html\">se uk\u00e1zala b\u00fdt v c\u00edli p\u0159esn\u00e1 tak na 30 metr\u016f<\/a>, a to je\u0161t\u011b pouze v p\u0159\u00edpad\u011b, \u017ee sold\u00e1ti mohou po Rusech p\u00e1lit drah\u00fd nav\u00e1d\u011bn\u00fd gran\u00e1t, (kit M1156 PGK), kter\u00fd dost\u00e1vaj\u00ed jen v\u00fdjime\u010dn\u011b, tak\u017ee d\u011blost\u0159elba oby\u010dejn\u00fdmi gran\u00e1ty (M107, M549 a M795, bez kitu M1156 PGK), je vlastn\u011b nep\u0159esn\u00e1 u\u017e podle po\u017eadavk\u016f velen\u00ed Wehrmachtu na p\u0159esnost n\u011bmeck\u00fdch d\u011bl za II. sv\u011btov\u00e9 v\u00e1lky.<\/p>\n<p>Naopak rusk\u00e1\u00a0<a href=\"https:\/\/moodle.unob.cz\/pluginfile.php\/42762\/mod_resource\/content\/3\/TAD_T3_Prezentace.pdf\">protibaterijn\u00ed d\u011blost\u0159elba<\/a>\u00a0je proklat\u011b p\u0159esn\u00e1, a je\u0161t\u011b hor\u0161\u00ed jsou podle sold\u00e1t\u016f hrozn\u00e9 rusk\u00e9 drony. Sold\u00e1ti nicm\u00e9n\u011b taky v\u010dera radostn\u011b ozn\u00e1mili, \u017ee aby mohli po Rusech za\u010d\u00edt st\u0159\u00edlet slibovan\u00e9 \u201cPavlovy gran\u00e1ty\u201d,\u00a0<a href=\"https:\/\/www.unian.net\/weapons\/snaryady-dlya-ukrainy-gosudarstvo-gotovit-luchshie-gaubicy-v-ozhidanii-postavok-boepripasov-12589287.html\">tak na Ukrajin\u011b vybudovali v\u00fdrobu n\u00e1hradn\u00edch d\u00edl\u016f pro zb\u00fdvaj\u00edc\u00ed pou\u017eiteln\u00e9 houfnice M777<\/a>, proto\u017ee \u017e\u00e1dn\u00e9 origin\u00e1ln\u00ed n\u00e1hradn\u00ed d\u00edly nedost\u00e1vaj\u00ed. A v\u0161em tak naivn\u011b vyzradili tajemstv\u00ed, \u017ee NATO je u\u017e na tom tak b\u00eddn\u011b, \u017ee nen\u00ed na Ukrajinu ani schopno pos\u00edlat n\u00e1hradn\u00ed d\u00edly na sv\u00e9 vlastn\u00ed modern\u00ed zbran\u011b. Gener\u00e1l Pavel by tak m\u011bl okam\u017eit\u011b jednat, a rychle prop\u00e1trat v\u0161echny NATO sklady, a zjistit, kam se n\u00e1hradn\u00ed d\u00edly na modern\u00ed NATO houfnice M777 ztratily, proto\u017ee jinak mu hroz\u00ed mezin\u00e1rodn\u00ed blam\u00e1\u017e, a Ukrajinci nebudou m\u00edt ani \u010d\u00edm jeho gran\u00e1ty po Rusech metat!<\/p>\n<div id=\"attachment_9900\" class=\"wp-caption aligncenter\" style=\"width: 809px;\"><img decoding=\"async\" loading=\"lazy\" class=\" wp-image-9900\" src=\"https:\/\/www.michalapetr.com\/wp-content\/uploads\/2024\/03\/93866071f387f88e.jpg\" sizes=\"(max-width: 1200px) 100vw, 1200px\" srcset=\"https:\/\/www.michalapetr.com\/wp-content\/uploads\/2024\/03\/93866071f387f88e.jpg 1200w, https:\/\/www.michalapetr.com\/wp-content\/uploads\/2024\/03\/93866071f387f88e-300x200.jpg 300w, https:\/\/www.michalapetr.com\/wp-content\/uploads\/2024\/03\/93866071f387f88e-1030x687.jpg 1030w, https:\/\/www.michalapetr.com\/wp-content\/uploads\/2024\/03\/93866071f387f88e-768x512.jpg 768w, https:\/\/www.michalapetr.com\/wp-content\/uploads\/2024\/03\/93866071f387f88e-705x470.jpg 705w, https:\/\/www.michalapetr.com\/wp-content\/uploads\/2024\/03\/93866071f387f88e-450x300.jpg 450w\" alt=\"\" width=\"809\" height=\"539\" aria-describedby=\"caption-attachment-9900\" \/><\/p>\n<p id=\"caption-attachment-9900\" class=\"wp-caption-text\">Osud nejnov\u011bj\u0161\u00edch rusk\u00fdch 2S40 Floks na boji\u0161ti je stejn\u00fd jako osud francouzsk\u00fdch houfnic Caesar a americk\u00fdch M777 dodan\u00fdch Ukrajin\u011b, a ukazuje, \u017ee A\u010cR dostane v roce 2026 zbran\u011b, kter\u00e9 se hod\u00ed jen za poj\u00edzdn\u00e9 plechov\u00e9 rakve pro voj\u00e1ky. Putin dal\u0161\u00ed v\u00fdrobu t\u011bchto p\u0159edra\u017een\u00fdch rakv\u00ed zastavil. Fiala nikoli!<\/p>\n<\/div>\n<p><a href=\"https:\/\/www.irozhlas.cz\/zpravy-domov\/cesko-nakup-francie-houfnice-smlouva-obrana-armada_2109301308_tzr\">Skoro 9 miliard CZK vyhodila A\u010cR na n\u00e1kup 52 houfnic Caesar 155mm<\/a>, kter\u00e9 m\u00e1 arm\u00e1da dostat do roku 2026! D\u011blo m\u00e1 kritickou konstruk\u010dn\u00ed chybu a nen\u00ed schopno odolat \u00fatoku dronu, uk\u00e1zaly zku\u0161enosti z ukrajinsk\u00e9ho konfliktu. D\u00e1nsk\u00e1 arm\u00e1da se v\u0161ech ned\u00e1vno nakoupen\u00fdch houfnic Caesar u\u017e rad\u011bji zbavila a poslala je doslou\u017eit na v\u00fdchodn\u00ed frontu. Koncepce levn\u00e9 ta\u017een\u00e9 houfnice, kter\u00e1 se de facto m\u00edsto zap\u0159a\u017een\u00ed za d\u011blost\u0159eleck\u00fd taha\u010d, dopravuje na boji\u0161t\u011b a vede na n\u011bm palbu z korby ter\u00e9nn\u00edho automobilu, kde je trvale usazena, se na Ukrajin\u011b rychle uk\u00e1zala kritickou. Chybu neud\u011blali jen Francouzi, ale i Rusov\u00e9, ti ned\u00e1vno vymysleli obdobnou zbra\u0148 \u2013\u00a0<a href=\"https:\/\/en.defence-ua.com\/news\/russias_latest_2s40_floks_mortar_destroyed_by_ukrainian_fpv_drone-10002.html\">2S40Floks<\/a>\u00a0\u2013 a jakmile prvn\u00edch p\u00e1r kus\u016f p\u0159ed m\u011bs\u00edcem dorazilo na boji\u0161t\u011b, rychle se uk\u00e1zalo, \u017ee je dostihne stejn\u00fd osud jako modern\u00ed z\u00e1padn\u00ed houfnice Caesar a M777, a budou snadno zni\u010deny levn\u00fdmi drony. (<a href=\"https:\/\/t.me\/ssternenko\/26875\">Zni\u010den\u00ed 2S40Floks, velmi p\u011bkn\u00e9 video<\/a>).<\/p>\n<p><a href=\"https:\/\/stranapro.cz\/\"><img decoding=\"async\" loading=\"lazy\" class=\"alignnone  wp-image-40285 aligncenter\" src=\"http:\/\/www.infokuryr.cz\/n\/wp-content\/uploads\/2023\/11\/11pro-300x79.png\" alt=\"\" width=\"592\" height=\"156\" srcset=\"https:\/\/www.infokuryr.cz\/n\/wp-content\/uploads\/2023\/11\/11pro-300x79.png 300w, https:\/\/www.infokuryr.cz\/n\/wp-content\/uploads\/2023\/11\/11pro.png 363w\" sizes=\"(max-width: 592px) 100vw, 592px\" \/><\/a><\/p>\n<p>2S40 Floks byl p\u0159itom n\u00e1padit\u00e1 konstrukce, rychl\u00e9ho obrn\u011bn\u00e9ho minometu 120 mm, kter\u00e1 m\u011bla umo\u017e\u0148ovat spojen\u00ed nep\u0159\u00edm\u00e9 st\u0159elby minometu s p\u0159\u00edmou st\u0159elbou d\u011blem.<a href=\"https:\/\/en.defence-ua.com\/news\/russias_latest_2s40_floks_mortar_destroyed_by_ukrainian_fpv_drone-10002.html\">\u00a0\u0160lo tak o hybrid minometu, houfnice a d\u011bla<\/a>, kter\u00fd m\u011bl b\u00fdt rychl\u00fd a univerz\u00e1ln\u00ed. Kritickou chybou, kterou drony neodpou\u0161t\u011bj\u00ed, se v\u0161ak uk\u00e1zalo, um\u00edst\u011bn\u00ed zbran\u011b, munice a obsluhy d\u011bla na odkrytou korbu obrn\u011bn\u00e9ho vozidla podobn\u011b jako u Caesar. Kdy\u017e ukrajinsk\u00e9 drony, kter\u00e9 ne\u00fato\u010d\u00ed v takov\u00e9m mno\u017estv\u00ed jako rusk\u00e9, a kter\u00e9 ani nejsou autonomn\u00ed zabij\u00e1ck\u00e9 Lancety, ale v\u011bt\u0161inou jen civiln\u00ed stavebnice, p\u0159esto dok\u00e1\u017e\u00ed zlikvidovat 2S40 Floks, navzdory siln\u00e9 rusk\u00e9 PVO, nen\u00ed potom divu, \u017ee houfnice Caesar skon\u010dily neslavn\u011b, a v\u011bt\u0161ina z nich u\u017e je zni\u010dena. Putin v\u0161ak nen\u00ed Fiala, a tak n\u00e1kup dal\u0161\u00edch 2S40 Floks zru\u0161il.\u00a0<a href=\"https:\/\/www.irozhlas.cz\/zpravy-domov\/cesko-nakup-francie-houfnice-smlouva-obrana-armada_2109301308_tzr\">Houfnice Caesar nakoupili je\u0161t\u011b Metnar s Babi\u0161em<\/a>, bylo to sice p\u0159ed ukrajinskou v\u00e1lkou, ale u\u017e\u00a0<a href=\"https:\/\/cs.wikipedia.org\/wiki\/Druh%C3%A1_v%C3%A1lka_o_N%C3%A1horn%C3%AD_Karabach\">po druh\u00e9 v\u00e1lce o Karabach<\/a>, kter\u00e1 uk\u00e1zala, \u017ee nekryt\u00e1 obsluha ta\u017een\u00fdch houfnic a jejich hybrid\u016f na otev\u0159en\u00fdch korb\u00e1ch aut, je d\u00edky dron\u016fm slep\u00e1 v\u00fdvojov\u00e1 cesta. Doba Bushe mlad\u0161\u00edho, kdy drah\u00e9 M777 a Ceasar levn\u011b lovily r\u016fzn\u00e9 pou\u0161tn\u00ed rebely na d\u017eih\u00e1d-mobilech, skon\u010dila. A nastala doba, kdy ka\u017ed\u00fd\u00a0<a href=\"https:\/\/cs.wikipedia.org\/wiki\/H%C3%BAt%C3%ADov%C3%A9\">pou\u0161tn\u00ed H\u00fat\u00eda<\/a>\u00a0bude s dronem levn\u011b lovit drah\u00e9 M777 a Caesar. Bohu\u017eel \u010cernochov\u00e1 to nechce pochopit, aby smlouvu vypov\u011bd\u011bla. Macron jist\u011b r\u00e1d m\u00edsto houfnic dod\u00e1 protivzdu\u0161n\u00e9 rakety, kter\u00e9 \u010cR k zaji\u0161t\u011bn\u00ed jej\u00ed bezpe\u010dnosti tak nal\u00e9hav\u011b chyb\u00ed.<\/p>\n<p><a href=\"https:\/\/www.michalapetr.com\/\">Michael Svato\u0161<\/a><\/p>\n<p><img decoding=\"async\" loading=\"lazy\" class=\"alignnone size-full wp-image-27204\" src=\"http:\/\/www.infokuryr.cz\/n\/wp-content\/uploads\/2023\/05\/Michael_Svatos.png\" alt=\"\" width=\"180\" height=\"180\" srcset=\"https:\/\/www.infokuryr.cz\/n\/wp-content\/uploads\/2023\/05\/Michael_Svatos.png 180w, https:\/\/www.infokuryr.cz\/n\/wp-content\/uploads\/2023\/05\/Michael_Svatos-150x150.png 150w\" sizes=\"(max-width: 180px) 100vw, 180px\" \/><\/p>\n<p>&nbsp;<\/p>\n","protected":false},"excerpt":{"rendered":"<p>Gener\u00e1lu Pavlovi hroz\u00ed mezin\u00e1rodn\u00ed blam\u00e1\u017e! Generalissimus vojsk v\u0161\u00ed Ukrajiny se za\u010dal dom\u00e1hat sl\u00edben\u00fdch zbran\u00ed a&#8230;<\/p>\n","protected":false},"author":2,"featured_media":49432,"comment_status":"closed","ping_status":"closed","sticky":false,"template":"","format":"standard","meta":[],"categories":[6],"tags":[1042,2365,7052,1173,26],"_links":{"self":[{"href":"https:\/\/www.infokuryr.cz\/n\/wp-json\/wp\/v2\/posts\/50728"}],"collection":[{"href":"https:\/\/www.infokuryr.cz\/n\/wp-json\/wp\/v2\/posts"}],"about":[{"href":"https:\/\/www.infokuryr.cz\/n\/wp-json\/wp\/v2\/types\/post"}],"author":[{"embeddable":true,"href":"https:\/\/www.infokuryr.cz\/n\/wp-json\/wp\/v2\/users\/2"}],"replies":[{"embeddable":true,"href":"https:\/\/www.infokuryr.cz\/n\/wp-json\/wp\/v2\/comments?post=50728"}],"version-history":[{"count":1,"href":"https:\/\/www.infokuryr.cz\/n\/wp-json\/wp\/v2\/posts\/50728\/revisions"}],"predecessor-version":[{"id":50729,"href":"https:\/\/www.infokuryr.cz\/n\/wp-json\/wp\/v2\/posts\/50728\/revisions\/50729"}],"wp:featuredmedia":[{"embeddable":true,"href":"https:\/\/www.infokuryr.cz\/n\/wp-json\/wp\/v2\/media\/49432"}],"wp:attachment":[{"href":"https:\/\/www.infokuryr.cz\/n\/wp-json\/wp\/v2\/media?parent=50728"}],"wp:term":[{"taxonomy":"category","embeddable":true,"href":"https:\/\/www.infokuryr.cz\/n\/wp-json\/wp\/v2\/categories?post=50728"},{"taxonomy":"post_tag","embeddable":true,"href":"https:\/\/www.infokuryr.cz\/n\/wp-json\/wp\/v2\/tags?post=50728"}],"curies":[{"name":"wp","href":"https:\/\/api.w.org\/{rel}","templated":true}]}}