{"id":50707,"date":"2024-04-01T00:38:59","date_gmt":"2024-03-31T22:38:59","guid":{"rendered":"https:\/\/www.infokuryr.cz\/n\/?p=50707"},"modified":"2024-03-31T16:40:01","modified_gmt":"2024-03-31T14:40:01","slug":"nizozemsko-umisti-rakety-patriot-blizko-ruskych-hranic","status":"publish","type":"post","link":"https:\/\/www.infokuryr.cz\/n\/2024\/04\/01\/nizozemsko-umisti-rakety-patriot-blizko-ruskych-hranic\/","title":{"rendered":"Nizozemsko um\u00edst\u00ed rakety Patriot bl\u00edzko rusk\u00fdch hranic"},"content":{"rendered":"<div id=\"fb-root\"><\/div>\n<p><span style=\"font-size: 18pt;\"><strong>Nizozemsk\u00e1 jednotka protivzdu\u0161n\u00e9 obrany uspo\u0159\u00e1d\u00e1 v Litv\u011b cvi\u010den\u00ed \u201ep\u0159ipravenosti\u201c NATO<\/strong><\/span><\/p>\n<p><span>Nizozemsko nasad\u00ed jednotku protivzdu\u0161n\u00e9 obrany Patriot sv\u00e9mu spojenci v NATO Litv\u011b v r\u00e1mci letn\u00edho spole\u010dn\u00e9ho cvi\u010den\u00ed protivzdu\u0161n\u00e9 obrany, ozn\u00e1milo tento t\u00fdden nizozemsk\u00e9 ministerstvo obrany.<\/span><\/p>\n<p><span>N\u011bkolik t\u00fddn\u016f dlouh\u00e9 cvi\u010den\u00ed je nezbytn\u00e9 pro pos\u00edlen\u00ed protivzdu\u0161n\u00e9 obrany na v\u00fdchodn\u00edm k\u0159\u00eddle, uvedla ve \u010dtvrtek nizozemsk\u00e1 arm\u00e1da v tiskov\u00e9 zpr\u00e1v\u011b. Stanoven\u00fdm c\u00edlem je otestovat schopnost jednotek NATO rychle p\u0159epravit a rozm\u00edstit takov\u00e9 jednotky do dan\u00e9 oblasti. Rozhodnut\u00ed um\u00edstit syst\u00e9m vyroben\u00fd v USA pobl\u00ed\u017e rusk\u00fdch hranic\u00a0<\/span><em><span>\u201ep\u0159isp\u00edv\u00e1 k p\u0159ipravenosti protivzdu\u0161n\u00e9 obrany NATO\u201c,<\/span><\/em><span>\u00a0prohl\u00e1sila ve zpr\u00e1v\u011b nizozemsk\u00e1 ministryn\u011b obrany Kajsa Ollongrenov\u00e1.<\/span><\/p>\n<p><span>Vilnius p\u0159iv\u00edtal cvi\u010den\u00ed jako v\u00fdbornou zpr\u00e1vu a poznamenal, \u017ee Nizozemci budou tr\u00e9novat bez pov\u0161imnut\u00ed p\u0159esuny takov\u00fdch jednotek vedle litevsk\u00fdch ozbrojen\u00fdch sil. S\u00edly roz\u0161\u00ed\u0159en\u00e9 p\u0159edsunut\u00e9 p\u0159\u00edtomnosti vojensk\u00e9ho bloku pod veden\u00edm USA jsou\u00a0<\/span><em><span>\u201e\u017eivotn\u011b d\u016fle\u017eit\u00e9 pro bezpe\u010dnost pobaltsk\u00fdch st\u00e1t\u016f\u201c,<\/span><\/em><span>\u00a0\u0159ekl v p\u00e1tek ministr obrany Laurynas Kasciunas a vyzval k v\u011bt\u0161\u00edmu nasazen\u00ed a cvi\u010den\u00ed zahrnuj\u00edc\u00edch letadla NATO a pozemn\u00ed syst\u00e9my protivzdu\u0161n\u00e9 obrany v jej\u00ed zemi.<\/span><\/p>\n<p><span>Nen\u00ed jasn\u00e9, co bude holandsk\u00e9 nasazen\u00ed jednotek Patriot v Litv\u011b obn\u00e1\u0161et. Jedna baterie syst\u00e9mu protivzdu\u0161n\u00e9 obrany se skl\u00e1d\u00e1 z n\u011bkolika jednotek namontovan\u00fdch na n\u00e1kladn\u00edch vozidlech, v\u010detn\u011b pohonu, radaru, ant\u00e9ny, \u0159\u00edzen\u00ed z\u00e1b\u011bru a dal\u0161\u00edch podp\u016frn\u00fdch vozidel, jako\u017e i a\u017e osmi odpalovac\u00edch za\u0159\u00edzen\u00ed s protiraketov\u00fdmi st\u0159elami.<\/span><\/p>\n<p><span>Nizozemsko je jednou z m\u00e1la zem\u00ed, kter\u00e9 dodaly dva ze sv\u00fdch odpalovac\u00edch za\u0159\u00edzen\u00ed Patriot na Ukrajinu spolu s USA a N\u011bmeckem, z nich\u017e ka\u017ed\u00e1 poslala plnou baterii.<\/span><\/p>\n<p><span>Rozm\u00edst\u011bn\u00ed bude n\u00e1sledovat po prob\u00edhaj\u00edc\u00edm vojensk\u00e9m cvi\u010den\u00ed NATO Steadfast Defender 2024, jednom z nejv\u011bt\u0161\u00edch za posledn\u00ed desetilet\u00ed, kter\u00e9 zahrnuje p\u0159ibli\u017en\u011b 90 000 voj\u00e1k\u016f, v\u00edce ne\u017e tis\u00edc bojov\u00fdch vozidel, v\u00edce ne\u017e 50 n\u00e1mo\u0159n\u00edch plavidel, 80 vrtuln\u00edk\u016f, dron\u016f a st\u00edha\u010dek ze v\u0161ech 32 \u010dlensk\u00fdch st\u00e1t\u016f. .<\/span><\/p>\n<p><span>Rusko prohl\u00e1silo, \u017ee zv\u00fd\u0161en\u00e9 vojensk\u00e9 v\u00fddaje a st\u00e1le \u010dast\u011bj\u0161\u00ed vojensk\u00e9 cvi\u010den\u00ed vojensk\u00e9ho bloku pod veden\u00edm USA demonstruj\u00ed jeho\u00a0<\/span><em><span>\u201est\u00e1le agresivn\u00ed povahu\u201c.<\/span><\/em><span>\u00a0Cvi\u010den\u00ed nacvi\u010duj\u00ed\u00a0<\/span><em><span>\u201esc\u00e9n\u00e1\u0159 ozbrojen\u00e9ho st\u0159etu s Ruskem\u201c,<\/span><\/em><span>\u00a0zvy\u0161uj\u00ed nap\u011bt\u00ed a destabilizuj\u00ed sv\u011bt, \u0159ekl na za\u010d\u00e1tku b\u0159ezna tajemn\u00edk rusk\u00e9 Rady bezpe\u010dnosti Nikolaj Patru\u0161ev.<\/span><\/p>\n<p><span>Patru\u0161ev ozna\u010dil NATO za\u00a0<\/span><em><span>\u201ed\u016fle\u017eit\u00fd n\u00e1stroj vlivu Washingtonu na ostatn\u00ed zem\u011b\u201c<\/span><\/em><span>\u00a0, kter\u00e9 za 75 let sv\u00e9 existence jako samozvan\u00e9ho garanta m\u00edru a demokracie\u00a0<\/span><em><span>\u201erozpoutalo v\u00edce ne\u017e sto v\u00e1lek a vojensk\u00fdch konflikt\u016f po cel\u00e9m sv\u011bt\u011b a je p\u0159ipravovat se na v\u00edc.&#8220;<\/span><\/em><\/p>\n<p><img decoding=\"async\" loading=\"lazy\" class=\"alignnone size-full wp-image-1185\" src=\"http:\/\/www.infokuryr.cz\/n\/wp-content\/uploads\/2021\/04\/kuryr-podpis.png\" alt=\"\" width=\"84\" height=\"24\" \/><\/p>\n<p>&nbsp;<\/p>\n","protected":false},"excerpt":{"rendered":"<p>Nizozemsk\u00e1 jednotka protivzdu\u0161n\u00e9 obrany uspo\u0159\u00e1d\u00e1 v Litv\u011b cvi\u010den\u00ed \u201ep\u0159ipravenosti\u201c NATO Nizozemsko nasad\u00ed jednotku protivzdu\u0161n\u00e9 obrany&#8230;<\/p>\n","protected":false},"author":2,"featured_media":28515,"comment_status":"closed","ping_status":"closed","sticky":false,"template":"","format":"standard","meta":[],"categories":[7],"tags":[208,781,2215],"_links":{"self":[{"href":"https:\/\/www.infokuryr.cz\/n\/wp-json\/wp\/v2\/posts\/50707"}],"collection":[{"href":"https:\/\/www.infokuryr.cz\/n\/wp-json\/wp\/v2\/posts"}],"about":[{"href":"https:\/\/www.infokuryr.cz\/n\/wp-json\/wp\/v2\/types\/post"}],"author":[{"embeddable":true,"href":"https:\/\/www.infokuryr.cz\/n\/wp-json\/wp\/v2\/users\/2"}],"replies":[{"embeddable":true,"href":"https:\/\/www.infokuryr.cz\/n\/wp-json\/wp\/v2\/comments?post=50707"}],"version-history":[{"count":0,"href":"https:\/\/www.infokuryr.cz\/n\/wp-json\/wp\/v2\/posts\/50707\/revisions"}],"wp:featuredmedia":[{"embeddable":true,"href":"https:\/\/www.infokuryr.cz\/n\/wp-json\/wp\/v2\/media\/28515"}],"wp:attachment":[{"href":"https:\/\/www.infokuryr.cz\/n\/wp-json\/wp\/v2\/media?parent=50707"}],"wp:term":[{"taxonomy":"category","embeddable":true,"href":"https:\/\/www.infokuryr.cz\/n\/wp-json\/wp\/v2\/categories?post=50707"},{"taxonomy":"post_tag","embeddable":true,"href":"https:\/\/www.infokuryr.cz\/n\/wp-json\/wp\/v2\/tags?post=50707"}],"curies":[{"name":"wp","href":"https:\/\/api.w.org\/{rel}","templated":true}]}}