{"id":50705,"date":"2024-04-01T00:37:50","date_gmt":"2024-03-31T22:37:50","guid":{"rendered":"https:\/\/www.infokuryr.cz\/n\/?p=50705"},"modified":"2024-03-31T16:37:26","modified_gmt":"2024-03-31T14:37:26","slug":"pres-noc-ruske-udery-zasahly-energetickou-infrastrukturu-znicily-valecna-letadla-na-ukrajine","status":"publish","type":"post","link":"https:\/\/www.infokuryr.cz\/n\/2024\/04\/01\/pres-noc-ruske-udery-zasahly-energetickou-infrastrukturu-znicily-valecna-letadla-na-ukrajine\/","title":{"rendered":"P\u0159es noc rusk\u00e9 \u00fadery zas\u00e1hly energetickou infrastrukturu, zni\u010dily v\u00e1le\u010dn\u00e1 letadla na Ukrajin\u011b"},"content":{"rendered":"<div id=\"fb-root\"><\/div>\n<p><strong><span>Rusk\u00e1 arm\u00e1da provedla p\u0159es noc \u201emasov\u00fd \u00fader\u201c proti ukrajinsk\u00e9 energetick\u00e9 infrastruktu\u0159e a za\u0159\u00edzen\u00edm na v\u00fdrobu plynu, ozn\u00e1milo rusk\u00e9 ministerstvo obrany 31.<\/span><\/strong><\/p>\n<p><span>V kr\u00e1tk\u00e9m prohl\u00e1\u0161en\u00ed ministerstvo uvedlo, \u017ee p\u0159i \u00fatoku byly pou\u017eity \u201evzdu\u0161n\u00e9 vysoce p\u0159esn\u00e9 zbran\u011b dlouh\u00e9ho doletu\u201c a sebevra\u017eedn\u00e9 drony.<\/span><\/p>\n<p><em>&#8222;V d\u016fsledku st\u00e1vky byla naru\u0161ena pr\u00e1ce podnik\u016f obrann\u00e9ho pr\u016fmyslu na v\u00fdrobu a opravy zbran\u00ed, vojensk\u00e9 techniky a munice,&#8220; uvedlo ministerstvo. \u201eV\u0161echny c\u00edle st\u00e1vky byly spln\u011bny. V\u0161echny p\u0159id\u011blen\u00e9 c\u00edle byly obsazeny.&#8220;<\/em><\/p>\n<p><span>V noci z\u00a0<\/span><a href=\"https:\/\/southfront.press\/another-wave-of-missile-drone-strikes-hit-ukraine-overnight-videos-photos\/\"><span>30. na 31. b\u0159ezna<\/span><\/a><span>\u00a0ukrajinsk\u00e1 m\u00e9dia informovala o rusk\u00fdch \u00faderech na ji\u017en\u00ed oblasti Od\u011bsa a Cherson a tak\u00e9 na z\u00e1padn\u00ed oblasti Lvov a Ivano-Frankivsk. V\u00fdbuchy byly nav\u00edc hl\u00e1\u0161eny v hlavn\u00edm m\u011bst\u011b Kyjev\u011b.<\/span><\/p>\n<p><span>P\u0159i hromadn\u00e9m \u00fatoku byly \u00fadajn\u011b pou\u017eity \u0159\u00edzen\u00e9 st\u0159ely Kh-101 vypu\u0161t\u011bn\u00e9 ze strategick\u00fdch bombard\u00e9r\u016f Tu-95MS a sebevra\u017eedn\u00e9 drony Geran-1\/2.<\/span><\/p>\n<p><span>Rusk\u00e9 ministerstvo obrany na stejn\u00e9m briefingu ozn\u00e1milo, \u017ee opera\u010dn\u011b-taktick\u00e9 a arm\u00e1dn\u00ed letectvo spolu s raketov\u00fdm vojskem a d\u011blost\u0159electvem provedlo p\u0159es noc \u00fadery proti leteck\u00e9 z\u00e1kladn\u011b Voznesensk v jihoukrajinsk\u00e9 oblasti Nikolajevka.<\/span><\/p>\n<p><span>Podle ministerstva byly p\u0159i p\u0159esn\u00fdch n\u00e1letech zni\u010deny t\u0159i st\u00edha\u010dky Su-25 ukrajinsk\u00e9ho letectva.<\/span><\/p>\n<p><span>Za\u010d\u00e1tkem tohoto m\u011bs\u00edce rusk\u00e1 arm\u00e1da obnovila rozs\u00e1hl\u00e9 \u00fadery proti Ukrajin\u011b po s\u00e9rii provokac\u00ed ze strany Kyjeva, v\u010detn\u011b des\u00edtek \u00fader\u016f raketami, raketami a sebevra\u017eedn\u00fdmi drony na rusk\u00e9 \u00fazem\u00ed, stejn\u011b jako p\u0159eshrani\u010dn\u00ed \u00fatoky.<\/span><\/p>\n<p><span>Kyjevsk\u00e9 s\u00edly utrp\u011bly t\u011b\u017ek\u00e9 ztr\u00e1ty v d\u016fsledku ned\u00e1vn\u00fdch rusk\u00fdch \u00fader\u016f. Zvl\u00e1\u0161t\u011b t\u011b\u017ece posti\u017eena byla elektrick\u00e1 s\u00ed\u0165 na Ukrajin\u011b.<\/span><\/p>\n<p><img decoding=\"async\" loading=\"lazy\" class=\"alignnone size-full wp-image-1185\" src=\"http:\/\/www.infokuryr.cz\/n\/wp-content\/uploads\/2021\/04\/kuryr-podpis.png\" alt=\"\" width=\"84\" height=\"24\" \/><\/p>\n<p>&nbsp;<\/p>\n","protected":false},"excerpt":{"rendered":"<p>Rusk\u00e1 arm\u00e1da provedla p\u0159es noc \u201emasov\u00fd \u00fader\u201c proti ukrajinsk\u00e9 energetick\u00e9 infrastruktu\u0159e a za\u0159\u00edzen\u00edm na v\u00fdrobu&#8230;<\/p>\n","protected":false},"author":2,"featured_media":50706,"comment_status":"closed","ping_status":"closed","sticky":false,"template":"","format":"standard","meta":[],"categories":[7],"tags":[3535,22,26],"_links":{"self":[{"href":"https:\/\/www.infokuryr.cz\/n\/wp-json\/wp\/v2\/posts\/50705"}],"collection":[{"href":"https:\/\/www.infokuryr.cz\/n\/wp-json\/wp\/v2\/posts"}],"about":[{"href":"https:\/\/www.infokuryr.cz\/n\/wp-json\/wp\/v2\/types\/post"}],"author":[{"embeddable":true,"href":"https:\/\/www.infokuryr.cz\/n\/wp-json\/wp\/v2\/users\/2"}],"replies":[{"embeddable":true,"href":"https:\/\/www.infokuryr.cz\/n\/wp-json\/wp\/v2\/comments?post=50705"}],"version-history":[{"count":0,"href":"https:\/\/www.infokuryr.cz\/n\/wp-json\/wp\/v2\/posts\/50705\/revisions"}],"wp:featuredmedia":[{"embeddable":true,"href":"https:\/\/www.infokuryr.cz\/n\/wp-json\/wp\/v2\/media\/50706"}],"wp:attachment":[{"href":"https:\/\/www.infokuryr.cz\/n\/wp-json\/wp\/v2\/media?parent=50705"}],"wp:term":[{"taxonomy":"category","embeddable":true,"href":"https:\/\/www.infokuryr.cz\/n\/wp-json\/wp\/v2\/categories?post=50705"},{"taxonomy":"post_tag","embeddable":true,"href":"https:\/\/www.infokuryr.cz\/n\/wp-json\/wp\/v2\/tags?post=50705"}],"curies":[{"name":"wp","href":"https:\/\/api.w.org\/{rel}","templated":true}]}}