{"id":50689,"date":"2024-03-31T00:40:06","date_gmt":"2024-03-30T23:40:06","guid":{"rendered":"https:\/\/www.infokuryr.cz\/n\/?p=50689"},"modified":"2024-03-30T19:19:18","modified_gmt":"2024-03-30T18:19:18","slug":"ivana-turkova-nase-duchodova-reforma-dustojny-zivot-ve-stari","status":"publish","type":"post","link":"https:\/\/www.infokuryr.cz\/n\/2024\/03\/31\/ivana-turkova-nase-duchodova-reforma-dustojny-zivot-ve-stari\/","title":{"rendered":"Ivana Turkov\u00e1: Na\u0161e d\u016fchodov\u00e1 reforma = d\u016fstojn\u00fd \u017eivot ve st\u00e1\u0159\u00ed"},"content":{"rendered":"<div id=\"fb-root\"><\/div>\n<div dir=\"auto\">\n<div id=\"upload-info\" class=\"style-scope ytd-video-owner-renderer\">\n<div id=\"container\" class=\"style-scope ytd-channel-name\">\n<div id=\"text-container\" class=\"style-scope ytd-channel-name\">\n<p><span style=\"font-size: 18pt; color: #993366;\"><strong>Na\u0161e d\u016fchodov\u00e1 reforma nen\u00ed pouhou parametrickou zm\u011bnou sou\u010dasn\u00e9ho \u0161patn\u011b funguj\u00edc\u00edho d\u016fchodov\u00e9ho syst\u00e9mu, ale \u0159e\u0161\u00ed mezigenera\u010dn\u00ed vazby a n\u00e1slednou prov\u00e1zanost s prorodinnou politikou!<\/strong><\/span><\/p>\n<p><iframe loading=\"lazy\" title=\"Na\u0161e d\u016fchodov\u00e1 reforma = d\u016fstojn\u00fd \u017eivot ve st\u00e1\u0159\u00ed\" width=\"640\" height=\"360\" src=\"https:\/\/www.youtube.com\/embed\/0eCR5huHt7o?start=38&#038;feature=oembed\" frameborder=\"0\" allow=\"accelerometer; autoplay; clipboard-write; encrypted-media; gyroscope; picture-in-picture; web-share\" referrerpolicy=\"strict-origin-when-cross-origin\" allowfullscreen><\/iframe><\/p>\n<p><span style=\"font-size: 14pt;\"><strong>Na\u0161e d\u016fchodov\u00e1 reforma je postavena na \u010dty\u0159ech stabiln\u00edch pil\u00ed\u0159\u00edch, kter\u00e9 jsou v r\u00e1mci diverzifikace rizik financovan\u00e9 z rozd\u00edln\u00fdch zdroj\u016f!<\/strong><\/span><\/p>\n<p><span style=\"font-size: 14pt;\"><strong>Na\u0161e d\u016fchodov\u00e1 reforma vytv\u00e1\u0159\u00ed dodate\u010dn\u00e9 p\u0159\u00edjmy pro stabilizaci cel\u00e9ho syst\u00e9mu bez zvy\u0161ov\u00e1n\u00ed soci\u00e1ln\u00edch odvod\u016f!<\/strong><\/span><\/p>\n<p><span style=\"font-size: 14pt;\"><strong>Nezv\u00fd\u0161\u00edme da\u0148ov\u00e9 zat\u00ed\u017een\u00ed ob\u010dan\u016fm, zam\u011bstnanc\u016fm, ani podnikatel\u016fm, ale spravedliv\u011b zdan\u00edme ty, jejich\u017e zisky od n\u00e1s kon\u010d\u00ed v zahrani\u010d\u00ed!<\/strong><\/span><\/p>\n<p><span style=\"font-size: 14pt;\"><strong>Vytvo\u0159\u00edme d\u016fchodovou poji\u0161\u0165ovnu s hospoda\u0159en\u00edm odd\u011blen\u00fdm od st\u00e1tn\u00edho rozpo\u010dtu s ru\u010den\u00edm st\u00e1tu, abychom zamezili jak\u00e9mukoliv ovliv\u0148ov\u00e1n\u00ed ze strany politik\u016f!<\/strong><\/span><\/p>\n<p><span style=\"font-size: 14pt;\"><strong>Sn\u00ed\u017e\u00edme v\u011bk odchodu do d\u016fchodu na evropsk\u00fd pr\u016fm\u011br 63 let!<\/strong><\/span><\/p>\n<\/div>\n<\/div>\n<\/div>\n<div id=\"subscribe-button\" class=\"style-scope ytd-watch-metadata\">\n<div><\/div>\n<div class=\"smartimation__content\"><a href=\"https:\/\/stranapro.cz\/\"><img decoding=\"async\" loading=\"lazy\" class=\"wp-image-45625 aligncenter\" src=\"http:\/\/www.infokuryr.cz\/n\/wp-content\/uploads\/2024\/01\/ivan-aturkova--300x164.jpg\" alt=\"\" width=\"687\" height=\"376\" srcset=\"https:\/\/www.infokuryr.cz\/n\/wp-content\/uploads\/2024\/01\/ivan-aturkova--300x164.jpg 300w, https:\/\/www.infokuryr.cz\/n\/wp-content\/uploads\/2024\/01\/ivan-aturkova--768x419.jpg 768w, https:\/\/www.infokuryr.cz\/n\/wp-content\/uploads\/2024\/01\/ivan-aturkova-.jpg 786w\" sizes=\"(max-width: 687px) 100vw, 687px\" \/><\/a><\/div>\n<\/div>\n<\/div>\n<div dir=\"auto\"><\/div>\n<div dir=\"auto\"><\/div>\n<div dir=\"auto\"><\/div>\n","protected":false},"excerpt":{"rendered":"<p>Na\u0161e d\u016fchodov\u00e1 reforma nen\u00ed pouhou parametrickou zm\u011bnou sou\u010dasn\u00e9ho \u0161patn\u011b funguj\u00edc\u00edho d\u016fchodov\u00e9ho syst\u00e9mu, ale \u0159e\u0161\u00ed mezigenera\u010dn\u00ed&#8230;<\/p>\n","protected":false},"author":2,"featured_media":50690,"comment_status":"closed","ping_status":"closed","sticky":false,"template":"","format":"standard","meta":[],"categories":[6],"tags":[998,6965,2663,889],"_links":{"self":[{"href":"https:\/\/www.infokuryr.cz\/n\/wp-json\/wp\/v2\/posts\/50689"}],"collection":[{"href":"https:\/\/www.infokuryr.cz\/n\/wp-json\/wp\/v2\/posts"}],"about":[{"href":"https:\/\/www.infokuryr.cz\/n\/wp-json\/wp\/v2\/types\/post"}],"author":[{"embeddable":true,"href":"https:\/\/www.infokuryr.cz\/n\/wp-json\/wp\/v2\/users\/2"}],"replies":[{"embeddable":true,"href":"https:\/\/www.infokuryr.cz\/n\/wp-json\/wp\/v2\/comments?post=50689"}],"version-history":[{"count":1,"href":"https:\/\/www.infokuryr.cz\/n\/wp-json\/wp\/v2\/posts\/50689\/revisions"}],"predecessor-version":[{"id":50691,"href":"https:\/\/www.infokuryr.cz\/n\/wp-json\/wp\/v2\/posts\/50689\/revisions\/50691"}],"wp:featuredmedia":[{"embeddable":true,"href":"https:\/\/www.infokuryr.cz\/n\/wp-json\/wp\/v2\/media\/50690"}],"wp:attachment":[{"href":"https:\/\/www.infokuryr.cz\/n\/wp-json\/wp\/v2\/media?parent=50689"}],"wp:term":[{"taxonomy":"category","embeddable":true,"href":"https:\/\/www.infokuryr.cz\/n\/wp-json\/wp\/v2\/categories?post=50689"},{"taxonomy":"post_tag","embeddable":true,"href":"https:\/\/www.infokuryr.cz\/n\/wp-json\/wp\/v2\/tags?post=50689"}],"curies":[{"name":"wp","href":"https:\/\/api.w.org\/{rel}","templated":true}]}}