{"id":50688,"date":"2024-03-31T00:37:01","date_gmt":"2024-03-30T23:37:01","guid":{"rendered":"https:\/\/www.infokuryr.cz\/n\/?p=50688"},"modified":"2024-03-30T19:03:17","modified_gmt":"2024-03-30T18:03:17","slug":"jan-keller-jak-se-posunulo-nalepkovani","status":"publish","type":"post","link":"https:\/\/www.infokuryr.cz\/n\/2024\/03\/31\/jan-keller-jak-se-posunulo-nalepkovani\/","title":{"rendered":"Jan Keller: Jak se posunulo n\u00e1lepkov\u00e1n\u00ed"},"content":{"rendered":"<div id=\"fb-root\"><\/div>\n<p><strong>Diskreditov\u00e1n\u00ed n\u00e1zorov\u00fdch odp\u016frc\u016f je b\u011b\u017en\u00e9 ve v\u0161ech politick\u00fdch syst\u00e9mech. V demokracii hraje stejnou roli jako v nedemokratick\u00fdch re\u017eimech \u010di v zem\u00edch, kter\u00e9 stoj\u00ed n\u011bkde na pomez\u00ed mezi ob\u011bma. Z\u00e1kladem n\u00e1lepkov\u00e1n\u00ed je, \u017ee skupina, kter\u00e1 je pr\u00e1v\u011b u moci, autoritativn\u011b stanov\u00ed, kter\u00e9 n\u00e1zory a postoje maj\u00ed b\u00fdt pova\u017eov\u00e1ny za deviantn\u00ed. C\u00edle je znev\u011brohodnit ty osoby \u010di skupiny, kter\u00e9 takov\u00e9 n\u00e1zory zast\u00e1vaj\u00ed. Nam\u00edsto v\u011bcn\u00e9 polemiky jsou jejich nositel\u00e9 prohl\u00e1\u0161eni za hrozbu pro dan\u00fd syst\u00e9m, kterou je t\u0159eba uml\u010det.<\/strong><\/p>\n<p>Pokud by na\u0161i spole\u010denskov\u011bdn\u00ed analytici konali svoji pr\u00e1ci, m\u011bli bychom k\u00a0dispozici jist\u011b ji\u017e celou \u0159adu studi\u00ed o tom, jak se v\u00a0\u010desk\u00fdch pom\u011brech diskreditov\u00e1n\u00ed lid\u00ed s\u00a0odli\u0161n\u00fdmi n\u00e1zory v\u00a0\u010dase vyv\u00edj\u00ed. Za\u00a0posledn\u00ed p\u016fl stolet\u00ed jsme postupn\u011b pro\u0161li t\u0159emi f\u00e1zemi.<\/p>\n<p>Do roku 1989 byli n\u00e1zorov\u00ed odp\u016frci ozna\u010dov\u00e1ni za hrozbu pro socialistick\u00e9 z\u0159\u00edzen\u00ed, za posluhova\u010de z\u00e1padn\u00edho imperialismu, za ohro\u017een\u00ed sv\u011btov\u00e9mu m\u00edru. Byli ozna\u010dov\u00e1ni jako samozvanci, zaprodanci a ztroskotanci. Nem\u011bli p\u0159\u00edstup do m\u00e9di\u00ed, \u017eiv\u011b se o n\u011b zaj\u00edmala policie a tajn\u00e9 slu\u017eby. Vyzdvihovala se jednota spole\u010dnosti, kter\u00e1 se uv\u011bdom\u011ble semkla v\u00a0odporu proti snah\u00e1m o podr\u00fdv\u00e1n\u00ed \u0159\u00e1du a po\u0159\u00e1dku, jen\u017e jsme si jednou prov\u017edy vydobyli. Slu\u0161n\u00ed lid\u00e9 si na n\u011b d\u00e1vali pozor.<\/p>\n<p>V\u00a0devades\u00e1t\u00fdch letech byli nepohodln\u00ed lid\u00e9 ozna\u010dov\u00e1ni za extremisty. Do t\u00e9to kategorie byly \u0159azeny nejr\u016fzn\u011bj\u0161\u00ed skupinky s\u00a0n\u00e1zory velmi odli\u0161n\u00fdmi, ba \u010dasto protich\u016fdn\u00fdmi. V\u00a0policejn\u00edch slo\u017ek\u00e1ch byli vedeni anarchist\u00e9 spolu se skinheady, na stejn\u00fdch str\u00e1nk\u00e1ch s\u00a0nimi figurovali ekologov\u00e9 \u010di p\u0159esn\u011bji environment\u00e1ln\u00ed aktivist\u00e9. \u0160lo o velice r\u016fznorodou t\u0159\u00ed\u0161\u0165 mal\u00fdch a \u010dasto navz\u00e1jem<\/p>\n<p>znep\u0159\u00e1telen\u00fdm skupinek bez jak\u00e9hokoliv vlivu na v\u011bt\u0161inovou spole\u010dnost. Nebyla jim vyt\u00fdk\u00e1na spolupr\u00e1ce s\u00a0ciz\u00edmi mocnostmi, maxim\u00e1ln\u011b jen propojen\u00ed s podobn\u011b orientovan\u00fdmi hnut\u00edmi v\u00a0jin\u00fdch zem\u00edch. Ultrapravicov\u00e9 boj\u016fvky, kter\u00e9 se dopou\u0161t\u011bly rasov\u011b motivovan\u00fdch n\u00e1siln\u00fdch \u010din\u016f, byly ozna\u010dov\u00e1ny za extremistick\u00e9 stejn\u011b jako ekologi\u010dt\u00ed aktivist\u00e9, kte\u0159\u00ed po\u017eadovali dodr\u017eov\u00e1n\u00ed v\u0161ech z\u00e1konn\u00fdch procedur p\u0159i rozhodov\u00e1n\u00ed o veden\u00ed obchvat\u016f m\u011bst. Pro ty druh\u00e9 se \u010dasem za\u010dalo pou\u017e\u00edvat ozna\u010den\u00ed \u201eekoterorist\u00e9\u201c. Specialist\u00e9 na podvratnou \u010dinnost byli z\u010d\u00e1sti nov\u011b dosazeni, je\u0161t\u011b nezku\u0161en\u00ed, ob\u010das si pletli, proti \u010demu vlastn\u011b bojuj\u00ed.<\/p>\n<p>Dnes u\u017e jsme mnohem d\u00e1le, vstoupili jsme do t\u0159et\u00ed f\u00e1ze. V\u00a0lec\u010dems p\u0159ipom\u00edn\u00e1 tu prvn\u00ed, do\u0161lo ov\u0161em k\u00a0z\u00e1sadn\u00edmu p\u0159ep\u00f3lov\u00e1n\u00ed. Lid\u00e9 s\u00a0nepohodln\u00fdmi n\u00e1zory jsou ozna\u010dov\u00e1ni jako dezol\u00e1ti, dezinform\u00e1to\u0159i, flastenci a chcim\u00ed\u0159i. Jsou vyd\u00e1v\u00e1ni za hrozbu pro na\u0161e liber\u00e1ln\u011b demokratick\u00e9 z\u0159\u00edzen\u00ed, za posluhova\u010de Ruska a za nebezpe\u010dn\u00e9 pacifisty. M\u00e9dia, do nich\u017e maj\u00ed p\u0159\u00edstup, jsou ozna\u010dov\u00e1na za dezinforma\u010dn\u00ed. Bezpe\u010dnostn\u00ed slo\u017eky se o n\u011b \u017eiv\u011b zaj\u00edmaj\u00ed, \u0161\u00ed\u0159\u00ed se (obvykle p\u0159ed volbami) obvi\u0148ov\u00e1n\u00ed, \u017ee pracuj\u00ed v\u00a0ciz\u00edm \u017eoldu. Vyzdvihuje se jednota zdrav\u00e9ho demokratick\u00e9ho j\u00e1dra, kter\u00e9 se semklo v\u00a0odporu proti jejich snah\u00e1m o rozd\u011blov\u00e1n\u00ed spole\u010dnosti a o podr\u00fdv\u00e1n\u00ed \u0159\u00e1du a po\u0159\u00e1dku, kter\u00fd jsme si jednou prov\u017edy vydobyli. Slu\u0161n\u00ed lid\u00e9 jsou vyz\u00fdv\u00e1ni, aby si na n\u011b d\u00e1vali pozor.<\/p>\n<p>U\u0161li jsme za uplynul\u00fdch t\u00e9m\u011b\u0159 p\u011btat\u0159icet let velk\u00fd kus cesty kup\u0159edu. U\u0161li ji i ti, kte\u0159\u00ed po celou tu dobu dok\u00e1zali sed\u011bt na t\u00e9\u017ee \u00fa\u0159ednick\u00e9, gener\u00e1lsk\u00e9 \u010di \u0161\u00e9fredaktorsk\u00e9 \u017eidli. Zat\u00edmco oni jen tak sed\u011bli, jejich n\u00e1zory \u0161ly dynamicky s\u00a0dobou. Tak\u00e9 d\u00edky tomu jsme dnes tam, kde jsme.<\/p>\n<p><strong>Jan Keller<\/strong><\/p>\n<p><img decoding=\"async\" loading=\"lazy\" class=\"alignnone size-medium wp-image-668\" src=\"http:\/\/www.infokuryr.cz\/n\/wp-content\/uploads\/2021\/04\/jan-keller-300x169.jpg\" alt=\"\" width=\"300\" height=\"169\" srcset=\"https:\/\/www.infokuryr.cz\/n\/wp-content\/uploads\/2021\/04\/jan-keller-300x169.jpg 300w, https:\/\/www.infokuryr.cz\/n\/wp-content\/uploads\/2021\/04\/jan-keller.jpg 630w\" sizes=\"(max-width: 300px) 100vw, 300px\" \/><\/p>\n<p>&nbsp;<\/p>\n","protected":false},"excerpt":{"rendered":"<p>Diskreditov\u00e1n\u00ed n\u00e1zorov\u00fdch odp\u016frc\u016f je b\u011b\u017en\u00e9 ve v\u0161ech politick\u00fdch syst\u00e9mech. V demokracii hraje stejnou roli jako&#8230;<\/p>\n","protected":false},"author":2,"featured_media":49166,"comment_status":"closed","ping_status":"closed","sticky":false,"template":"","format":"standard","meta":[],"categories":[6],"tags":[1503,7049,122,117,48],"_links":{"self":[{"href":"https:\/\/www.infokuryr.cz\/n\/wp-json\/wp\/v2\/posts\/50688"}],"collection":[{"href":"https:\/\/www.infokuryr.cz\/n\/wp-json\/wp\/v2\/posts"}],"about":[{"href":"https:\/\/www.infokuryr.cz\/n\/wp-json\/wp\/v2\/types\/post"}],"author":[{"embeddable":true,"href":"https:\/\/www.infokuryr.cz\/n\/wp-json\/wp\/v2\/users\/2"}],"replies":[{"embeddable":true,"href":"https:\/\/www.infokuryr.cz\/n\/wp-json\/wp\/v2\/comments?post=50688"}],"version-history":[{"count":0,"href":"https:\/\/www.infokuryr.cz\/n\/wp-json\/wp\/v2\/posts\/50688\/revisions"}],"wp:featuredmedia":[{"embeddable":true,"href":"https:\/\/www.infokuryr.cz\/n\/wp-json\/wp\/v2\/media\/49166"}],"wp:attachment":[{"href":"https:\/\/www.infokuryr.cz\/n\/wp-json\/wp\/v2\/media?parent=50688"}],"wp:term":[{"taxonomy":"category","embeddable":true,"href":"https:\/\/www.infokuryr.cz\/n\/wp-json\/wp\/v2\/categories?post=50688"},{"taxonomy":"post_tag","embeddable":true,"href":"https:\/\/www.infokuryr.cz\/n\/wp-json\/wp\/v2\/tags?post=50688"}],"curies":[{"name":"wp","href":"https:\/\/api.w.org\/{rel}","templated":true}]}}