{"id":50682,"date":"2024-03-31T00:46:57","date_gmt":"2024-03-30T23:46:57","guid":{"rendered":"https:\/\/www.infokuryr.cz\/n\/?p=50682"},"modified":"2024-03-30T18:27:37","modified_gmt":"2024-03-30T17:27:37","slug":"v-nemecku-propukl-zpetne-obri-korona-skandal-potrefeni-politici-to-svadeji-na-putina","status":"publish","type":"post","link":"https:\/\/www.infokuryr.cz\/n\/2024\/03\/31\/v-nemecku-propukl-zpetne-obri-korona-skandal-potrefeni-politici-to-svadeji-na-putina\/","title":{"rendered":"V N\u011bmecku propukl zp\u011btne ob\u0159\u00ed korona skand\u00e1l. Potrefen\u00ed politici to sv\u00e1d\u011bj\u00ed na Putina\u2026"},"content":{"rendered":"<div id=\"fb-root\"><\/div>\n<p><strong>N\u011bmeckem aktu\u00e1ln\u011b ot\u0159\u00e1s\u00e1 ob\u0159\u00ed\u00a0<a href=\"https:\/\/jungefreiheit.de\/politik\/deutschland\/2024\/faktenfreie-corona-schikanen-loesen-empoerung-aus\/\">post korona skand\u00e1l<\/a>. Uve\u0159ejn\u011bn\u00ed tajn\u00fdch intern\u00edch dokument\u016f Institutu Roberta Kocha <\/strong>(obdoba St\u00e1tn\u00edhio zdravotn\u00edho \u00fastavu) ukazuje, \u017ee\u00a0<strong>v dob\u011b korovirov\u00e9 pandemie politici a vl\u00e1dn\u00ed odborn\u00edci z\u00e1m\u011brn\u011b a c\u00edlen\u011b zveli\u010dovali \u00fadaje a doporu\u010den\u00ed expert\u016f. V\u00fdsledkem byl koronavirov\u00fd teror, uz\u00e1v\u011bry, nucen\u00e9 no\u0161en\u00ed respir\u00e1tor\u016f, on-line v\u00fduka, nucen\u00e9 o\u010dkov\u00e1n\u00ed experiment\u00e1ln\u00edmi vakc\u00ednami, omezov\u00e1n\u00ed z\u00e1kladn\u00edch lidsk\u00fdch svobod\u00a0<\/strong>(i svobody pohybu), skandalizace a kriminalizace nez\u00e1visl\u00fdch odborn\u00edk\u016f atd. atd.<\/p>\n<p>To v\u0161e na z\u00e1klad\u011b ob\u0159\u00edho spiknut\u00ed, kter\u00e9 bylo podle v\u0161eho \u0159\u00edzeno z glob\u00e1ln\u00ed \u00farovn\u011b. V<strong>\u00fdsledkem bylo zma\u0159en\u00ed \u0159ady \u017eivot\u016f, zdrav\u00ed, rodin, kari\u00e9r, ob\u0159\u00ed ekonomick\u00e9 \u0161kody\u2026<\/strong><\/p>\n<p><strong>N\u011bmeck\u00e1 ve\u0159ejnost je ot\u0159esena zji\u0161t\u011bn\u00edm, \u017ee jim cel\u00e1 tehdej\u0161\u00ed politick\u00e1 a \u010d\u00e1ste\u010dn\u011b odborn\u00e1 elita c\u00edlen\u011b lhala.<\/strong><\/p>\n<p><strong>Komick\u00e1 je reakce tehdej\u0161\u00edch hlavn\u00edch akt\u00e9r\u016f z \u0159ad politik\u016f a \u201eodborn\u00edk\u016f\u201c. Pr\u00fd jsou za zve\u0159ejn\u011bn\u00edm \u201ezahrani\u010dn\u00ed vl\u00e1dy a tajn\u00e9 slu\u017eby\u201c. C\u00edlem pr\u00fd je podkop\u00e1n\u00ed liber\u00e1ln\u00ed demokracie..<\/strong>.<\/p>\n<p><strong>Lh\u00e1t ve\u0159ejnosti je podle nich norm\u00e1ln\u00ed a kdy\u017e se na ty l\u017ei p\u0159ijde, tak je za t\u00edm pr\u00fd Putin\u2026<\/strong>! Koho jen mi to p\u0159ipom\u00edn\u00e1?!<\/p>\n<p>Kdy dojde na podobn\u00e1 odhalen\u00ed v \u010cR? Nebo si mysl\u00edte, \u017ee Bure\u0161, Prymula, Arenberger, Ma\u010far jednali jinak? Porou\u010d\u00ed jim stejn\u00ed p\u00e1ni.<\/p>\n<p><a href=\"https:\/\/ceskavec.com\/2024\/03\/v-nemecku-propukl-zpetne-obri-korona-skandal-potrefeni-politici-to-svadeji-na-putina\">Prometheus<\/a><\/p>\n<p>&nbsp;<\/p>\n<p>&nbsp;<\/p>\n","protected":false},"excerpt":{"rendered":"<p>N\u011bmeckem aktu\u00e1ln\u011b ot\u0159\u00e1s\u00e1 ob\u0159\u00ed\u00a0post korona skand\u00e1l. Uve\u0159ejn\u011bn\u00ed tajn\u00fdch intern\u00edch dokument\u016f Institutu Roberta Kocha (obdoba St\u00e1tn\u00edhio&#8230;<\/p>\n","protected":false},"author":2,"featured_media":50683,"comment_status":"closed","ping_status":"closed","sticky":false,"template":"","format":"standard","meta":[],"categories":[7],"tags":[23,1286,84,1009],"_links":{"self":[{"href":"https:\/\/www.infokuryr.cz\/n\/wp-json\/wp\/v2\/posts\/50682"}],"collection":[{"href":"https:\/\/www.infokuryr.cz\/n\/wp-json\/wp\/v2\/posts"}],"about":[{"href":"https:\/\/www.infokuryr.cz\/n\/wp-json\/wp\/v2\/types\/post"}],"author":[{"embeddable":true,"href":"https:\/\/www.infokuryr.cz\/n\/wp-json\/wp\/v2\/users\/2"}],"replies":[{"embeddable":true,"href":"https:\/\/www.infokuryr.cz\/n\/wp-json\/wp\/v2\/comments?post=50682"}],"version-history":[{"count":1,"href":"https:\/\/www.infokuryr.cz\/n\/wp-json\/wp\/v2\/posts\/50682\/revisions"}],"predecessor-version":[{"id":50684,"href":"https:\/\/www.infokuryr.cz\/n\/wp-json\/wp\/v2\/posts\/50682\/revisions\/50684"}],"wp:featuredmedia":[{"embeddable":true,"href":"https:\/\/www.infokuryr.cz\/n\/wp-json\/wp\/v2\/media\/50683"}],"wp:attachment":[{"href":"https:\/\/www.infokuryr.cz\/n\/wp-json\/wp\/v2\/media?parent=50682"}],"wp:term":[{"taxonomy":"category","embeddable":true,"href":"https:\/\/www.infokuryr.cz\/n\/wp-json\/wp\/v2\/categories?post=50682"},{"taxonomy":"post_tag","embeddable":true,"href":"https:\/\/www.infokuryr.cz\/n\/wp-json\/wp\/v2\/tags?post=50682"}],"curies":[{"name":"wp","href":"https:\/\/api.w.org\/{rel}","templated":true}]}}