{"id":50681,"date":"2024-03-31T00:45:00","date_gmt":"2024-03-30T23:45:00","guid":{"rendered":"https:\/\/www.infokuryr.cz\/n\/?p=50681"},"modified":"2024-03-30T18:01:31","modified_gmt":"2024-03-30T17:01:31","slug":"kreml-reaguje-na-zelenskeho-poznamky-o-jednani-s-ruskem","status":"publish","type":"post","link":"https:\/\/www.infokuryr.cz\/n\/2024\/03\/31\/kreml-reaguje-na-zelenskeho-poznamky-o-jednani-s-ruskem\/","title":{"rendered":"Kreml reaguje na Zelensk\u00e9ho pozn\u00e1mky o jedn\u00e1n\u00ed s Ruskem"},"content":{"rendered":"<div id=\"fb-root\"><\/div>\n<p><span style=\"font-size: 18pt;\"><strong>Ukrajinsk\u00fd prezident nazna\u010dil, \u017ee n\u00e1vrat k hranic\u00edm z roku 1991 ji\u017e nen\u00ed podm\u00ednkou pro jedn\u00e1n\u00ed<\/strong><\/span><\/p>\n<p><span>Ukrajina mus\u00ed vz\u00edt v \u00favahu skute\u010dnost, \u017ee jej\u00ed hranice se od za\u010d\u00e1tku konfliktu s Ruskem drasticky zm\u011bnily, \u0159ekl mluv\u010d\u00ed Kremlu Dmitrij Peskov, kdy\u017e komentoval vyhl\u00eddky na m\u00edrov\u00e1 jedn\u00e1n\u00ed.<\/span><\/p>\n<p><span>Za\u010d\u00e1tkem tohoto t\u00fddne ukrajinsk\u00fd prezident Vladimir Zelenskyj v rozhovoru pro CBS News nazna\u010dil, \u017ee n\u00e1vrat k hranic\u00edm z roku 1991 ji\u017e nen\u00ed podm\u00ednkou pro jedn\u00e1n\u00ed s Ruskem. St\u00e1le v\u0161ak trval na tom, \u017ee Kyjev mus\u00ed z\u00edskat zp\u011bt \u00fazem\u00ed, o kter\u00e9 v roce 2022 p\u0159i\u0161el ve prosp\u011bch Moskvy.<\/span><\/p>\n<p><span>Toho roku \u010dty\u0159i b\u00fdval\u00e1 ukrajinsk\u00e1 \u00fazem\u00ed \u2013 Don\u011bck\u00e1, Lugansk\u00e1, Chersonsk\u00e1 a Z\u00e1poro\u017esk\u00e1 oblast drtivou v\u011bt\u0161inou hlasovala pro p\u0159ipojen\u00ed k Rusku ve ve\u0159ejn\u00e9m referendu. N\u00e1sledovali Krymsk\u00fd poloostrov, kter\u00fd ud\u011blal tot\u00e9\u017e v roce 2014 po p\u0159evratu v Kyjev\u011b podporovan\u00e9m Z\u00e1padem.<\/span><\/p>\n<p><span>Po referendech v roce 2022 Zelenskij zak\u00e1zal v\u0161echna jedn\u00e1n\u00ed se sou\u010dasn\u00fdm rusk\u00fdm veden\u00edm a m\u00edsto toho se zam\u011b\u0159il na vzorec pro ukon\u010den\u00ed konfliktu, kter\u00fd po\u017eaduje \u00fapln\u00e9 sta\u017een\u00ed moskevsk\u00fdch sil ze v\u0161ech v\u00fd\u0161e zm\u00edn\u011bn\u00fdch \u00fazem\u00ed. Rusko sice tvrd\u00ed, \u017ee je otev\u0159en\u00e9 jedn\u00e1n\u00ed s Kyjevem, ale tuto my\u0161lenku odm\u00edtlo jako\u00a0<\/span><em><span>\u201eodtr\u017eenou od reality\u201c.<\/span><\/em><\/p>\n<p><span>V koment\u00e1\u0159i k Zelensk\u00e9mu v\u00fdrok\u016fm Peskov v sobotu pro RIA Novosti \u0159ekl, \u017ee\u00a0<\/span><em><span>\u201egeopolitick\u00e1 realita se od za\u010d\u00e1tku speci\u00e1ln\u00ed vojensk\u00e9 operace dramaticky zm\u011bnila. Hranice Ukrajiny i Rusk\u00e9 federace se zm\u011bnily.\u201c<\/span><\/em><\/p>\n<p><span>D\u00e1le poznamenal, \u017ee Rusko ji\u017e za\u010dlenilo \u010dty\u0159i b\u00fdval\u00e9 ukrajinsk\u00e9 regiony a zd\u016fraznil, \u017ee tuto realitu\u00a0<\/span><em><span>\u201enelze ignorovat\u201c.<\/span><\/em><\/p>\n<p><span>Mezit\u00edm mluv\u010d\u00ed rusk\u00e9ho ministerstva zahrani\u010d\u00ed Maria Zacharovov\u00e1 nazna\u010dila, \u017ee zm\u011bna Zelensk\u00e9ho postoje je zp\u016fsobena t\u00edm, \u017ee je\u00a0<\/span><em><span>\u201enerv\u00f3zn\u00ed\u201c.\u00a0<\/span><\/em>\u00a0<em><span>\u201eBl\u00ed\u017e\u00ed se mu volby. Nebo \u017e\u00e1dn\u00e9 volby?&#8220;<\/span><\/em><span>\u00a0ona \u0159ekla. Ukrajinsk\u00fd prezident ji\u017e d\u0159\u00edve nazna\u010dil, \u017ee nepl\u00e1nuje d\u00e1t zelenou hlasov\u00e1n\u00ed, s odkazem na stann\u00e9 pr\u00e1vo, kter\u00e9 vyvolalo kritiku doma i v zahrani\u010d\u00ed.<\/span><\/p>\n<p><span>Zelensk\u00e9ho koment\u00e1\u0159e n\u00e1sledovaly po prohl\u00e1\u0161en\u00ed ukrajinsk\u00e9ho ministra zahrani\u010d\u00ed Dmitrije Kuleby, kter\u00fd \u0159ekl, \u017ee Kyjev by se mohl n\u011bkdy po summitu ve \u0160v\u00fdcarsku koncem tohoto roku, o n\u011bm\u017e se v\u0161eobecn\u011b o\u010dek\u00e1v\u00e1, \u017ee se bude to\u010dit kolem Zelensk\u00e9ho m\u00edrov\u00e9 formule, zapojit do Moskvy. Rusko uvedlo, \u017ee se akce nepl\u00e1nuje z\u00fa\u010dastnit, i kdyby bylo ofici\u00e1ln\u011b pozv\u00e1no.<\/span><\/p>\n<p><img decoding=\"async\" loading=\"lazy\" class=\"alignnone size-full wp-image-1185\" src=\"http:\/\/www.infokuryr.cz\/n\/wp-content\/uploads\/2021\/04\/kuryr-podpis.png\" alt=\"\" width=\"84\" height=\"24\" \/><\/p>\n<p>&nbsp;<\/p>\n","protected":false},"excerpt":{"rendered":"<p>Ukrajinsk\u00fd prezident nazna\u010dil, \u017ee n\u00e1vrat k hranic\u00edm z roku 1991 ji\u017e nen\u00ed podm\u00ednkou pro jedn\u00e1n\u00ed&#8230;<\/p>\n","protected":false},"author":2,"featured_media":2335,"comment_status":"closed","ping_status":"closed","sticky":false,"template":"","format":"standard","meta":[],"categories":[7],"tags":[1060,1065,1461,1000],"_links":{"self":[{"href":"https:\/\/www.infokuryr.cz\/n\/wp-json\/wp\/v2\/posts\/50681"}],"collection":[{"href":"https:\/\/www.infokuryr.cz\/n\/wp-json\/wp\/v2\/posts"}],"about":[{"href":"https:\/\/www.infokuryr.cz\/n\/wp-json\/wp\/v2\/types\/post"}],"author":[{"embeddable":true,"href":"https:\/\/www.infokuryr.cz\/n\/wp-json\/wp\/v2\/users\/2"}],"replies":[{"embeddable":true,"href":"https:\/\/www.infokuryr.cz\/n\/wp-json\/wp\/v2\/comments?post=50681"}],"version-history":[{"count":0,"href":"https:\/\/www.infokuryr.cz\/n\/wp-json\/wp\/v2\/posts\/50681\/revisions"}],"wp:featuredmedia":[{"embeddable":true,"href":"https:\/\/www.infokuryr.cz\/n\/wp-json\/wp\/v2\/media\/2335"}],"wp:attachment":[{"href":"https:\/\/www.infokuryr.cz\/n\/wp-json\/wp\/v2\/media?parent=50681"}],"wp:term":[{"taxonomy":"category","embeddable":true,"href":"https:\/\/www.infokuryr.cz\/n\/wp-json\/wp\/v2\/categories?post=50681"},{"taxonomy":"post_tag","embeddable":true,"href":"https:\/\/www.infokuryr.cz\/n\/wp-json\/wp\/v2\/tags?post=50681"}],"curies":[{"name":"wp","href":"https:\/\/api.w.org\/{rel}","templated":true}]}}