{"id":50680,"date":"2024-03-31T00:44:45","date_gmt":"2024-03-30T23:44:45","guid":{"rendered":"https:\/\/www.infokuryr.cz\/n\/?p=50680"},"modified":"2024-03-30T17:58:38","modified_gmt":"2024-03-30T16:58:38","slug":"izrael-chce-mnohonarodni-bezpecnostni-sily-v-gaze","status":"publish","type":"post","link":"https:\/\/www.infokuryr.cz\/n\/2024\/03\/31\/izrael-chce-mnohonarodni-bezpecnostni-sily-v-gaze\/","title":{"rendered":"Izrael chce mnohon\u00e1rodn\u00ed bezpe\u010dnostn\u00ed s\u00edly v Gaze"},"content":{"rendered":"<div id=\"fb-root\"><\/div>\n<p><span style=\"font-size: 18pt;\"><strong>Voj\u00e1ci by se \u00fadajn\u011b ujali udr\u017eov\u00e1n\u00ed pr\u00e1va a po\u0159\u00e1dku v regionu a doprovodu konvoj\u016f s humanit\u00e1rn\u00ed pomoc\u00ed<\/strong><\/span><\/p>\n<p><span>Izrael zva\u017euje vytvo\u0159en\u00ed mnohon\u00e1rodn\u00edch vojensk\u00fdch sil v Gaze, kter\u00e9 by p\u0159evzaly odpov\u011bdnost za m\u00edstn\u00ed bezpe\u010dnost, uvedl v p\u00e1tek Axios s odvol\u00e1n\u00edm na vl\u00e1dn\u00ed zdroje. Podle zpr\u00e1vy s n\u00e1padem p\u0159i\u0161el izraelsk\u00fd ministr obrany Yoav Gallant, kter\u00fd jej vyslovil b\u011bhem sv\u00e9 n\u00e1v\u0161t\u011bvy Washingtonu za\u010d\u00e1tkem tohoto t\u00fddne.<\/span><\/p>\n<p><span>N\u00e1vrh po\u010d\u00edt\u00e1 s nasazen\u00edm kontingentu jednotek z arabsk\u00fdch zem\u00ed do Gazy na omezenou p\u0159echodnou dobu. S\u00edla by byla pov\u011b\u0159ena eskortov\u00e1n\u00edm a napom\u00e1h\u00e1n\u00edm usnad\u0148ovat dod\u00e1vky humanit\u00e1rn\u00ed pomoci a obecn\u011b udr\u017eovat z\u00e1kon a po\u0159\u00e1dek v enkl\u00e1v\u011b. O\u010dek\u00e1v\u00e1 se tak\u00e9, \u017ee pomohou vytvo\u0159it alternativn\u00ed \u0159\u00edd\u00edc\u00ed org\u00e1n v Gaze, uvedl jeden ze zdroj\u016f.<\/span><\/p>\n<p><span>Gallant \u00fadajn\u011b po\u017e\u00e1dal Washington, aby tuto iniciativu podpo\u0159il b\u011bhem setk\u00e1n\u00ed s americk\u00fdm ministrem obrany Lloydem Austinem, ministrem zahrani\u010d\u00ed Antonym Blinkenem a poradcem pro n\u00e1rodn\u00ed bezpe\u010dnost Jakem Sullivanem. Mezit\u00edm izrael\u0161t\u00ed p\u0159edstavitel\u00e9 \u00fadajn\u011b v posledn\u00edch t\u00fddnech o n\u00e1vrhu jednali se z\u00e1stupci nejm\u00e9n\u011b t\u0159\u00ed arabsk\u00fdch zem\u00ed, z nich\u017e jednou je Egypt.<\/span><\/p>\n<p><em><span>&#8222;Do\u0161lo k pokroku v prosazov\u00e1n\u00ed t\u00e9to iniciativy jak z hlediska ochoty Bidenovy administrativy o n\u00ed diskutovat, tak z hlediska otev\u0159enosti arabsk\u00fdch zem\u00ed t\u00e9to my\u0161lence,&#8220;<\/span><\/em><span>\u00a0uvedl jeden ze zdroj\u016f.<\/span><\/p>\n<p><span>Nejmenovan\u00fd arabsk\u00fd p\u0159edstavitel z jedn\u00e9 ze zem\u00ed, kter\u00e9 se \u00fadajn\u011b \u00fa\u010dastnily rozhovor\u016f, v\u0161ak uvedl, \u017ee je nepravd\u011bpodobn\u00e9, \u017ee by zahrani\u010dn\u00ed voj\u00e1ci byli do regionu rozm\u00edst\u011bni, dokud nep\u0159\u00e1telsk\u00e9 akce neskon\u010d\u00ed. Americk\u00fd p\u0159edstavitel dodal, \u017ee tento krok bude vy\u017eadovat ofici\u00e1ln\u00ed pozv\u00e1n\u00ed od palestinsk\u00e9 samospr\u00e1vy v Gaze a p\u0159ijde pouze v kontextu dvoust\u00e1tn\u00edho \u0159e\u0161en\u00ed. To, jak poznamenal zdroj, \u010din\u00ed iniciativu v bl\u00edzk\u00e9 budoucnosti nepravd\u011bpodobnou kv\u016fli izraelsk\u00e9mu odporu proti uzn\u00e1n\u00ed Palestiny jako samostatn\u00e9ho st\u00e1tu.<\/span><\/p>\n<p><span>Izraelsk\u00fd premi\u00e9r Benjamin Netanjahu opakovan\u011b odm\u00edtl my\u0161lenku vytvo\u0159en\u00ed palestinsk\u00e9ho st\u00e1tu po v\u00e1lce.\u00a0<\/span><a href=\"https:\/\/swentr.site\/news\/594892-israel-cancels-delegation-us\/\"><span>Kritizoval<\/span><\/a><span>\u00a0tak\u00e9\u00a0rezoluci Rady bezpe\u010dnosti OSN p\u0159ijatou za\u010d\u00e1tkem tohoto t\u00fddne, kter\u00e1 po\u017eadovala okam\u017eit\u00e9 p\u0159\u00edm\u011b\u0159\u00ed v Gaze, s t\u00edm, \u017ee rozhodnut\u00ed podkopalo izraelsk\u00e9 \u00fasil\u00ed osvobodit Izraelce dr\u017een\u00e9 Ham\u00e1sem. Militanti z t\u00e9to organizace v \u0159\u00edjnu provedli invazi z Gazy do ji\u017en\u00edho Izraele, p\u0159i n\u00ed\u017e zabili kolem 1200 lid\u00ed a zajali des\u00edtky rukojm\u00edch. Izrael se zav\u00e1zal pokra\u010dovat ve vojensk\u00e9 operaci v enkl\u00e1v\u011b, dokud zcela nezlikviduje ba\u0161ty Hamasu.<\/span><\/p>\n<p><span>Podle posledn\u00edch \u00fadaj\u016f palestinsk\u00e9ho ministerstva zdravotnictv\u00ed bylo od vypuknut\u00ed konfliktu zabito v\u00edce ne\u017e 32 000 Palestinc\u016f.<\/span><\/p>\n<p><img decoding=\"async\" loading=\"lazy\" class=\"alignnone size-full wp-image-1185\" src=\"http:\/\/www.infokuryr.cz\/n\/wp-content\/uploads\/2021\/04\/kuryr-podpis.png\" alt=\"\" width=\"84\" height=\"24\" \/><\/p>\n<p>&nbsp;<\/p>\n<p>&nbsp;<\/p>\n","protected":false},"excerpt":{"rendered":"<p>Voj\u00e1ci by se \u00fadajn\u011b ujali udr\u017eov\u00e1n\u00ed pr\u00e1va a po\u0159\u00e1dku v regionu a doprovodu konvoj\u016f s&#8230;<\/p>\n","protected":false},"author":2,"featured_media":46179,"comment_status":"closed","ping_status":"closed","sticky":false,"template":"","format":"standard","meta":[],"categories":[7],"tags":[348,107,7048],"_links":{"self":[{"href":"https:\/\/www.infokuryr.cz\/n\/wp-json\/wp\/v2\/posts\/50680"}],"collection":[{"href":"https:\/\/www.infokuryr.cz\/n\/wp-json\/wp\/v2\/posts"}],"about":[{"href":"https:\/\/www.infokuryr.cz\/n\/wp-json\/wp\/v2\/types\/post"}],"author":[{"embeddable":true,"href":"https:\/\/www.infokuryr.cz\/n\/wp-json\/wp\/v2\/users\/2"}],"replies":[{"embeddable":true,"href":"https:\/\/www.infokuryr.cz\/n\/wp-json\/wp\/v2\/comments?post=50680"}],"version-history":[{"count":0,"href":"https:\/\/www.infokuryr.cz\/n\/wp-json\/wp\/v2\/posts\/50680\/revisions"}],"wp:featuredmedia":[{"embeddable":true,"href":"https:\/\/www.infokuryr.cz\/n\/wp-json\/wp\/v2\/media\/46179"}],"wp:attachment":[{"href":"https:\/\/www.infokuryr.cz\/n\/wp-json\/wp\/v2\/media?parent=50680"}],"wp:term":[{"taxonomy":"category","embeddable":true,"href":"https:\/\/www.infokuryr.cz\/n\/wp-json\/wp\/v2\/categories?post=50680"},{"taxonomy":"post_tag","embeddable":true,"href":"https:\/\/www.infokuryr.cz\/n\/wp-json\/wp\/v2\/tags?post=50680"}],"curies":[{"name":"wp","href":"https:\/\/api.w.org\/{rel}","templated":true}]}}