{"id":50672,"date":"2024-03-31T00:40:58","date_gmt":"2024-03-30T23:40:58","guid":{"rendered":"https:\/\/www.infokuryr.cz\/n\/?p=50672"},"modified":"2024-03-30T17:36:00","modified_gmt":"2024-03-30T16:36:00","slug":"nekolik-lidi-bylo-v-nizozemsku-kratce-zajato-jako-rukojmi","status":"publish","type":"post","link":"https:\/\/www.infokuryr.cz\/n\/2024\/03\/31\/nekolik-lidi-bylo-v-nizozemsku-kratce-zajato-jako-rukojmi\/","title":{"rendered":"N\u011bkolik lid\u00ed bylo v Nizozemsku kr\u00e1tce zajato jako rukojm\u00ed"},"content":{"rendered":"<div id=\"fb-root\"><\/div>\n<p><span style=\"font-size: 18pt;\"><strong>N\u011bkolik lid\u00ed bylo zajato jako rukojm\u00ed nezn\u00e1m\u00fdm mu\u017eem v baru v nizozemsk\u00e9m m\u011bst\u011b Ede, uvedly m\u00edstn\u00ed \u00fa\u0159ady. Podez\u0159el\u00fd byl pozd\u011bji zadr\u017een a \u010dty\u0159i rukojm\u00ed propu\u0161t\u011bni.<\/strong><\/span><\/p>\n<p>M\u00edstn\u00ed policie v sobotu potvrdila, \u017ee\u00a0<em>\u201ev budov\u011b v centru\u201c<\/em>\u00a0m\u011bsta, kter\u00e9 se nach\u00e1z\u00ed asi 80 km v\u00fdchodn\u011b od Amsterdamu, \u201eprob\u00edh\u00e1 situace s rukojm\u00edmi zahrnuj\u00edc\u00ed n\u011bkolik lid\u00ed. M\u00edstn\u00ed den\u00edk Algemeen Dagblad popsal podez\u0159el\u00e9ho jako\u00a0<em>\u201ezmaten\u00e9ho mu\u017ee\u201c,<\/em>\u00a0kter\u00fd zdr\u017eoval n\u00e1v\u0161t\u011bvn\u00edky v baru.<\/p>\n<p>\u00da\u0159edn\u00edci tak\u00e9 uvedli, \u017ee nyn\u00ed prob\u00edh\u00e1 evakuace p\u0159ibli\u017en\u011b 150 dom\u016f v oblasti. Policie tak\u00e9 vydala doporu\u010den\u00ed, v n\u011bm\u017e obyvatel\u016fm \u0159ekla,\u00a0<em>\u201eaby se dr\u017eeli d\u00e1l od centra Ede\u201c.\u00a0<\/em>\u00a0<em>&#8222;Z\u016fsta\u0148te uvnit\u0159 a necho\u010fte a ned\u00edvejte se,&#8220;<\/em>\u00a0\u0159ekla agentura a zd\u016fraznila, \u017ee\u00a0<em>&#8222;v tuto chv\u00edli nic nenasv\u011bd\u010duje teroristick\u00e9mu motivu.&#8220;<\/em><\/p>\n<p>&nbsp;<\/p>\n<div class='videoWrapper'>\r\n\t            <iframe src='https:\/\/rumble.com\/embed\/pj.v4ju3ve\/' frameborder='0' allowfullscreen><\/iframe>\r\n\t        <\/div>\n<p>&nbsp;<\/p>\n<div class=\"article__text text \">\n<p>Algemeen Dagblad navrhl, \u017ee rukojm\u00ed byli dr\u017eeni\u00a0<em>\u201epod hrozbou v\u00fdbu\u0161nin nebo zbran\u00ed\u201c,<\/em>\u00a0p\u0159i\u010dem\u017e dal\u0161\u00ed zpr\u00e1vy uv\u00e1d\u011bly, \u017ee podez\u0159el\u00fd mohl m\u00edt n\u016f\u017e.<\/p>\n<p>Neov\u011b\u0159en\u00e9 klipy, kter\u00e9 kolovaly na soci\u00e1ln\u00edch s\u00edt\u00edch, podle v\u0161eho ukazovaly silnou p\u0159\u00edtomnost donucovac\u00edch org\u00e1n\u016f v oblasti, v\u010detn\u011b t\u011b\u017ek\u00e9ho obrn\u011bn\u00e9ho vozidla a pomalu se pohybuj\u00edc\u00edho robota pro odminov\u00e1n\u00ed.<\/p>\n<div class=\"rtcode\">\n<div class=\"twitter-tweet twitter-tweet-rendered\"><iframe id=\"twitter-widget-0\" class=\"\" title=\"P\u0159\u00edsp\u011bvek X\" src=\"https:\/\/platform.twitter.com\/embed\/Tweet.html?creatorScreenName=RT_com&amp;dnt=false&amp;embedId=twitter-widget-0&amp;features=eyJ0ZndfdGltZWxpbmVfbGlzdCI6eyJidWNrZXQiOltdLCJ2ZXJzaW9uIjpudWxsfSwidGZ3X2ZvbGxvd2VyX2NvdW50X3N1bnNldCI6eyJidWNrZXQiOnRydWUsInZlcnNpb24iOm51bGx9LCJ0ZndfdHdlZXRfZWRpdF9iYWNrZW5kIjp7ImJ1Y2tldCI6Im9uIiwidmVyc2lvbiI6bnVsbH0sInRmd19yZWZzcmNfc2Vzc2lvbiI6eyJidWNrZXQiOiJvbiIsInZlcnNpb24iOm51bGx9LCJ0ZndfZm9zbnJfc29mdF9pbnRlcnZlbnRpb25zX2VuYWJsZWQiOnsiYnVja2V0Ijoib24iLCJ2ZXJzaW9uIjpudWxsfSwidGZ3X21peGVkX21lZGlhXzE1ODk3Ijp7ImJ1Y2tldCI6InRyZWF0bWVudCIsInZlcnNpb24iOm51bGx9LCJ0ZndfZXhwZXJpbWVudHNfY29va2llX2V4cGlyYXRpb24iOnsiYnVja2V0IjoxMjA5NjAwLCJ2ZXJzaW9uIjpudWxsfSwidGZ3X3Nob3dfYmlyZHdhdGNoX3Bpdm90c19lbmFibGVkIjp7ImJ1Y2tldCI6Im9uIiwidmVyc2lvbiI6bnVsbH0sInRmd19kdXBsaWNhdGVfc2NyaWJlc190b19zZXR0aW5ncyI6eyJidWNrZXQiOiJvbiIsInZlcnNpb24iOm51bGx9LCJ0ZndfdXNlX3Byb2ZpbGVfaW1hZ2Vfc2hhcGVfZW5hYmxlZCI6eyJidWNrZXQiOiJvbiIsInZlcnNpb24iOm51bGx9LCJ0ZndfdmlkZW9faGxzX2R5bmFtaWNfbWFuaWZlc3RzXzE1MDgyIjp7ImJ1Y2tldCI6InRydWVfYml0cmF0ZSIsInZlcnNpb24iOm51bGx9LCJ0ZndfbGVnYWN5X3RpbWVsaW5lX3N1bnNldCI6eyJidWNrZXQiOnRydWUsInZlcnNpb24iOm51bGx9LCJ0ZndfdHdlZXRfZWRpdF9mcm9udGVuZCI6eyJidWNrZXQiOiJvbiIsInZlcnNpb24iOm51bGx9fQ%3D%3D&amp;frame=false&amp;hideCard=false&amp;hideThread=false&amp;id=1774006590061887737&amp;lang=cs&amp;maxWidth=560px&amp;origin=https%3A%2F%2Fswentr.site%2Fnews%2F595157-people-taken-hostage-netherlands%2F&amp;sessionId=ebf6cd4aa1d6e08b53a3bad0c659bf00967ffc64&amp;siteScreenName=RT_com&amp;theme=light&amp;widgetsVersion=2615f7e52b7e0%3A1702314776716&amp;width=550px\" frameborder=\"0\" scrolling=\"no\" allowfullscreen=\"allowfullscreen\" data-tweet-id=\"1774006590061887737\" data-mce-fragment=\"1\"><\/iframe><\/div>\n<\/div>\n<p>Jak spor pokra\u010doval, policie uvedla, \u017ee t\u0159i rukojm\u00ed byli propu\u0161t\u011bni, proto\u017ee videa na soci\u00e1ln\u00edch s\u00edt\u00edch ukazuj\u00ed, jak t\u0159i mlad\u00ed lid\u00e9 opou\u0161t\u011bj\u00ed bar, zat\u00edmco je eskortuj\u00ed policist\u00e9.<\/p>\n<div class=\"rtcode\">\n<div class=\"twitter-tweet twitter-tweet-rendered\"><iframe id=\"twitter-widget-1\" class=\"\" title=\"P\u0159\u00edsp\u011bvek X\" src=\"https:\/\/platform.twitter.com\/embed\/Tweet.html?creatorScreenName=RT_com&amp;dnt=false&amp;embedId=twitter-widget-1&amp;features=eyJ0ZndfdGltZWxpbmVfbGlzdCI6eyJidWNrZXQiOltdLCJ2ZXJzaW9uIjpudWxsfSwidGZ3X2ZvbGxvd2VyX2NvdW50X3N1bnNldCI6eyJidWNrZXQiOnRydWUsInZlcnNpb24iOm51bGx9LCJ0ZndfdHdlZXRfZWRpdF9iYWNrZW5kIjp7ImJ1Y2tldCI6Im9uIiwidmVyc2lvbiI6bnVsbH0sInRmd19yZWZzcmNfc2Vzc2lvbiI6eyJidWNrZXQiOiJvbiIsInZlcnNpb24iOm51bGx9LCJ0ZndfZm9zbnJfc29mdF9pbnRlcnZlbnRpb25zX2VuYWJsZWQiOnsiYnVja2V0Ijoib24iLCJ2ZXJzaW9uIjpudWxsfSwidGZ3X21peGVkX21lZGlhXzE1ODk3Ijp7ImJ1Y2tldCI6InRyZWF0bWVudCIsInZlcnNpb24iOm51bGx9LCJ0ZndfZXhwZXJpbWVudHNfY29va2llX2V4cGlyYXRpb24iOnsiYnVja2V0IjoxMjA5NjAwLCJ2ZXJzaW9uIjpudWxsfSwidGZ3X3Nob3dfYmlyZHdhdGNoX3Bpdm90c19lbmFibGVkIjp7ImJ1Y2tldCI6Im9uIiwidmVyc2lvbiI6bnVsbH0sInRmd19kdXBsaWNhdGVfc2NyaWJlc190b19zZXR0aW5ncyI6eyJidWNrZXQiOiJvbiIsInZlcnNpb24iOm51bGx9LCJ0ZndfdXNlX3Byb2ZpbGVfaW1hZ2Vfc2hhcGVfZW5hYmxlZCI6eyJidWNrZXQiOiJvbiIsInZlcnNpb24iOm51bGx9LCJ0ZndfdmlkZW9faGxzX2R5bmFtaWNfbWFuaWZlc3RzXzE1MDgyIjp7ImJ1Y2tldCI6InRydWVfYml0cmF0ZSIsInZlcnNpb24iOm51bGx9LCJ0ZndfbGVnYWN5X3RpbWVsaW5lX3N1bnNldCI6eyJidWNrZXQiOnRydWUsInZlcnNpb24iOm51bGx9LCJ0ZndfdHdlZXRfZWRpdF9mcm9udGVuZCI6eyJidWNrZXQiOiJvbiIsInZlcnNpb24iOm51bGx9fQ%3D%3D&amp;frame=false&amp;hideCard=false&amp;hideThread=false&amp;id=1774018616058343888&amp;lang=cs&amp;maxWidth=560px&amp;origin=https%3A%2F%2Fswentr.site%2Fnews%2F595157-people-taken-hostage-netherlands%2F&amp;sessionId=ebf6cd4aa1d6e08b53a3bad0c659bf00967ffc64&amp;siteScreenName=RT_com&amp;theme=light&amp;widgetsVersion=2615f7e52b7e0%3A1702314776716&amp;width=550px\" frameborder=\"0\" scrolling=\"no\" allowfullscreen=\"allowfullscreen\" data-tweet-id=\"1774018616058343888\" data-mce-fragment=\"1\"><\/iframe><\/div>\n<\/div>\n<p>Zhruba hodinu pot\u00e9, co byli propu\u0161t\u011bni prvn\u00ed t\u0159i lid\u00e9, policie uvedla, \u017ee\u00a0<em>\u201eposledn\u00ed rukojm\u00ed pr\u00e1v\u011b propustili\u201c,<\/em>\u00a0a dodala, \u017ee jedna osoba byla zat\u010dena, zat\u00edmco dal\u0161\u00ed podrobnosti odm\u00edtla poskytnout.<\/p>\n<p>Na videu na soci\u00e1ln\u00edch s\u00edt\u00edch bylo vid\u011bt, jak podez\u0159el\u00fd oble\u010den\u00fd v b\u00edl\u00e9m s \u010dernou maskou opou\u0161t\u00ed hospodu, sklonil hlavu a pomalu kr\u00e1\u010del dozadu ke skupin\u011b str\u00e1\u017ec\u016f z\u00e1kona.<\/p>\n<div class=\"rtcode\">\n<div class=\"twitter-tweet twitter-tweet-rendered\"><iframe id=\"twitter-widget-2\" class=\"\" title=\"P\u0159\u00edsp\u011bvek X\" src=\"https:\/\/platform.twitter.com\/embed\/Tweet.html?creatorScreenName=RT_com&amp;dnt=false&amp;embedId=twitter-widget-2&amp;features=eyJ0ZndfdGltZWxpbmVfbGlzdCI6eyJidWNrZXQiOltdLCJ2ZXJzaW9uIjpudWxsfSwidGZ3X2ZvbGxvd2VyX2NvdW50X3N1bnNldCI6eyJidWNrZXQiOnRydWUsInZlcnNpb24iOm51bGx9LCJ0ZndfdHdlZXRfZWRpdF9iYWNrZW5kIjp7ImJ1Y2tldCI6Im9uIiwidmVyc2lvbiI6bnVsbH0sInRmd19yZWZzcmNfc2Vzc2lvbiI6eyJidWNrZXQiOiJvbiIsInZlcnNpb24iOm51bGx9LCJ0ZndfZm9zbnJfc29mdF9pbnRlcnZlbnRpb25zX2VuYWJsZWQiOnsiYnVja2V0Ijoib24iLCJ2ZXJzaW9uIjpudWxsfSwidGZ3X21peGVkX21lZGlhXzE1ODk3Ijp7ImJ1Y2tldCI6InRyZWF0bWVudCIsInZlcnNpb24iOm51bGx9LCJ0ZndfZXhwZXJpbWVudHNfY29va2llX2V4cGlyYXRpb24iOnsiYnVja2V0IjoxMjA5NjAwLCJ2ZXJzaW9uIjpudWxsfSwidGZ3X3Nob3dfYmlyZHdhdGNoX3Bpdm90c19lbmFibGVkIjp7ImJ1Y2tldCI6Im9uIiwidmVyc2lvbiI6bnVsbH0sInRmd19kdXBsaWNhdGVfc2NyaWJlc190b19zZXR0aW5ncyI6eyJidWNrZXQiOiJvbiIsInZlcnNpb24iOm51bGx9LCJ0ZndfdXNlX3Byb2ZpbGVfaW1hZ2Vfc2hhcGVfZW5hYmxlZCI6eyJidWNrZXQiOiJvbiIsInZlcnNpb24iOm51bGx9LCJ0ZndfdmlkZW9faGxzX2R5bmFtaWNfbWFuaWZlc3RzXzE1MDgyIjp7ImJ1Y2tldCI6InRydWVfYml0cmF0ZSIsInZlcnNpb24iOm51bGx9LCJ0ZndfbGVnYWN5X3RpbWVsaW5lX3N1bnNldCI6eyJidWNrZXQiOnRydWUsInZlcnNpb24iOm51bGx9LCJ0ZndfdHdlZXRfZWRpdF9mcm9udGVuZCI6eyJidWNrZXQiOiJvbiIsInZlcnNpb24iOm51bGx9fQ%3D%3D&amp;frame=false&amp;hideCard=false&amp;hideThread=false&amp;id=1774039789420830872&amp;lang=cs&amp;origin=https%3A%2F%2Fswentr.site%2Fnews%2F595157-people-taken-hostage-netherlands%2F&amp;sessionId=ebf6cd4aa1d6e08b53a3bad0c659bf00967ffc64&amp;siteScreenName=RT_com&amp;theme=light&amp;widgetsVersion=2615f7e52b7e0%3A1702314776716&amp;width=550px\" frameborder=\"0\" scrolling=\"no\" allowfullscreen=\"allowfullscreen\" data-tweet-id=\"1774039789420830872\" data-mce-fragment=\"1\"><\/iframe><\/div>\n<\/div>\n<\/div>\n<div class=\"article__share article__share_bottom\"><img decoding=\"async\" loading=\"lazy\" class=\"alignnone size-full wp-image-1185\" src=\"http:\/\/www.infokuryr.cz\/n\/wp-content\/uploads\/2021\/04\/kuryr-podpis.png\" alt=\"\" width=\"84\" height=\"24\" \/><\/div>\n<div><\/div>\n","protected":false},"excerpt":{"rendered":"<p>N\u011bkolik lid\u00ed bylo zajato jako rukojm\u00ed nezn\u00e1m\u00fdm mu\u017eem v baru v nizozemsk\u00e9m m\u011bst\u011b Ede, uvedly&#8230;<\/p>\n","protected":false},"author":2,"featured_media":50673,"comment_status":"closed","ping_status":"closed","sticky":false,"template":"","format":"standard","meta":[],"categories":[7],"tags":[376,1716,5135],"_links":{"self":[{"href":"https:\/\/www.infokuryr.cz\/n\/wp-json\/wp\/v2\/posts\/50672"}],"collection":[{"href":"https:\/\/www.infokuryr.cz\/n\/wp-json\/wp\/v2\/posts"}],"about":[{"href":"https:\/\/www.infokuryr.cz\/n\/wp-json\/wp\/v2\/types\/post"}],"author":[{"embeddable":true,"href":"https:\/\/www.infokuryr.cz\/n\/wp-json\/wp\/v2\/users\/2"}],"replies":[{"embeddable":true,"href":"https:\/\/www.infokuryr.cz\/n\/wp-json\/wp\/v2\/comments?post=50672"}],"version-history":[{"count":1,"href":"https:\/\/www.infokuryr.cz\/n\/wp-json\/wp\/v2\/posts\/50672\/revisions"}],"predecessor-version":[{"id":50674,"href":"https:\/\/www.infokuryr.cz\/n\/wp-json\/wp\/v2\/posts\/50672\/revisions\/50674"}],"wp:featuredmedia":[{"embeddable":true,"href":"https:\/\/www.infokuryr.cz\/n\/wp-json\/wp\/v2\/media\/50673"}],"wp:attachment":[{"href":"https:\/\/www.infokuryr.cz\/n\/wp-json\/wp\/v2\/media?parent=50672"}],"wp:term":[{"taxonomy":"category","embeddable":true,"href":"https:\/\/www.infokuryr.cz\/n\/wp-json\/wp\/v2\/categories?post=50672"},{"taxonomy":"post_tag","embeddable":true,"href":"https:\/\/www.infokuryr.cz\/n\/wp-json\/wp\/v2\/tags?post=50672"}],"curies":[{"name":"wp","href":"https:\/\/api.w.org\/{rel}","templated":true}]}}