{"id":50649,"date":"2024-03-30T05:57:19","date_gmt":"2024-03-30T04:57:19","guid":{"rendered":"https:\/\/www.infokuryr.cz\/n\/?p=50649"},"modified":"2024-03-30T06:15:17","modified_gmt":"2024-03-30T05:15:17","slug":"michael-svatos-sokujici-paradox-putin-vcera-podle-bruselskeho-narizeni-green-deal-raketami-natrvalo-uzavrel","status":"publish","type":"post","link":"https:\/\/www.infokuryr.cz\/n\/2024\/03\/30\/michael-svatos-sokujici-paradox-putin-vcera-podle-bruselskeho-narizeni-green-deal-raketami-natrvalo-uzavrel\/","title":{"rendered":"Michael Svato\u0161: \u0160okuj\u00edc\u00ed paradox: Putin v\u010dera podle Bruselsk\u00e9ho na\u0159\u00edzen\u00ed Green Deal raketami natrvalo uzav\u0159el &#8230;"},"content":{"rendered":"<div id=\"fb-root\"><\/div>\n<p><span style=\"font-size: 14pt; color: #993366;\"><strong>\u0160okuj\u00edc\u00ed paradox: Putin v\u010dera podle Bruselsk\u00e9ho na\u0159\u00edzen\u00ed Green Deal raketami natrvalo uzav\u0159el v\u0161echny ukrajinsk\u00e9 uheln\u00e9 elektr\u00e1rny, ale Brusel zase \u0159\u00e1d\u00ed jako pominut\u00fd, proto\u017ee od roku 2002 z nich ka\u017edoro\u010dn\u011b dov\u00e1\u017eel v\u00edce \u2013 \u0161pinav\u00e9 \u2013 uheln\u00e9 elekt\u0159iny, ne\u017e dok\u00e1zaly vyrobit \u2013 \u010dist\u00e9 \u2013 ob\u011b \u010desk\u00e9 jadern\u00e9 elektr\u00e1rny!<\/strong><\/span><\/p>\n<p>V dne\u0161n\u00ed anal\u00fdze snadno pochop\u00edte, \u017ee v\u00e1lka na Ukrajin\u011b stoj\u00ed biliony, proto\u017ee Putin jen za t\u00fdden kompletn\u011b zni\u010dil 4 elektr\u00e1rny velikosti Temel\u00edna! Fiala m\u00e1 p\u0159itom finan\u010dn\u00ed probl\u00e9m postavit jeden!<\/p>\n<p>Bur\u0161tynsk\u00e1 tepeln\u00e1 elektr\u00e1rna:\u00a0Je\u0161t\u011b minul\u00fd t\u00fdden p\u0159ed Putinov\u00fdm raketov\u00fdm \u00fatokem to byla jedna z nejv\u011bt\u0161\u00edch uheln\u00fdch elektr\u00e1ren na Ukrajin\u011b \u2013 12 blok\u016f o celkov\u00e9m v\u00fdkonu 2400MW.\u00a0<a href=\"https:\/\/cs.wikipedia.org\/wiki\/Jadern%C3%A1_elektr%C3%A1rna_Temel%C3%ADn\">Pro srovn\u00e1n\u00ed cel\u00fd Temel\u00edn m\u00e1 v\u00fdkon 2250MW.<\/a><\/p>\n<p>Podle v\u010derej\u0161\u00edho p\u0159izn\u00e1n\u00ed \u0159editele Saharuka a starosty Bur\u0161tyna Vasyla Andryeshyna, je te\u010f cel\u00e1 elektr\u00e1rna zni\u010den\u00e1, a<a href=\"https:\/\/zaxid.net\/vnaslidok_ostannogo_rosiyskogo_obstrilu_zruynovani_vsi_energobloki_burshtinskoyi_tes_n1582576\">\u00a0jej\u00ed oprava bude trvat nejm\u00e9n\u011b 2 roky, a st\u00e1t 3 miliardy CZK<\/a>. Rozsah po\u0161kozen\u00ed elektr\u00e1rny bude zna\u010dn\u00fd,\u00a0<a href=\"https:\/\/www.epravda.com.ua\/publications\/2024\/03\/27\/711686\/\">proto\u017ee \u0159editel Saharuk \u0159ekl novin\u00e1\u0159\u016fm<\/a>, \u017ee n\u011bkter\u00e9 bloky bude t\u0159eba postavit \u00fapln\u011b cel\u00e9 znova, a pro ostatn\u00ed bude nutn\u00e9 vyrobit gener\u00e1tory, parn\u00ed turb\u00edny, regula\u010dn\u00ed syst\u00e9my, a transform\u00e1tory. \u010c\u00e1st tohoto vybaven\u00ed lze objednat na Ukrajin\u011b, zbytek bude nutn\u00e9 z\u00edskat v zahrani\u010d\u00ed. Saharuk d\u00e1le p\u0159iznal, \u017ee Putin elektr\u00e1rnu raketami vyp\u00e1lil poprv\u00e9 u\u017e na ja\u0159e 2022, a \u017ee jej\u00ed oprava st\u00e1la 3 miliardy CZK, a byla pr\u00e1v\u011b dokon\u010dena, kdy\u017e Putin ude\u0159il podruh\u00e9. Proto podle Saharuka nem\u00e1 cenu elektr\u00e1rnu za dal\u0161\u00ed 3 miliardy CZK opravovat, dokud kolem n\u00ed nebude neprody\u0161n\u00e1 protiraketov\u00e1 obrana. \u0158editel Saharuk tak\u00e9 potvrdil, \u017ee \u00fapln\u011b stejn\u011b po posledn\u00edm Putinov\u011b \u00fatoku skon\u010dila i dal\u0161\u00ed uheln\u00e1 elektr\u00e1rna\u00a0<a href=\"https:\/\/www.gem.wiki\/Ladyzhyn_power_station\">Ladyzhyn,<\/a>\u00a0celkem 1800 MW. Putin ji poprv\u00e9 vyp\u00e1lil u\u017e na ja\u0159e 2022, a kdy\u017e byla v lednu 2024 kone\u010dn\u011b opravena a uvedena do provozu, Putinovi se to evidentn\u011b moc nezamlouvalo, proto\u017ee ji p\u0159ed p\u00e1r dny vyp\u00e1lil pro jistotu je\u0161t\u011b jednou, a tentokr\u00e1te d\u016fkladn\u011b.\u00a0 D\u00e1 se tak \u0159\u00edci, \u017ee v rychlosti zav\u00edr\u00e1n\u00ed uheln\u00fdch elektr\u00e1ren v duchu bruselsk\u00e9 politiky Green Deal, nem\u00e1 moskevsk\u00fd Gosudar, podobn\u011b\u00a0 jako v jin\u00fdch oborech lidsk\u00e9 \u010dinnosti, v Evrop\u011b sob\u011b rovn\u00e9ho.<\/p>\n<p><img decoding=\"async\" loading=\"lazy\" class=\"wp-image-9868 aligncenter\" src=\"https:\/\/www.michalapetr.com\/wp-content\/uploads\/2024\/03\/%D0%91%D1%83%D1%80%D1%88%D1%82%D0%B8%D0%BD%D1%81%D1%8C%D0%BA%D0%B0_%D0%A2%D0%95%D0%A1.jpg\" sizes=\"(max-width: 1024px) 100vw, 1024px\" srcset=\"https:\/\/www.michalapetr.com\/wp-content\/uploads\/2024\/03\/\u0411\u0443\u0440\u0448\u0442\u0438\u043d\u0441\u044c\u043a\u0430_\u0422\u0415\u0421.jpg 1024w, https:\/\/www.michalapetr.com\/wp-content\/uploads\/2024\/03\/\u0411\u0443\u0440\u0448\u0442\u0438\u043d\u0441\u044c\u043a\u0430_\u0422\u0415\u0421-300x225.jpg 300w, https:\/\/www.michalapetr.com\/wp-content\/uploads\/2024\/03\/\u0411\u0443\u0440\u0448\u0442\u0438\u043d\u0441\u044c\u043a\u0430_\u0422\u0415\u0421-768x576.jpg 768w, https:\/\/www.michalapetr.com\/wp-content\/uploads\/2024\/03\/\u0411\u0443\u0440\u0448\u0442\u0438\u043d\u0441\u044c\u043a\u0430_\u0422\u0415\u0421-705x529.jpg 705w, https:\/\/www.michalapetr.com\/wp-content\/uploads\/2024\/03\/\u0411\u0443\u0440\u0448\u0442\u0438\u043d\u0441\u044c\u043a\u0430_\u0422\u0415\u0421-450x338.jpg 450w\" alt=\"\" width=\"793\" height=\"595\" \/><\/p>\n<p>Ministr energetiky Ukrajiny, dal\u0161\u00ed zn\u00e1m\u00fd komik kyjevsk\u00e9ho re\u017eimu, Herman Galu\u0161\u010denko, v\u010dera,\u00a0<a href=\"https:\/\/forbes.ua\/news\/vsi-energobloki-burshtinskoi-ta-ladizhinskoi-tes-poshkodzhenni-vnaslidok-ataki-rosii-dtek-28032024-20178\">aby uklidnil no\u010dn\u00edmi po\u017e\u00e1ry a v\u00fdbuchy v elektr\u00e1rn\u00e1ch po cel\u00e9 zemi zjit\u0159en\u00e9 Ukrajince<\/a>, jim v televizi prozradil, \u017ee Brusel z\u0159\u00eddil nov\u00fd fond na opravy v\u0161ech ukrajinsk\u00fdch elektr\u00e1ren vyp\u00e1len\u00fdch Putinem, a\u00a0<a href=\"https:\/\/forbes.ua\/news\/vsi-energobloki-burshtinskoi-ta-ladizhinskoi-tes-poshkodzhenni-vnaslidok-ataki-rosii-dtek-28032024-20178\">do fondu vlo\u017eil 1 miliardu CZK.<\/a>\u00a0Rozpor, \u017ee 1 miliarda, na opravu \u0161kod za 3 miliardy v jedin\u00e9 Putinem raketami uzav\u0159en\u00e9 elektr\u00e1rn\u011b, sta\u010dit nebude, vy\u0159e\u0161ilo kyjevsk\u00e9 velen\u00ed vskutku po sv\u00e9m, a ihned\u00a0<a href=\"https:\/\/dtek.com\/en\/media-center\/news\/three-dtek-power-plants-seriously-damaged-in-russian-attack\/\">za\u010dalo z internetu vymaz\u00e1vat v\u0161echny zpr\u00e1vy o po\u0161kozen\u00fdch elektr\u00e1rn\u00e1ch po cel\u00e9 Ukrajin\u011b<\/a>. Sou\u010dasn\u011b tamn\u00edmu neboh\u00e9mu lidu vytroubilo, \u017ee\u00a0<a href=\"https:\/\/vgolos.ua\/news\/kilkist-zrosla-do-semi-v-yakih-oblastyah-avariyni-vidklyuchennya-svitla_1446734.html\">v 7 regionech<\/a>\u00a0Ukrajiny\u00a0<a href=\"https:\/\/www.pravda.com.ua\/eng\/news\/2024\/03\/29\/7448819\/\">elekt\u0159ina n\u011bjakou dobu nebude<\/a>\u00a0\u2013 Slava Ukrajin\u011b!<\/p>\n<div id=\"attachment_9890\" class=\"wp-caption aligncenter\" style=\"width: 780px;\">\n<p><img decoding=\"async\" loading=\"lazy\" class=\" wp-image-9890\" src=\"https:\/\/www.michalapetr.com\/wp-content\/uploads\/2024\/03\/d25ac6671cff1260790462ccda85bffa.jpeg\" sizes=\"(max-width: 960px) 100vw, 960px\" srcset=\"https:\/\/www.michalapetr.com\/wp-content\/uploads\/2024\/03\/d25ac6671cff1260790462ccda85bffa.jpeg 960w, https:\/\/www.michalapetr.com\/wp-content\/uploads\/2024\/03\/d25ac6671cff1260790462ccda85bffa-225x300.jpeg 225w, https:\/\/www.michalapetr.com\/wp-content\/uploads\/2024\/03\/d25ac6671cff1260790462ccda85bffa-773x1030.jpeg 773w, https:\/\/www.michalapetr.com\/wp-content\/uploads\/2024\/03\/d25ac6671cff1260790462ccda85bffa-768x1024.jpeg 768w, https:\/\/www.michalapetr.com\/wp-content\/uploads\/2024\/03\/d25ac6671cff1260790462ccda85bffa-529x705.jpeg 529w, https:\/\/www.michalapetr.com\/wp-content\/uploads\/2024\/03\/d25ac6671cff1260790462ccda85bffa-450x600.jpeg 450w\" alt=\"\" width=\"780\" height=\"1040\" aria-describedby=\"caption-attachment-9890\" \/><\/p>\n<p id=\"caption-attachment-9890\" class=\"wp-caption-text\">Putin \u00fato\u010d\u00ed i na vodn\u00ed elektr\u00e1rny. V\u010dera zpusto\u0161il dal\u0161\u00ed dv\u011b.<\/p>\n<\/div>\n<h2 class=\"wp-block-heading\"><span style=\"color: #993366;\"><strong>Kter\u00e9 objekty, ve kter\u00fdch regionech byly zasa\u017eeny?<\/strong><\/span><\/h2>\n<p class=\"news-expanded__p\"><span style=\"font-size: 14pt;\"><strong>Charkov a Charkovsk\u00e1 oblast<\/strong><\/span><\/p>\n<p class=\"news-expanded__p\">V\u00fdbuch a n\u00e1sledn\u00fd po\u017e\u00e1r byl zaznamen\u00e1n ve\u00a0<a href=\"https:\/\/www.power-technology.com\/data-insights\/power-plant-profile-kharkiv-chpp-5-ukraine\/\">strojovn\u011b plynov\u00e9 elektr\u00e1rny\u00a0<\/a>CHPP-5 , (540 MW), kde byl zni\u010den turbogener\u00e1tor 2,\u00a0 a gener\u00e1tory 1 a 3 byly v\u00e1\u017en\u011b po\u0161kozeny. Elektr\u00e1rna zni\u010dena.<\/p>\n<p class=\"news-expanded__p\">Zaznamen\u00e1ny \u00fadery na tepelnou elektr\u00e1rnu\u00a0<a href=\"https:\/\/www.centrenergo.com\/en\/subdivision\/zmiivs-ka-tes\/\">TPP Zmievskaja<\/a>. (2200 MW) Podle satelitn\u00edch sn\u00edmk\u016f je na st\u0159e\u0161e strojovny n\u011bkolik stop po v\u00fdbuchu. M\u00edsto po\u0161kozen\u00ed nazna\u010duje, \u017ee byly po\u0161kozeny turbogener\u00e1tory \u010d. 2, 3, 5, 6, 8, 10 (\u010d\u00edslovan\u00e9 od z\u00e1padu k v\u00fdchodu). Je v\u0161ak t\u0159eba vz\u00edt v \u00favahu, \u017ee n\u011bkter\u00e9 gener\u00e1tory \u010d. 7\u201310 jsou pravd\u011bpodobn\u011b zakonzervovan\u00e9 nebo odvezen\u00e9 do opravy, tak\u017ee jejich po\u0161kozen\u00ed nem\u00e1 vliv na v\u00fdrobn\u00ed kapacitu stanice. Po\u0161kozeny byly i gener\u00e1torov\u00e9 transform\u00e1tory \u010d. 3, 4, 5, 6 . Stav zb\u00fdvaj\u00edc\u00edch turbogener\u00e1tor\u016f nen\u00ed zn\u00e1m, elektr\u00e1rna je zni\u010dena\u00a0.<\/p>\n<p class=\"news-expanded__p\"><span style=\"font-size: 14pt;\"><strong>Poltavsk\u00e1 oblast<\/strong><\/span><\/p>\n<p class=\"news-expanded__p\">C\u00edlem \u00fader\u016f byly rozvodn\u00e9 transforma\u010dn\u00ed stanice Poltava 330 PS\u00a0a\u00a0Mirgorod 330 PS, v regionu byl vyhl\u00e1\u0161en stav omezen\u00ed spot\u0159eby elekt\u0159iny.<\/p>\n<p class=\"news-expanded__p\"><span style=\"font-size: 14pt;\"><strong>Oblast Sumy<\/strong><\/span><\/p>\n<p class=\"news-expanded__p\">Podle webu Ukrenergo byly zavedeny harmonogramy odst\u00e1vek elekt\u0159iny v okresech Sumy, Konotop a Shostkinsky. \u00dader pravd\u011bpodobn\u011b zas\u00e1hl\u00a0rozvodnu a transforma\u010dn\u00ed stanici Konotop 33, ale rozsah \u0161kod nen\u00ed zn\u00e1m.<\/p>\n<p class=\"news-expanded__p\"><span style=\"font-size: 14pt;\"><strong>Z\u00e1poro\u017e\u00ed a Z\u00e1poro\u017esk\u00e1 oblast<\/strong><\/span><\/p>\n<p class=\"news-expanded__p\">Osm raket\u00a0<a href=\"https:\/\/rybar.ru\/posledstviya-udara-vs-rf-po-dneproges-22-marta-2024\/\">zas\u00e1hlo<\/a>\u00a0nejv\u011bt\u0161\u00ed vodn\u00ed elektr\u00e1rnu, tzv. Ukrajina \u2013\u00a0<strong>DneproGES<\/strong>\u00a0.\u00a0<strong>Elektr\u00e1rna\u00a0<\/strong><strong>je odstavena<\/strong>\u00a0.<\/p>\n<p class=\"news-expanded__p\">Raketa velk\u00e9 r\u00e1\u017ee zas\u00e1hla\u00a0<a href=\"https:\/\/cs.wikipedia.org\/wiki\/Dn%C4%9Bpersk%C3%A1_vodn%C3%AD_elektr%C3%A1rna\">DneproGES-2<\/a>\u00a0: byla zde zni\u010dena t\u00e9m\u011b\u0159 cel\u00e1 turb\u00ednov\u00e1 hala,\u00a0po\u0161kozeno\u00a06 z 8 hydrogener\u00e1tor\u016f\u00a0a\u00a0otev\u0159en\u00fd rozvad\u011b\u010d (ORU-154 kV) a zni\u010deny\u00a0t\u0159i ze \u010dty\u0159 gener\u00e1torov\u00fdch transform\u00e1tor\u016f\u00a0. Po\u0161kozeny byly i\u00a0je\u0159\u00e1bov\u00e9 dr\u00e1hy na hr\u00e1zi\u00a0, co\u017e znemo\u017enilo ovl\u00e1d\u00e1n\u00ed hydraulick\u00fdch ventil\u016f na \u010d\u00e1sti hr\u00e1ze. DneproGES-2\u00a0je prakticky zni\u010den\u00fd a bude vy\u017eadovat zdlouhav\u00e9 opravy.<\/p>\n<p class=\"news-expanded__p\">Jedna raketa zas\u00e1hla turb\u00ednovou halu\u00a0<a href=\"https:\/\/en.wikipedia.org\/wiki\/Dnieper_Hydroelectric_Station\">DneproGES-1<\/a>\u00a0a po\u0161kodila\u00a0jeden gener\u00e1torov\u00fd transform\u00e1tor\u00a0a\u00a0nadzemn\u00ed komunika\u010dn\u00ed veden\u00ed\u00a0s venkovn\u00edm rozvad\u011b\u010dem DneproGES, co\u017e zp\u016fsobilo zkrat na za\u0159\u00edzen\u00ed. DneproGES-1 utrp\u011bl men\u0161\u00ed po\u0161kozen\u00ed a o\u010dek\u00e1v\u00e1 se, \u017ee bude v bl\u00edzk\u00e9 budoucnosti znovu uveden do provozu, i kdy\u017e bez jednoho hydrogener\u00e1toru.<\/p>\n<p class=\"news-expanded__p\"><span style=\"font-size: 14pt;\"><strong>Dn\u011bpropetrovsk\u00e1 oblast<\/strong><\/span><\/p>\n<p class=\"news-expanded__p\">Rakety zas\u00e1hly\u00a0rozvodnu\u00a0<a href=\"https:\/\/www.power-technology.com\/marketdata\/dniprovska-substation-ukraine\/\">Dn\u011bprovskaja 750<\/a>\u00a0a zp\u016fsobily zkrat, kter\u00fd vedl k\u00a0odpojen\u00ed komunika\u010dn\u00ed linky se Z\u00e1poro\u017eskou jadernou elektr\u00e1rnou . Rozvodna byla t\u011b\u017ece po\u0161kozena u\u017e v d\u016fsledku \u00fader\u016f v lo\u0148sk\u00e9m roce a nebyla dosud pln\u011b opravena, ale prob\u00edhal p\u0159es n\u00ed tranzit a distribuce elekt\u0159iny 750 kV a 330 kV, proto\u017ee venkovn\u00ed rozvad\u011b\u010de byly na rozd\u00edl od autotransform\u00e1tor\u016f pln\u011b obnoveny.<\/p>\n<p class=\"news-expanded__p\">Dal\u0161\u00ed \u00fadery byly sm\u011b\u0159ovaly proti rozvodn\u011b Pavlogradskaja 330\u00a0, ale nezp\u016fsobily kritick\u00e9 po\u0161kozen\u00ed za\u0159\u00edzen\u00ed.<\/p>\n<p class=\"news-expanded__p\">Dal\u0161\u00ed \u00fadery sm\u011b\u0159ovaly proti rozvodn\u00e1m\u00a0 v Kryvyj\u00a0 Rih\u00a0\u2013\u00a0rozvodna Pervomajskaja 330, Kirovskaja 330\u00a0a\u00a0rozvodna Ju\u017enaja 330\u00a0. Satelitn\u00ed sn\u00edmky vykazuj\u00ed zn\u00e1mky po\u0161kozen\u00ed autotransform\u00e1tor\u016f v rozvodn\u011b Ju\u017enaja 330 a v rozvodn\u011b Kirovskaja a rozvodn\u011b Pervomajskaja 330 jsou zn\u00e1mky\u00a0po\u0161kozen\u00ed venkovn\u00edho rozvad\u011b\u010de 330 kV . \u0160kody nejsou kritick\u00e9, ale vzhledem ke skute\u010dnosti, \u017ee \u0161kody jsou na v\u0161ech rozvodn\u00e1ch, nakonec do\u0161lo k p\u0159eru\u0161en\u00ed dod\u00e1vek elekt\u0159iny ve m\u011bst\u011b. Situaci zhor\u0161ila skute\u010dnost, \u017ee rozvodna Gornaya 330 byla po\u0161kozena u\u017e v \u00fanoru, a dosud nebyla opravena.<\/p>\n<p class=\"news-expanded__p\">Tepeln\u00e9 elektr\u00e1rny Pridneprovskaya a Krivoy Rog jsou sice po \u00faderech je\u0161t\u011b v provozu \u2013 ale prvn\u00ed omezen\u00e1 pouze na bloky 5 a 6, druh\u00e1 na bloky 3 a 4.<\/p>\n<p class=\"news-expanded__p\"><span style=\"font-size: 14pt;\"><strong>Vinick\u00e1 oblast<\/strong><\/span><\/p>\n<p class=\"news-expanded__p\">Dal\u0161\u00ed r\u00e1na pro\u00a0Ladyzhinskaya TPP. St\u0159ely zas\u00e1hly prostory turbogener\u00e1tor\u016f 3 a 4, po\u0161kodily strojovnu a \u010d\u00e1ste\u010dn\u011b kotelnu, a\u00a0z\u0159\u00edtila se \u010d\u00e1st st\u0159echy. Na sn\u00edmc\u00edch byl vid\u011bt kou\u0159 z\u00a0po\u017e\u00e1ru a mo\u017en\u00e1 i po\u0161kozen\u00fd kotel. Elektr\u00e1rna je vy\u0159azena z provozu. Turb\u00ednov\u00e9 gener\u00e1tory 1 2 5 6 se zdaj\u00ed b\u00fdt nepo\u0161kozen\u00e9 a po obnoven\u00ed zni\u010den\u00fdch technologick\u00fdch potrub\u00ed a in\u017een\u00fdrsk\u00fdch s\u00edt\u00ed m\u016f\u017ee elektr\u00e1rna pokra\u010dovat v provozu s omezen\u00fdm v\u00fdkonem na 4 gener\u00e1tory. Uveden\u00ed do \u010d\u00e1ste\u010dn\u00e9ho provozu potrv\u00e1 t\u00fddny a\u017e m\u011bs\u00edce, z\u00e1le\u017e\u00ed, kolik je na Ukrajin\u011b n\u00e1hradn\u00edch \u010d\u00e1st\u00ed.<\/p>\n<p class=\"news-expanded__p\"><span style=\"font-size: 14pt;\"><strong>Od\u011bsk\u00e1 oblast<\/strong><\/span><\/p>\n<p class=\"news-expanded__p\">V d\u016fsledku \u00fatok\u016f na rozvodny bylo p\u0159eru\u0161eno nap\u00e1jen\u00ed v\u011bt\u0161iny spot\u0159ebitel\u016f. Hlavn\u00ed r\u00e1na byla \u00fadajn\u011b na\u00a0<strong>rozvodn\u011b Ad\u017ealyk 330<\/strong>\u00a0, kter\u00e1 p\u0159eru\u0161ila p\u0159enos elekt\u0159iny z jihoukrajinsk\u00e9 jadern\u00e9 elektr\u00e1rny do Od\u011bsy. S p\u0159ihl\u00e9dnut\u00edm k odst\u00e1vce tepeln\u00e9 elektr\u00e1rny Lady\u017einskaja z\u016fstal jedin\u00fdm zdrojem energie dovoz elekt\u0159iny z Moldavska, tepeln\u00e9 elektr\u00e1rny Od\u011bsa a sol\u00e1rn\u00edch a v\u011btrn\u00fdch elektr\u00e1ren. Na satelitn\u00edch sn\u00edmc\u00edch nejsou \u017e\u00e1dn\u00e9 stopy po\u0161kozen\u00ed rozvodny Usatovo 330, rozvodny Novoodesskaya 330 a rozvodny Tsentrolit 220. P\u0159edpokl\u00e1d\u00e1me v\u0161ak, \u017ee\u00a0<strong>rozvodna Usatovo 330<\/strong>\u00a0byla po\u0161kozena, proto\u017ee v noci z 22. na 23. b\u0159ezna se import elekt\u0159iny z Moldavska na n\u011bkolik hodin zastavil. Zd\u00e1 se, \u017ee tento \u010das byl vyu\u017eit k oprav\u011b rozvodny, pak dovoz plynule rostl a nyn\u00ed se pohybuje v rozmez\u00ed 600\u2013700 MW (ve skute\u010dnosti je to vy\u0161\u0161\u00ed, proto\u017ee \u010d\u00e1st elekt\u0159iny se vrac\u00ed z Ukrajiny do Moldavska do rozvodny Rybnitsa) . Pokud by do\u0161lo k v\u00e1\u017en\u00e9mu po\u0161kozen\u00ed rozvodny Usatovo, tak vysok\u00fd provoz by byl nemo\u017en\u00fd.<\/p>\n<p class=\"news-expanded__p\"><span style=\"font-size: 14pt;\"><strong>Chmelnick\u00fd region<\/strong><\/span><\/p>\n<p class=\"news-expanded__p\">Zasa\u017eena byla\u00a0rozvodna Shepetovka 330\u00a0a\u00a0rozvodna Khmelnitskaya 330 . V rozvodn\u011b Shepetivka bylo \u00fadajn\u011b po\u0161kozeno za\u0159\u00edzen\u00ed venkovn\u00edho rozvad\u011b\u010de 330 a technick\u00e1 budova. Objekt nebyl kriticky po\u0161kozen. V rozvodn\u011b Chmelnickaja, soud\u011b podle satelitn\u00edch sn\u00edmk\u016f, byl zni\u010den autotransform\u00e1tor. V kraji je zaveden harmonogram odst\u00e1vek elekt\u0159iny. Dole v\u010dera vyhodnocen\u00e1 mapa rusk\u00fdch \u00fader\u016f z 22. b\u0159ezna.<\/p>\n<p><img decoding=\"async\" loading=\"lazy\" class=\"wp-image-9891 aligncenter\" src=\"https:\/\/www.michalapetr.com\/wp-content\/uploads\/2024\/03\/photo_2024-03-28_17-54-05.jpg\" sizes=\"(max-width: 2560px) 100vw, 2560px\" srcset=\"https:\/\/www.michalapetr.com\/wp-content\/uploads\/2024\/03\/photo_2024-03-28_17-54-05.jpg 2560w, https:\/\/www.michalapetr.com\/wp-content\/uploads\/2024\/03\/photo_2024-03-28_17-54-05-300x213.jpg 300w, https:\/\/www.michalapetr.com\/wp-content\/uploads\/2024\/03\/photo_2024-03-28_17-54-05-1030x731.jpg 1030w, https:\/\/www.michalapetr.com\/wp-content\/uploads\/2024\/03\/photo_2024-03-28_17-54-05-768x545.jpg 768w, https:\/\/www.michalapetr.com\/wp-content\/uploads\/2024\/03\/photo_2024-03-28_17-54-05-1536x1091.jpg 1536w, https:\/\/www.michalapetr.com\/wp-content\/uploads\/2024\/03\/photo_2024-03-28_17-54-05-2048x1454.jpg 2048w, https:\/\/www.michalapetr.com\/wp-content\/uploads\/2024\/03\/photo_2024-03-28_17-54-05-1500x1065.jpg 1500w, https:\/\/www.michalapetr.com\/wp-content\/uploads\/2024\/03\/photo_2024-03-28_17-54-05-260x185.jpg 260w, https:\/\/www.michalapetr.com\/wp-content\/uploads\/2024\/03\/photo_2024-03-28_17-54-05-705x501.jpg 705w, https:\/\/www.michalapetr.com\/wp-content\/uploads\/2024\/03\/photo_2024-03-28_17-54-05-450x320.jpg 450w\" alt=\"\" width=\"926\" height=\"657\" \/><\/p>\n<h2 class=\"wp-block-heading\"><span style=\"color: #993366;\"><strong>Jak\u00e9 jsou d\u016fsledky Putinov\u00fdch \u00fader\u016f pro ukrajinskou energetickou infrastrukturu?<\/strong><\/span><\/h2>\n<p class=\"news-expanded__p\">Nejobt\u00ed\u017en\u011bj\u0161\u00ed situace s dod\u00e1vkami elekt\u0159iny se vyvinula v\u00a0Charkov\u011b. Zni\u010den\u00ed\u00a0dvou hlavn\u00edch elektr\u00e1ren\u00a0v regionu \u2013 Zmievskaja TPP (kapacita 2200 MW) a CHPP-5 (540 MW) \u2013 p\u0159ipravila m\u011bsto o\u00a093 % jeho v\u00fdrobn\u00ed kapacity. \u00dadery na rozvodny 330 kV\u00a0zna\u010dn\u011b omezily mo\u017enosti p\u0159\u00edjmu elekt\u0159iny ze st\u0159edu zem\u011b.<\/p>\n<p class=\"news-expanded__p\">V Charkov\u011b v\u0161ak z\u016fstaly men\u0161\u00ed plynov\u00e9 elektr\u00e1rny CHPP-2\u00a0a\u00a0CHPP-3, schopn\u00e9 produkovat 230 MW v nomin\u00e1ln\u00edm re\u017eimu. Tak\u00e9 v rozvodn\u00e1ch\u00a0Losevo\u00a0a\u00a0Charkovskaja\u00a0byly neporu\u0161en\u00e9 autotransform\u00e1tory schopn\u00e9 p\u0159ij\u00edmat elekt\u0159inu a sni\u017eovat ji na \u00farove\u0148 110 kV. M\u011bsto m\u016f\u017ee b\u00fdt z\u00e1sobov\u00e1no elekt\u0159inou z jin\u00fdch region\u016f prost\u0159ednictv\u00edm n\u011bkolika\u00a0nadzemn\u00edch veden\u00ed 110 kV\u00a0, kter\u00e9 tak\u00e9 dod\u00e1v\u00e1 energii, i kdy\u017e omezenou. Do m\u011bsta byly p\u0159istaveny\u00a0mobiln\u00ed dieselov\u00e9 a plynov\u00e9 p\u00edstov\u00e9 elektr\u00e1rny\u00a0, kter\u00e9 se rovn\u011b\u017e pod\u00edlej\u00ed na dod\u00e1vce elekt\u0159iny. To v\u0161e umo\u017enilo vr\u00e1tit elekt\u0159inu m\u011bstu a n\u011bkter\u00fdm pr\u016fmyslov\u00fdm podnik\u016fm b\u011bhem p\u00e1r dn\u00ed, ov\u0161em s p\u0159\u00edsn\u00fdmi omezen\u00edmi. Situace v Charkov\u011b je p\u0159itom skute\u010dn\u011b\u00a0kritick\u00e1\u00a0.<\/p>\n<p class=\"news-expanded__p\">\u00dadery na energetickou soustavu v regionech Sumy a Poltava lze pova\u017eovat za dodate\u010dn\u00e9 k blokov\u00e1n\u00ed p\u0159enosu elekt\u0159iny ze z\u00e1padn\u00edch oblast\u00ed Ukrajiny do Charkova. V p\u0159\u00edpad\u011b dodate\u010dn\u00fdch \u00fatok\u016f na zb\u00fdvaj\u00edc\u00ed autotransform\u00e1tory a na CHPP-2 a CHPP-3, stejn\u011b jako na venkovn\u00ed rozvad\u011b\u010de 110 rozvodny Losevo a \u00fatoku na rozvodnu Poltava 330, lze o\u010dek\u00e1vat \u00fapln\u00fd kolaps energetick\u00e9ho z\u00e1sobov\u00e1n\u00ed Charkova a cel\u00e9ho regionu\u00a0.<\/p>\n<p class=\"news-expanded__p\">Vy\u0159azen\u00ed vodn\u00ed elektr\u00e1rny DneproGES v\u00fdrazn\u011b ovlivnilo ukrajinskou schopnost\u00a0reagovat na \u0161pi\u010dky spot\u0159eby elekt\u0159iny.\u00a0 \u010c\u00e1st stanice (DneproGES-1) bude pravd\u011bpodobn\u011b brzy znovu uvedena do provozu, ale stanice i tak ztrat\u00ed 60 % sv\u00e9 v\u00fdrobn\u00ed kapacity, a nebude j\u00ed mo\u017en\u00e9 spou\u0161t\u011bt v dob\u00e1ch energetick\u00e9 \u0161pi\u010dky.<\/p>\n<p class=\"news-expanded__p\">Z\u00e1poro\u017e\u00ed\u00a0je nyn\u00ed\u00a0zcela z\u00e1visl\u00e9 na p\u0159enosu elekt\u0159iny ze sousedn\u00edch region\u016f, a Dn\u011bpropetrovsk\u00e1 oblast\u00a0se tak\u00e9 nem\u016f\u017ee pochlubit stabiln\u00edm nap\u00e1jen\u00edm. Nav\u00edc, pokud je\u00a0Dn\u011bpropetrovsk\u00a0relativn\u011b stabiln\u00ed\u00a0kv\u016fli\u00a0provozn\u00ed tepeln\u00e9 elektr\u00e1rn\u011b\u00a0a\u00a0vodn\u00ed elektr\u00e1rn\u011b<a href=\"https:\/\/cs.wikipedia.org\/wiki\/St%C5%99edodn%C4%9Bpersk%C3%A1_vodn%C3%AD_elektr%C3%A1rna\">\u00a0Srednedneprovskaja,<\/a>\u00a0pak zjevn\u011b nebude dostatek energie pro kl\u00ed\u010dovou pr\u016fmyslovou oblast Ukrajiny Kryvyj Rih. Technick\u00fd stav\u00a0tepeln\u00e9 elektr\u00e1rny Kryvyj Rih\u00a0z\u0159ejm\u011b neumo\u017e\u0148uje spustit v\u00edce ne\u017e\u00a0dva, t\u0159i energetick\u00e9 bloky, a to zjevn\u011b nesta\u010d\u00ed pro takov\u00fd po\u010det spot\u0159ebitel\u016f. Kryvyj Rih a Dn\u011bpropetrovsk tak budou kriticky z\u00e1visl\u00e9 na p\u0159enosu elekt\u0159iny z\u00a0<a href=\"https:\/\/cs.wikipedia.org\/wiki\/Jihoukrajinsk%C3%A1_jadern%C3%A1_elektr%C3%A1rna\">Jihoukrajinsk\u00e9 jadern\u00e9 elektr\u00e1rny<\/a>\u00a0p\u0159es veden\u00ed\u00a0330 a 750. Rozvodny trasy 750 byly b\u011bhem lo\u0148sk\u00fdch \u00fader\u016f velmi v\u00e1\u017en\u011b po\u0161kozeny, ale st\u00e1le si zachov\u00e1vaj\u00ed omezenou schopnost p\u0159en\u00e1\u0161et a sni\u017eovat nap\u011bt\u00ed\u00a0ze 750 kV na 330 kV, \u010d\u00edm\u017e \u010d\u00e1ste\u010dn\u011b odleh\u010duj\u00ed veden\u00ed 330 kV.<\/p>\n<p class=\"news-expanded__p\">Situaci v\u00a0Od\u011bse\u00a0z velk\u00e9 \u010d\u00e1sti vysv\u011btluje\u00a0slab\u00e1\u00a0z\u00e1loha nap\u00e1jen\u00ed. Od\u011bsa m\u00e1\u00a0ze v\u0161ech velk\u00fdch m\u011bst\u00a0nejmen\u0161\u00ed bezpe\u010dnostn\u00ed rezervu\u00a0a jak\u00e1koli r\u00e1na do rozvoden na ni m\u00e1 mnohem siln\u011bj\u0161\u00ed dopad ne\u017e na jin\u00e1 spr\u00e1vn\u00ed centra region\u016f.\u00a0Zachra\u0148uje\u00a0to ale bl\u00edzkost\u00a0Moldavska\u00a0a\u00a0Rumunska, odkud proud\u00ed neust\u00e1le elekt\u0159ina. Kl\u00ed\u010dov\u00fdm uzlem pro distribuci elekt\u0159iny je\u00a0rozvodna Usatovo 330\u00a0a dokud je v provozu, dovoz elekt\u0159iny neust\u00e1v\u00e1. Dal\u0161\u00edm\u00a0\u00fazk\u00fdm hrdlem je\u00a0rozvodna Adzhalyk 330, p\u0159es kterou je dod\u00e1v\u00e1na elekt\u0159ina z Jihoukrajinsk\u00e9 jadern\u00e9 elektr\u00e1rny. Posledn\u00edm zdrojem je tepeln\u00e1 elektr\u00e1rna Lady\u017einskaja . P\u0159i \u00faderech 22. b\u0159ezna se poda\u0159ilo zne\u0161kodnit dva ze t\u0159\u00ed zdroj\u016f nap\u00e1jen\u00ed (Rozvodna Ad\u017ealyk a tepeln\u00e1 elektr\u00e1rna Lady\u017einskaja), v d\u016fsledku \u010deho\u017e ve m\u011bst\u011b okam\u017eit\u011b do\u0161lo k\u00a0v\u00e1\u017en\u00fdm v\u00fdpadk\u016fm proudu.<\/p>\n<p class=\"news-expanded__p\">\u00dadery na rozvodny v\u00a0<strong>Chmelnick\u00e9 oblasti<\/strong>\u00a0m\u011bly za c\u00edl znemo\u017enit tranzit elekt\u0159iny z\u00a0<strong>jadern\u00fdch elektr\u00e1ren\u00a0<\/strong><strong>Chmelnytsky<\/strong>\u00a0a Rivne\u00a0do v\u00fdchodn\u00edch oblast\u00ed zem\u011b. Z\u00e1rove\u0148 byl \u00fatok sp\u00ed\u0161e pr\u016fzkumem ukrajinsk\u00e9 protiraketov\u00e9 obrany v t\u00e9to oblasti, ne\u017e my\u0161len v\u00e1\u017en\u011b.<\/p>\n<h2 class=\"wp-block-heading\"><span style=\"color: #993366;\">Kritick\u00e9 m\u00edsto ukrajinsk\u00e9 energetiky!<\/span><\/h2>\n<p class=\"wp-block-heading\">Nyn\u00ed\u00a0 je Ukrajina z\u00e1visl\u00e1 na t\u0159ech jadern\u00fdch elektr\u00e1rn\u00e1ch \u2013 Rivne, Jihoukrajinsk\u00e1\u00a0a\u00a0Chmelnick\u00e1, na kter\u00e9 Putin ne\u00fato\u010d\u00ed p\u0159\u00edmo, ale postupn\u011b je od\u0159ez\u00e1v\u00e1 od veden\u00ed. Mo\u017en\u00e9 ov\u0161em je, \u017ee velikono\u010dn\u00ed \u00fadery na turb\u00ednov\u00e9 haly testovaly ruskou schopnost p\u0159esn\u011b zas\u00e1hnout mal\u00fd c\u00edl. V tom p\u0159\u00edpad\u011b Putin chyst\u00e1 chirurgick\u00fd raketov\u00fd \u00fader proti jadern\u00fdm elektr\u00e1rn\u00e1m, aby zni\u010dil jejich kl\u00ed\u010dovou nejadernou \u010d\u00e1st. Jde o velmi nebezpe\u010dnou taktiku. Sp\u00ed\u0161 z d\u00edlny \u0160ojgu a bez schv\u00e1len\u00ed Putina. Ten je zn\u00e1m svou opatrnost\u00ed.<\/p>\n<p><a href=\"https:\/\/stranapro.cz\/\"><img decoding=\"async\" loading=\"lazy\" class=\"wp-image-40285 aligncenter\" src=\"http:\/\/www.infokuryr.cz\/n\/wp-content\/uploads\/2023\/11\/11pro-300x79.png\" alt=\"\" width=\"832\" height=\"219\" srcset=\"https:\/\/www.infokuryr.cz\/n\/wp-content\/uploads\/2023\/11\/11pro-300x79.png 300w, https:\/\/www.infokuryr.cz\/n\/wp-content\/uploads\/2023\/11\/11pro.png 363w\" sizes=\"(max-width: 832px) 100vw, 832px\" \/><\/a><\/p>\n<p>Putinovo Velikono\u010dn\u00ed vypalov\u00e1n\u00ed ukrajinsk\u00fdch uheln\u00fdch elektr\u00e1ren m\u00e1 hlubokou vojensko-strategickou logiku. Pomineme-li podivnou skute\u010dnost, \u017ee Brusel, sou\u010dasn\u011b se zah\u00e1jen\u00edm politiky Green Deal a \u010dist\u00e9 elekt\u0159iny, p\u0159i jej\u00ed\u017e v\u00fdrob\u011b se nevypou\u0161t\u00ed do ovzdu\u0161\u00ed CO2, jako je tomu u uhl\u00ed nejv\u00edce, zat\u00ed\u017eil \u010deskou uhelnou elekt\u0159inu tu\u010dn\u00fdmi poplatky, a sou\u010dasn\u011b v roce 2002 na\u0159\u00eddil Kyjevu vybudovat tzv.\u00a0<a href=\"https:\/\/uk.wikipedia.org\/wiki\/%D0%91%D1%83%D1%80%D1%88%D1%82%D0%B8%D0%BD%D1%81%D1%8C%D0%BA%D0%B8%D0%B9_%D0%B5%D0%BD%D0%B5%D1%80%D0%B3%D0%BE%D0%BE%D1%81%D1%82%D1%80%D1%96%D0%B2\">Bur\u0161tynsk\u00fd energetick\u00fd ostrov<\/a>, kter\u00fd se odpojil od ukrajinsk\u00e9 energetick\u00e9 soustavy, a za\u010dal do Evropy pumpovat v\u00edce levn\u00e9 ale \u0161pinav\u00e9 uheln\u00e9 elekt\u0159iny, ne\u017e vyr\u00e1b\u011bly ob\u011b \u010desk\u00e9 jadern\u00e9 elektr\u00e1rny drah\u00e9 a \u010dist\u00e9. Je pak podivn\u00e9, \u017ee Bruselu p\u0159itom v\u016fbec nevadilo, \u017ee\u00a0<a href=\"https:\/\/uk.wikipedia.org\/wiki\/%D0%91%D1%83%D1%80%D1%88%D1%82%D0%B8%D0%BD%D1%81%D1%8C%D0%BA%D0%B0_%D0%A2%D0%95%D0%A1\">Bur\u0161tynsk\u00e1 uheln\u00e1 elektr\u00e1rna nebyla ani ods\u00ed\u0159en\u00e1, a vypou\u0161t\u011bla tak do p\u0159evl\u00e1daj\u00edc\u00edch z\u00e1padn\u00edch v\u011btr\u016f stovky tun \u0161kodliv\u00e9ho oxidu si\u0159i\u010dit\u00e9ho, a sm\u011brem na v\u00fdchod od sv\u00fdch kom\u00edn\u016f pusto\u0161ila a zne\u010di\u0161\u0165ovala krajinu<\/a>, kde\u017eto poplatky CO2 zat\u00ed\u017een\u00e9, ale ods\u00ed\u0159en\u00e9 \u010desk\u00e9 elektr\u00e1rny skom\u00edraly, maj\u00ed se te\u010f vypnout, a p\u0159itom jejich kom\u00edny oxid si\u0159i\u010dit\u00fd u\u017e d\u00e1vno nevypou\u0161t\u011bj\u00ed! Kde\u017eto ukrajinsk\u00e9 uheln\u00e9 elektr\u00e1rny maj\u00ed \u0161pinavou uhelnou elekt\u0159inu do Evropy pumpovat! Pro\u010d? Odpov\u011b\u010f je prost\u00e1 \u2013 evropsk\u00e1 sol\u00e1rn\u00ed a v\u011btrn\u00e1 energetika pot\u0159ebuje pro svou existenci masivn\u00ed mno\u017estv\u00ed levn\u00e9 \u0161pinav\u00e9 elekt\u0159iny, kter\u00e1 se produkuje pouze, kdy\u017e nefouk\u00e1 a nesv\u00edt\u00ed. Ukrajinsk\u00e9 uheln\u00e9 elektr\u00e1rny, kter\u00e9 nejsou zat\u00ed\u017eeny poplatky CO2, n\u00e1klady na odsi\u0159ov\u00e1n\u00ed, a nemus\u00ed dodr\u017eovat ekologick\u00e9 a technick\u00e9 p\u0159edpisy EU, a neplat\u00ed evropsk\u00e9 platy, maj\u00ed tak levn\u00fd provoz, \u017ee je jejich majitel\u00e9 mohou vyp\u00ednat a zap\u00ednat podle pot\u0159eby z\u00e1padn\u00edch sol\u00e1rn\u00edch a v\u011btrn\u00fdch baron\u016f, a to a\u010dkoli toto zap\u00edn\u00e1n\u00ed a vyp\u00edn\u00e1n\u00ed uheln\u00fdch kotl\u016f a turb\u00edn tyto elektr\u00e1rny ni\u010d\u00ed!<\/p>\n<p>\u010ce\u0161i maj\u00ed m\u00edt drahou elekt\u0159inu, aby Z\u00e1pad mohl z Ukrajiny dov\u00e1\u017eet levnou a \u0161pinavou elekt\u0159inu, je z\u00e1kladn\u00ed bruselsk\u00e1 logika. Putinova logika, pomineme-li skute\u010dnost, \u017ee mu ukrajinsk\u00e9 tepeln\u00e9 elektr\u00e1rny vypou\u0161t\u011bj\u00ed do Ruska tis\u00edce tun \u0161kodliv\u00fdch plyn\u016f a pop\u00edlk\u016f, je zalo\u017een\u00e1 na evropsk\u00e9 pot\u0159eb\u011b masivn\u00edch dod\u00e1vek levn\u00e9 ukrajinsk\u00e9 \u0161pinav\u00e9 elekt\u0159iny v dob\u011b kdy nesv\u00edt\u00ed a nefouk\u00e1. Nebudou-li ukrajinsk\u00e9 uheln\u00e9 elektr\u00e1rny, nebude v Evrop\u011b \u010d\u00edm vyrovn\u00e1vat spot\u0159ebu elekt\u0159iny, a evropsk\u00fd energetick\u00fd syst\u00e9m se tak za\u010dne hroutit. Ukrajina nav\u00edc p\u0159ijde o miliardy EUR za export levn\u00e9 elekt\u0159iny, a sama j\u00ed bude m\u00edt m\u00e1lo, a jej\u00ed hospod\u00e1\u0159stv\u00ed a pr\u016fmysl se definitivn\u011b zhrout\u00ed. Nedostatek vodn\u00ed a uheln\u00e9 elekt\u0159iny vyr\u00e1b\u011bn\u00e9 na Ukrajin\u011b ohroz\u00ed produkci jadern\u00fdch elektr\u00e1ren, proto\u017ee ty pro bezpe\u010dn\u00fd provoz pot\u0159ebuj\u00ed ji\u0161t\u011bn\u00ed dod\u00e1vkami elekt\u0159iny pro p\u0159\u00edpad vyp\u00edn\u00e1n\u00ed reaktor\u016f a na jejich chlazen\u00ed. V rozkol\u00edsan\u00e9 s\u00edti nezb\u00fdv\u00e1, ne\u017e jadern\u00e9 reaktory v\u010das vypnout. Putinova energetick\u00e1 hra na Ukrajin\u011b, je mnohem slo\u017eit\u011bj\u0161\u00ed ne\u017e by se zd\u00e1lo na prvn\u00ed pohled, \u017ee jde jen o vyvol\u00e1n\u00ed nedostatku elekt\u0159iny pro v\u00fdrobu. Ve skute\u010dnosti m\u00ed\u0159\u00ed Putin vysoko. Opravy elektr\u00e1ren, kter\u00e9 maj\u00ed zni\u010den\u00e9 cel\u00e9 bloky se po\u010d\u00edtaj\u00ed v miliard\u00e1ch, a \u017e\u00e1dn\u00fd z\u00e1padn\u00ed bank\u00e9\u0159 nebude ka\u017ed\u00e9 dva roky jejich opravu Ukrajinc\u016fm n\u00e1kladn\u011b financovat, aby je po m\u011bs\u00edci v provozu vid\u011bl zase v rusk\u00e9 z\u00e1\u0159i pl\u00e1polat! Letos,<a href=\"https:\/\/www.atlanticcouncil.org\/blogs\/ukrainealert\/ukraine-expands-eu-energy-exports-in-fresh-display-of-wartime-resilience\/\">\u00a0p\u0159ed \u00fatoky Ukrajina vyv\u00e1\u017eela do EU 716 MW v\u00fdkonu<\/a>, tedy asi 1\/3 produkce Temel\u00edna, a<a href=\"https:\/\/kyivindependent.com\/ukrenergo-ukraine-plans-record-electricity-exports-to-5-countries\/\">\u00a0naopak p\u0159i v\u00fdpadc\u00edch zp\u016fsoben\u00fdch jednotliv\u00fdmi \u00fatoky elekt\u0159inu dov\u00e1\u017eela<\/a>. Likvidace tepeln\u00fdch elektr\u00e1ren bude tedy od\u010derp\u00e1vat elekt\u0159inu z EU, a t\u00edm ji je\u0161t\u011b v\u00edce zdra\u017e\u00ed, se v\u0161emi d\u016fsledky pro pr\u016fmysl. \u00datok Putina na ukrajinsk\u00e9 elektr\u00e1rny je tak i hybridn\u00edm \u00fatokem na EU.<\/p>\n<p>V noci Putin op\u011bt \u00fato\u010dil. V\u00fdsledky budou zn\u00e1my ve\u010der. M\u011bjte se kr\u00e1sn\u011b a d\u011bkuji za pomoc. Dnes to dalo v\u00edce pr\u00e1ce, ne\u017e jindy, proto na maily odpov\u00edm a\u017e z\u00edtra. D\u011bkuji za n\u011bkolik upozorn\u011bn\u00ed na zd\u00e1nliv\u00fd rozpor v minul\u00e9 anal\u00fdze \u2013 up\u0159es\u0148uji tedy: Jadern\u00e1 n\u00e1lo\u017e rakety Zirkon je 12.5 kr\u00e1t siln\u011bj\u0161\u00ed ne\u017e n\u00e1lo\u017e hiro\u0161imsk\u00e9 bomby, vezmeme-li v \u00favahu jejich jadern\u00e9 r\u00e1\u017ee vyj\u00e1d\u0159en\u00e9 v kilotun\u00e1ch TNT. Vezmeme-li v \u00favahu skute\u010dn\u00e9 ni\u010div\u00e9 schopnosti, je n\u00e1lo\u017e Zirkonu skoro 16 kr\u00e1t \u00fa\u010dinn\u011bj\u0161\u00ed ne\u017e hiro\u0161imsk\u00e1 bomba, proto\u017ee bude pou\u017eita modern\u011bj\u0161\u00edm a ni\u010div\u011bj\u0161\u00edm zp\u016fsobem. V podstat\u011b je ov\u0161em jedno jestli 12kr\u00e1t nebo 16 kr\u00e1t je siln\u011bj\u0161\u00ed, lep\u0161\u00ed je slavit Velikonoce, ne\u017e pl\u00e1novat n\u011bjak\u00e9 v\u00e1lky, jak si bohu\u017eel r\u00e1di hraj\u00ed m\u00e1lo v\u00fdznamn\u00ed \u010de\u0161t\u00ed politici, jen aby prost\u0159ednictv\u00edm m\u00e9di\u00ed z\u00edskali aureolu vlastn\u00ed d\u016fle\u017eitosti. M\u011bjte se kr\u00e1sn\u011b. Dnes bez \u017e\u00e1dn\u00e9 kontroly pravopisu, jdu u\u017e rad\u011bji sp\u00e1t.<\/p>\n<p><a href=\"https:\/\/www.michalapetr.com\/map-1952-sokujici-paradox-putin-vcera-podle-bruselskeho-narizeni-green-deal-raketami-natrvalo-uzavrel-vsechny-ukrajinske-uhelne-elektrarny-ale-brusel-zase-radi-jako-pominuty-protoze-od-roku-2002-z\/\">Michael Svato\u0161<\/a><\/p>\n<p><img decoding=\"async\" loading=\"lazy\" class=\"alignnone size-full wp-image-27204\" src=\"http:\/\/www.infokuryr.cz\/n\/wp-content\/uploads\/2023\/05\/Michael_Svatos.png\" alt=\"\" width=\"180\" height=\"180\" srcset=\"https:\/\/www.infokuryr.cz\/n\/wp-content\/uploads\/2023\/05\/Michael_Svatos.png 180w, https:\/\/www.infokuryr.cz\/n\/wp-content\/uploads\/2023\/05\/Michael_Svatos-150x150.png 150w\" sizes=\"(max-width: 180px) 100vw, 180px\" \/><\/p>\n<p>&nbsp;<\/p>\n","protected":false},"excerpt":{"rendered":"<p>\u0160okuj\u00edc\u00ed paradox: Putin v\u010dera podle Bruselsk\u00e9ho na\u0159\u00edzen\u00ed Green Deal raketami natrvalo uzav\u0159el v\u0161echny ukrajinsk\u00e9 uheln\u00e9&#8230;<\/p>\n","protected":false},"author":2,"featured_media":40596,"comment_status":"closed","ping_status":"closed","sticky":false,"template":"","format":"standard","meta":[],"categories":[6],"tags":[1042,1640,41,102,26],"_links":{"self":[{"href":"https:\/\/www.infokuryr.cz\/n\/wp-json\/wp\/v2\/posts\/50649"}],"collection":[{"href":"https:\/\/www.infokuryr.cz\/n\/wp-json\/wp\/v2\/posts"}],"about":[{"href":"https:\/\/www.infokuryr.cz\/n\/wp-json\/wp\/v2\/types\/post"}],"author":[{"embeddable":true,"href":"https:\/\/www.infokuryr.cz\/n\/wp-json\/wp\/v2\/users\/2"}],"replies":[{"embeddable":true,"href":"https:\/\/www.infokuryr.cz\/n\/wp-json\/wp\/v2\/comments?post=50649"}],"version-history":[{"count":1,"href":"https:\/\/www.infokuryr.cz\/n\/wp-json\/wp\/v2\/posts\/50649\/revisions"}],"predecessor-version":[{"id":50650,"href":"https:\/\/www.infokuryr.cz\/n\/wp-json\/wp\/v2\/posts\/50649\/revisions\/50650"}],"wp:featuredmedia":[{"embeddable":true,"href":"https:\/\/www.infokuryr.cz\/n\/wp-json\/wp\/v2\/media\/40596"}],"wp:attachment":[{"href":"https:\/\/www.infokuryr.cz\/n\/wp-json\/wp\/v2\/media?parent=50649"}],"wp:term":[{"taxonomy":"category","embeddable":true,"href":"https:\/\/www.infokuryr.cz\/n\/wp-json\/wp\/v2\/categories?post=50649"},{"taxonomy":"post_tag","embeddable":true,"href":"https:\/\/www.infokuryr.cz\/n\/wp-json\/wp\/v2\/tags?post=50649"}],"curies":[{"name":"wp","href":"https:\/\/api.w.org\/{rel}","templated":true}]}}