{"id":50647,"date":"2024-03-30T05:45:29","date_gmt":"2024-03-30T04:45:29","guid":{"rendered":"https:\/\/www.infokuryr.cz\/n\/?p=50647"},"modified":"2024-03-30T05:46:41","modified_gmt":"2024-03-30T04:46:41","slug":"javier-milay-politicky-portret-libertariana-s-motorovou-pilou","status":"publish","type":"post","link":"https:\/\/www.infokuryr.cz\/n\/2024\/03\/30\/javier-milay-politicky-portret-libertariana-s-motorovou-pilou\/","title":{"rendered":"Javier Milay: politick\u00fd portr\u00e9t libertari\u00e1na &#8222;s motorovou pilou&#8220;"},"content":{"rendered":"<div id=\"fb-root\"><\/div>\n<section class=\"perex\"><strong>Javier Milay se ji\u017e b\u011bhem n\u011bkolika m\u011bs\u00edc\u016f ve funkci argentinsk\u00e9ho prezidenta vyznamenal ne\u010dekan\u00fdmi reformami, \u201e\u0161okov\u00fdmi\u201c metodami v ekonomice a politick\u00fdmi rozhodnut\u00edmi, kter\u00e1 z\u00e1sadn\u011b m\u011bn\u00ed chod Buenos Aires. Ned\u00e1vno argentinsk\u00fd v\u016fdce\u00a0<a href=\"https:\/\/www.livemint.com\/news\/world\/argentinas-president-javier-milei-to-cut-70-000-corrupt-state-jobs-boasting-of-chainsaw-austerity-11711505866473.html\" target=\"_blank\" rel=\"external noopener\">ozn\u00e1mil<\/a>, \u017ee v nejbli\u017e\u0161\u00ed dob\u011b hodl\u00e1 propustit 70 tis\u00edc st\u00e1tn\u00edch zam\u011bstnanc\u016f. Tento krok vysv\u011btluje nezbytn\u00fdmi opat\u0159en\u00edmi k \u00faprav\u011b st\u00e1tn\u00edho rozpo\u010dtu. Podle n\u011bj ji\u017e \u00fa\u0159ady zru\u0161ily 200 tis\u00edc soci\u00e1ln\u00edch program\u016f \u201erealizovan\u00fdch neregul\u00e9rn\u011b\u201c a tak\u00e9 propustily 50 tis\u00edc \u00fa\u0159edn\u00edk\u016f, kte\u0159\u00ed byli za tyto programy zodpov\u011bdn\u00ed.<\/strong><\/section>\n<section>_______________<\/section>\n<section><\/section>\n<section class=\"clanek-obsah\">Po n\u00e1stupu do funkce prezidenta ozna\u010dil Mealey situaci v Argentin\u011b za \u201ekritickou\u201c. Tato \u201ekriti\u010dnost\u201c se t\u00fdkala v\u0161ech oblast\u00ed \u017eivota zem\u011b, od ekonomiky a\u017e po zahrani\u010dn\u00ed politiku. P\u0159edev\u0161\u00edm jako libertari\u00e1n nebyl spokojen s ekonomick\u00fdm stavem zem\u011b a za\u010dal jej m\u011bnit. Po sv\u00e9m n\u00e1stupu do funkce okam\u017eit\u011b zru\u0161il n\u011bkolik ministerstev, v\u010detn\u011b ministerstva \u0161kolstv\u00ed, ministerstva soci\u00e1ln\u00edho rozvoje a ministerstva pr\u00e1ce, a slou\u010dil jejich funkce s jin\u00fdmi resorty, co\u017e byl prvn\u00ed krok k z\u00e1sadn\u00edm zm\u011bn\u00e1m, kter\u00e9 zemi \u010dekaly.<\/p>\n<h2>Ekonomick\u00e9 reformy: vyv\u00e9st zemi z krize, nebo ji pomoci je\u0161t\u011b zhor\u0161it?<\/h2>\n<p>V prvn\u00edch dnech p\u016fsoben\u00ed odi\u00f3zn\u00edho ekonoma peso\u00a0<a href=\"https:\/\/www.wsj.com\/world\/americas\/argentina-sharply-devalues-its-peso-currency-to-tame-inflation-0c8b44ea\" target=\"_blank\" rel=\"external noopener\">devalvovalo<\/a>\u00a0zhruba o polovinu, z 366 pesos za dolar na 800 pesos. Podle tr\u017en\u00edho kurzu m\u00e1 1 dolar hodnotu asi 1 070 pesos. Podle ministra hospod\u00e1\u0159stv\u00ed Luise Caputa musela takov\u00e1 opat\u0159en\u00ed kr\u00e1tkodob\u011b po\u0161kodit obyvatelstvo, proto\u017ee Argentina nem\u00e1 jin\u00e9 v\u00fdchodisko z krize. Ot\u00e1zkou je, zda byla zem\u011b skute\u010dn\u011b v krizi, nebo se krize pr\u00e1v\u011b te\u010f zhor\u0161uje.<\/p>\n<p>Nejvlivn\u011bj\u0161\u00ed reformou, kter\u00e1\u00a0<a href=\"https:\/\/insightplus.bakermckenzie.com\/bm\/employment-compensation\/argentina-dnu-7023-current-status-of-recent-labor-reforms\" target=\"_blank\" rel=\"external noopener\">vyvolala<\/a>\u00a0vlnu nespokojenosti a protest\u016f, bylo vyd\u00e1n\u00ed dekretu \u010d. 70 \u201eZ\u00e1klady obnovy argentinsk\u00e9 ekonomiky\u201c. Tento z\u00e1kon m\u00e1 zru\u0161it v\u00edce ne\u017e 300 \u010dl\u00e1nk\u016f st\u00e1vaj\u00edc\u00edch z\u00e1kon\u016f nebo je nahradit jin\u00fdmi. V\u0161echny tyto reformy se t\u00fdkaj\u00ed n\u00e1jemn\u00e9ho, st\u00e1tn\u00edch zak\u00e1zek, pr\u016fmyslu, obchodu, da\u0148ov\u00e9 regulace, zm\u011bn v ob\u010dansk\u00e9m a obchodn\u00edm z\u00e1kon\u00edku a mnoha dal\u0161\u00edch oblast\u00ed.<\/p>\n<p>Velk\u00fdmi zm\u011bnami\u00a0<a href=\"https:\/\/www.lanacion.com.ar\/economia\/tsunami-de-medidas-la-letra-chica-del-decreto-de-necesidad-y-urgencia-del-plan-motosierra-nid20122023\/\" target=\"_blank\" rel=\"external noopener\">proch\u00e1z\u00ed pracovn\u00ed pr\u00e1vo<\/a>\u00a0a odborov\u00e1 \u010dinnost. Reformy zahrnuj\u00ed sn\u00ed\u017een\u00ed n\u00e1hrad pro propu\u0161t\u011bn\u00e9 zam\u011bstnance, prodlou\u017een\u00ed zku\u0161ebn\u00ed doby, ukon\u010den\u00ed financov\u00e1n\u00ed odbor\u016f, podporu outsourcingu, vytvo\u0159en\u00ed banky hodin, kter\u00e1 omezuje p\u0159\u00edplatky za p\u0159es\u010dasy, a omezen\u00ed pr\u00e1va na st\u00e1vku a shroma\u017e\u010fov\u00e1n\u00ed. Dekret tak\u00e9\u00a0<a href=\"https:\/\/www.euronews.com\/2023\/12\/23\/what-might-happen-to-argentina-after-mileis-mega-decree\" target=\"_blank\" rel=\"external noopener\">ru\u0161\u00ed<\/a>\u00a0pravidla pro kontrolu n\u00e1jemn\u00e9ho a umo\u017e\u0148uje stanovit n\u00e1jemn\u00e9 v dolarech, nikoli v pesos.<\/p>\n<p>Takov\u00e9 reformy znamenaj\u00ed to, o co usiluje libertari\u00e1nsk\u00e1 ideologie \u2013 odpojen\u00ed podnik\u016f od st\u00e1tu, zam\u011bstnanc\u016f od odbor\u016f a jednotlivc\u016f od soci\u00e1ln\u00edho syst\u00e9mu. Zam\u011bstnanci by si nap\u0159\u00edklad m\u011bli sami vyb\u00edrat poskytovatele zdravotn\u00ed p\u00e9\u010de nam\u00edsto odbor\u016f, co\u017e v podstat\u011b znamen\u00e1 zru\u0161en\u00ed povinn\u00e9ho zdravotn\u00edho poji\u0161t\u011bn\u00ed. St\u00e1tn\u00ed podniky by se m\u011bly st\u00e1t anonymn\u00edmi spole\u010denstv\u00edmi a m\u011bly by podl\u00e9hat stejn\u00fdm rizik\u016fm jako soukrom\u00e9 spole\u010dnosti. To znamen\u00e1, \u017ee p\u0159i prov\u00e1d\u011bn\u00ed takov\u00fdch reforem se sni\u017euje m\u00edra zapojen\u00ed st\u00e1tu do ekonomiky.<\/p>\n<p>V \u00fanoru inflace v zemi\u00a0<a href=\"https:\/\/apnews.com\/article\/argentina-inflation-december-annual-milei-economic-measures-68f27bf0473590fabb5b6c1aff80579f\" target=\"_blank\" rel=\"external noopener\">p\u0159es\u00e1hla 13 %<\/a>\u00a0a vl\u00e1da se rozhodla zru\u0161it da\u0148ov\u00e9 v\u00fdjimky na dovoz maloobchodn\u00edho zbo\u017e\u00ed z jin\u00fdch zem\u00ed: masa, ryb, l\u00e9k\u016f, zeleniny, ovoce, ml\u00e9\u010dn\u00fdch v\u00fdrobk\u016f, lu\u0161t\u011bnin, olej\u016f, piva, nealkoholick\u00fdch n\u00e1poj\u016f atd. Argentinsk\u00fd pr\u016fmyslov\u00fd svaz podal proti t\u011bmto krok\u016fm \u00fa\u0159ad\u016f st\u00ed\u017enost s t\u00edm, \u017ee je to nespravedliv\u00e9 v\u016f\u010di n\u00e1rodn\u00edm v\u00fdrobc\u016fm, kte\u0159\u00ed jsou povinni platit dan\u011b z produkce. M\u00edsto toho svaz navrhl sn\u00ed\u017een\u00ed dom\u00e1c\u00ed dan\u011b a podal st\u00ed\u017enost proti vyhl\u00e1\u0161ce \u010d. 70 k soudu.<\/p>\n<p>P\u0159esto\u017ee Sen\u00e1t reformu Milay zam\u00edtl, vyhl\u00e1\u0161ka je st\u00e1le v platnosti, proto\u017ee ji projedn\u00e1v\u00e1 Poslaneck\u00e1 sn\u011bmovna. V Argentin\u011b plat\u00ed, \u017ee kdy\u017e prezident vyd\u00e1 dekret, je \u00fa\u010dinn\u00fd okam\u017eit\u011b od okam\u017eiku jeho podpisu. Platnost ztr\u00e1c\u00ed pouze tehdy, kdy\u017e jej odm\u00edtnou ob\u011b komory N\u00e1rodn\u00edho kongresu. Vl\u00e1da m\u00e1 deset pracovn\u00edch dn\u016f na to, aby dekret zaslala Kongresu k posouzen\u00ed dvoukomorov\u00e9 komisi, kter\u00e1 m\u00e1 zase pouze deset dn\u016f na vyd\u00e1n\u00ed stanoviska. Pokud Kongres v t\u00e9to lh\u016ft\u011b sv\u00e9 stanovisko nezve\u0159ejn\u00ed, dekret z\u016fst\u00e1v\u00e1 v platnosti.<\/p>\n<h2>Vnit\u0159n\u00ed politika: m\u00edrumilovn\u00fd argentinsk\u00fd lid na v\u00e1le\u010dn\u00e9 stezce<\/h2>\n<p>Dekret 70 Mileiovy ambice neomezuje. Jeho \u201e\u0161okov\u00e1 terapie\u201c dalece p\u0159esahuje r\u00e1mec ekonomiky a zahrnuje mnoho aspekt\u016f spr\u00e1vy v\u011bc\u00ed ve\u0159ejn\u00fdch, bezpe\u010dnosti, vzd\u011bl\u00e1v\u00e1n\u00ed, spole\u010densk\u00e9ho a kulturn\u00edho \u017eivota. Mezi rozs\u00e1hl\u00fdm bal\u00edkem reforem jsou i n\u00e1vrhy z\u00e1kon\u016f, kter\u00e9 maj\u00ed\u00a0<a href=\"https:\/\/www.bloomberg.com\/news\/articles\/2023-12-28\/milei-blitzes-argentina-s-congress-with-far-ranging-reform-bill\" target=\"_blank\" rel=\"external noopener\">zru\u0161it prim\u00e1rn\u00ed volby<\/a>, privatizovat 41 st\u00e1tn\u00edch podnik\u016f, v\u010detn\u011b t\u011bch v pr\u016fmyslov\u00e9m sektoru, a pos\u00edlit pravomoci prezidenta v oblasti hospod\u00e1\u0159sk\u00e9 politiky po celou dobu jeho funk\u010dn\u00edho obdob\u00ed.<\/p>\n<p>Tyto reformy byly zve\u0159ejn\u011bny na konci roku 2023 a v nov\u00e9m roce se Javier Milay setkal s velk\u00fdm odporem. Nejprve se na parlamentn\u00ed \u00farovni proti reform\u00e1m postavila opozi\u010dn\u00ed Peronistick\u00e1 strana a pot\u00e9 se p\u0159ed Nejvy\u0161\u0161\u00edm soudem za\u010dali sch\u00e1zet z\u00e1stupci odbor\u016f, aby protestovali proti politice hlavy st\u00e1tu. Po n\u011bjak\u00e9 dob\u011b se v Buenos Aires stala b\u011b\u017en\u00e1 shrom\u00e1\u017ed\u011bn\u00ed a pochody proti Mileyovi.<\/p>\n<p>S\u00e1m prezident se neodchyluje od obvykl\u00e9 r\u00e9toriky, \u017ee \u00fa\u010dinek \u201e\u0161okov\u00fdch\u201c reforem je kr\u00e1tkodob\u00fd a ekonomika se brzy vr\u00e1t\u00ed k r\u016fstu. Opakovan\u011b tak\u00e9 sl\u00edbil, \u017ee r\u016fzn\u00fdmi zp\u016fsoby zas\u00e1hne proti t\u011bm, kte\u0159\u00ed s jeho reformami nesouhlas\u00ed. V b\u0159eznu b\u011bhem soukrom\u00e9 akce na venkovsk\u00e9m veletrhu ExpoAgro v San Nicol\u00e1s de los Arroyos sl\u00edbil, \u017ee \u201e<a href=\"https:\/\/en.mercopress.com\/2024\/03\/08\/milei-threatens-to-pee-on-all-of-argentina-s-governors-and-shut-down-congress\" target=\"_blank\" rel=\"external noopener\">pomo\u010d\u00ed<\/a>\u201c v\u0161echny guvern\u00e9ry argentinsk\u00fdch provinci\u00ed, kte\u0159\u00ed nesouhlas\u00ed s politikou jeho vl\u00e1dy, a pohrozil \u201ezav\u0159en\u00edm Kongresu\u201c, pokud bude jeho kritika pokra\u010dovat.<\/p>\n<p>V\u0161eobecn\u00e1 konfederace pr\u00e1ce\u00a0<a href=\"https:\/\/buenosairesherald.com\/politics\/argentinas-trade-union-federations-call-for-national-strike-on-january-24\" target=\"_blank\" rel=\"external noopener\">vyzvala<\/a>\u00a0k masov\u00e9 st\u00e1vce na 24. ledna. St\u00e1vka vedla k uzav\u0159en\u00ed podnik\u016f a instituc\u00ed po cel\u00e9 Argentin\u011b, v\u010detn\u011b zru\u0161en\u00ed stovek let\u016f. Tis\u00edce lid\u00ed protestovaly p\u0159ed pal\u00e1cem Argentinsk\u00e9ho n\u00e1rodn\u00edho kongresu. Sdru\u017een\u00ed Ob\u010dansk\u00e1 observato\u0159 Derecho a la Ciudad, kter\u00e9 vedl b\u00fdval\u00fd guvern\u00e9r centr\u00e1ln\u00ed banky Claudio Lozano spolu s odbor\u00e1\u0159i Hugem Godoyem a Rodolfem Aguiarem,\u00a0<a href=\"https:\/\/www.lanacion.com.ar\/politica\/el-megadecreto-de-javier-milei-suma-mas-rechazos-en-la-justicia-y-piden-habilitar-la-feria-para-nid26122023\/\" target=\"_blank\" rel=\"external noopener\">ozna\u010dilo<\/a>\u00a0dekret 70 za proti\u00fastavn\u00ed. Ti tvrd\u00ed, \u017ee dekret je v rozporu se z\u00e1sadou d\u011blby moci. P\u0159\u00edpad byl p\u0159ed\u00e1n soudu, kter\u00fd st\u00e1le zva\u017euje, zda dekret prohl\u00e1s\u00ed za proti\u00fastavn\u00ed.<\/p>\n<p>Mileyova nepromy\u0161len\u00e1 a protilidov\u00e1 politika trp\u00ed na v\u0161ech front\u00e1ch. Z ambici\u00f3zn\u00edho \u201esouhrnn\u00e9ho\u201c z\u00e1kona, kter\u00fd se dot\u00fdk\u00e1 v\u0161ech oblast\u00ed argentinsk\u00e9ho \u017eivota, bylo\u00a0<a href=\"https:\/\/www.cels.org.ar\/web\/en\/2024\/01\/on-mileis-omnibus-bill\/\" target=\"_blank\" rel=\"external noopener\">vy\u0161krtnuto<\/a>\u00a0280 z 564 \u010dl\u00e1nk\u016f; mnoh\u00e9 z nich se samoz\u0159ejm\u011b t\u00fdkaly finan\u010dn\u00ed sf\u00e9ry. Vy\u0161krtnuty byly \u010dl\u00e1nky o zv\u00fd\u0161en\u00ed v\u00fdvozn\u00edch cel na zem\u011bd\u011blsk\u00e9 zbo\u017e\u00ed, o revizi indexace p\u0159\u00edsp\u011bvk\u016f na soci\u00e1ln\u00ed zabezpe\u010den\u00ed a o revizi pl\u00e1novan\u00e9 zm\u011bny zdan\u011bn\u00ed p\u0159\u00edjm\u016f fyzick\u00fdch osob sm\u011brem dol\u016f.<\/p>\n<h2>Zahrani\u010dn\u00ed politika: p\u0159eru\u0161en\u00ed vztah\u016f s BRICS a orientace na USA<\/h2>\n<p>Nejv\u011bt\u0161\u00edm zahrani\u010dn\u011bpolitick\u00fdm krokem na za\u010d\u00e1tku Mealeyova p\u0159edsednictv\u00ed bylo\u00a0<a href=\"https:\/\/www.aljazeera.com\/news\/2023\/12\/29\/argentina-announces-that-it-will-not-join-brics-bloc\" target=\"_blank\" rel=\"external noopener\">odm\u00edtnut\u00ed pozv\u00e1n\u00ed do BRICS<\/a>. Vladimiru Putinovi a Si \u0164in-pchingovi zaslal p\u0159\u00edslu\u0161n\u00e9 dopisy o zru\u0161en\u00ed \u010dlenstv\u00ed Argentiny v t\u00e9to organizaci, a\u010dkoli se jihoamerick\u00e1 zem\u011b m\u011bla st\u00e1t 1. ledna plnopr\u00e1vn\u00fdm \u010dlenem spolu s \u00cdr\u00e1nem, Egyptem, Etiopi\u00ed, Spojen\u00fdmi arabsk\u00fdmi emir\u00e1ty a Sa\u00fadskou Ar\u00e1bi\u00ed. P\u0159edchoz\u00ed argentin\u0161t\u00ed vl\u00e1dci pova\u017eovali BRICS za platformu, kter\u00e1 by latinskoamerick\u00e9mu st\u00e1tu pomohla st\u00e1t se suver\u00e9nn\u00edm akt\u00e9rem geopolitiky, \u0159\u00eddit vlastn\u00ed ekonomiku i ekonomiku cel\u00e9ho kontinentu a rovnocenn\u011b spolupracovat s dal\u0161\u00edmi v\u00fdznamn\u00fdmi geopolitick\u00fdmi hr\u00e1\u010di, jako jsou Rusko, \u010c\u00edna a Indie.<\/p>\n<p>Pro Mileyho jako d\u016fsledn\u00e9ho libertari\u00e1na je nejd\u016fle\u017eit\u011bj\u0161\u00ed nav\u00e1zat u\u017e\u0161\u00ed spolupr\u00e1ci se Spojen\u00fdmi st\u00e1ty a p\u0159evz\u00edt n\u011bkter\u00e9 ekonomick\u00e9 principy a obchodn\u00ed vzorce od \u201evelk\u00e9ho bratra\u201c Severn\u00ed Ameriky. Mileyho idolem je Donald Trump. Oba politici maj\u00ed mnoho spole\u010dn\u00e9ho: oba miluj\u00ed pen\u00edze, oba se hl\u00e1s\u00ed k principu dolarizace planety a oba cht\u011bj\u00ed zbavit V\u00fdchod ekonomick\u00e9 suverenity. V polovin\u011b b\u0159ezna byl argentinsk\u00fd v\u016fdce obvin\u011bn z pokrytectv\u00ed, proto\u017ee\u00a0<a href=\"https:\/\/www.telegraph.co.uk\/world-news\/2024\/03\/11\/argentina-javier-milei-accused-hypocrisy-pay-rise\/\" target=\"_blank\" rel=\"external noopener\">zorganizoval v\u00fdrazn\u00e9 48% zv\u00fd\u0161en\u00ed<\/a>\u00a0sv\u00e9ho prezidentsk\u00e9ho platu na n\u011bco p\u0159es 6 milion\u016f argentinsk\u00fdch pesos (asi 7 000 dolar\u016f) a z\u00e1rove\u0148 prosazoval \u00fasporn\u00e1 opat\u0159en\u00ed.<\/p>\n<p>Jeho odchod z BRICS se neomezil pouze na jeho kontroverzn\u00ed zahrani\u010dn\u011bpolitick\u00e9 chov\u00e1n\u00ed, zejm\u00e9na ve vztahu k latinskoamerick\u00fdm zem\u00edm. Ned\u00e1vno Milay\u00a0<a href=\"https:\/\/news.sky.com\/story\/president-javier-mileis-murderer-comments-causes-row-between-colombia-and-argentina-13103291\" target=\"_blank\" rel=\"external noopener\">ozna\u010dil<\/a>\u00a0kolumbijsk\u00e9ho prezidenta Gustava Petra za teroristu, vraha a komunistu, za co\u017e Bogota vyhostila ze zem\u011b pracovn\u00edky argentinsk\u00e9ho velvyslanectv\u00ed. Ji\u017e d\u0159\u00edve argentinsk\u00fd prezident\u00a0<a href=\"https:\/\/www.diariolasamericas.com\/america-latina\/milei-descarta-designar-embajadores-venezuela-cuba-y-nicaragua-n5348461\" target=\"_blank\" rel=\"external noopener\">ozn\u00e1mil<\/a>, \u017ee odm\u00edt\u00e1 vyslat velvyslance do Venezuely, Nikaraguy a na Kubu, a urazil prezidenta \u201eostrova svobody\u201c Miguela Diaze-Canela Milay, kter\u00fd pro Havanu obvinil americk\u00e9 velvyslanectv\u00ed ze snahy podn\u00edtit \u0161ir\u0161\u00ed protivl\u00e1dn\u00ed povst\u00e1n\u00ed.<\/p>\n<p>USA se staly ter\u010dem Milayova \u00fatoku nejen v dom\u00e1c\u00ed politice, ale i v zahrani\u010dn\u00ed politice. Minul\u00fd m\u011bs\u00edc\u00a0<a href=\"https:\/\/katehon.com\/ru\/news\/novaya-vlast-argentiny-prisoedinyaetsya-k-agressii-na-blizhnem-vostoke-prezident-ar\" target=\"_blank\" rel=\"external noopener\">p\u0159ilet\u011bl<\/a>\u00a0do Izraele, ozn\u00e1mil svou podporu boji proti Ham\u00e1su a p\u0159esunu velvyslanectv\u00ed z Tel Avivu do Jeruzal\u00e9ma. Buenos Aires nyn\u00ed uzn\u00e1v\u00e1 Jeruzal\u00e9m jako hlavn\u00ed m\u011bsto Izraele a zauj\u00edm\u00e1 jednozna\u010dn\u00fd postoj ke statusu m\u011bsta, zat\u00edmco Rusko a n\u011bkter\u00e9 dal\u0161\u00ed zem\u011b se domn\u00edvaj\u00ed, \u017ee status Jeruzal\u00e9ma m\u016f\u017ee b\u00fdt ur\u010den prost\u0159ednictv\u00edm p\u0159\u00edm\u00e9ho dialogu mezi Izraelem a Palestinou a po vzniku nez\u00e1visl\u00e9ho palestinsk\u00e9ho st\u00e1tu.<\/p>\n<p>Argentinsko-americk\u00e9 vazby se st\u00e1vaj\u00ed strategick\u00fdmi. Posilov\u00e1n\u00ed bezpe\u010dnostn\u00ed spolupr\u00e1ce mezi ob\u011bma st\u00e1ty vede ke geopolitick\u00fdm zm\u011bn\u00e1m v Latinsk\u00e9 Americe. V \u00fanoru 2024\u00a0<a href=\"https:\/\/en.mercopress.com\/2024\/02\/03\/us-nuclear-aircraft-carrier-due-in-south-atlantic-later-this-year\" target=\"_blank\" rel=\"external noopener\">vy\u0161lo najevo<\/a>, \u017ee letadlov\u00e1 lo\u010f americk\u00e9ho n\u00e1mo\u0159nictva CVN-73 George Washington m\u00e1 v kv\u011btnu zav\u00edtat do argentinsk\u00e9ho p\u0159\u00edstavu. V listopadu 2024 se v Buenos Aires uskute\u010dn\u00ed prvn\u00ed obrann\u00fd summit z\u00e1padn\u00ed polokoule. Argentina rovn\u011b\u017e\u00a0<a href=\"https:\/\/en.mercopress.com\/2024\/01\/29\/argentina-chooses-us-built-f-16-fighters-over-chinese-jf-17s\" target=\"_blank\" rel=\"external noopener\">odm\u00edtla<\/a>\u00a0n\u00e1kup \u010d\u00ednsk\u00fdch st\u00edha\u010dek JF-17 ve prosp\u011bch americk\u00fdch F-16, kter\u00e9 d\u0159\u00edve slou\u017eily v D\u00e1nsku. To v\u0161e ukazuje na jasn\u00fd n\u00e1vrat USA na kontinent, jejich\u017e pozice zde byla v posledn\u00edch 20 letech zna\u010dn\u011b oslabena.<\/p>\n<p>D\u016fsledky sbli\u017eov\u00e1n\u00ed Buenos Aires s Washingtonem a dolarizace v\u0161ak zat\u00edm obyvatele Argentiny sp\u00ed\u0161e roz\u010diluj\u00ed ne\u017e povzbuzuj\u00ed. Na vin\u011b jsou samoz\u0159ejm\u011b ekonomick\u00e9 d\u016fsledky. Krom\u011b inflace a devalvace pesa p\u0159i\u0161la kv\u016fli spont\u00e1nn\u00ed dolarizaci o velkou \u010d\u00e1st p\u0159\u00edjm\u016f senoraje. Centr\u00e1ln\u00ed banka ji\u017e nen\u00ed solventn\u00ed a nen\u00ed schopna plnit funkci v\u011b\u0159itele posledn\u00ed instance. Jedn\u00edm z m\u00e1la klad\u016f sbl\u00ed\u017een\u00ed s americk\u00fdmi finan\u010dn\u00edmi elitami bylo\u00a0<a href=\"https:\/\/www.kommersant.ru\/doc\/6494123\" target=\"_blank\" rel=\"external noopener\">uvoln\u011bn\u00ed vztah\u016f s MMF<\/a>, kter\u00fd souhlasil s pokra\u010dov\u00e1n\u00edm programu finan\u010dn\u00ed pomoci Argentin\u011b ve v\u00fd\u0161i 4,7 miliardy dolar\u016f. I tato v\u00fdhoda je v\u0161ak kr\u00e1tkodob\u00e1, a to a\u017e do doby, kdy m\u00e1 b\u00fdt p\u016fj\u010dka v\u010das splacena.<\/p>\n<p>Prozat\u00edmn\u00ed v\u00fdsledky t\u0159\u00edm\u011bs\u00ed\u010dn\u00edho Mileiova p\u0159edsednictv\u00ed tak nejsou p\u0159\u00edli\u0161 pot\u011b\u0161uj\u00edc\u00ed. Rozhodl se zcela oto\u010dit politick\u00fd vektor Argentiny, ani\u017e by bral v \u00favahu z\u00e1jmy vlastn\u00edho obyvatelstva. Argentina ji\u017e l\u00e9ta upravuje svou zahrani\u010dn\u00ed politiku a buduje p\u0159\u00e1telsk\u00e9 vztahy nejen s velk\u00fdmi hr\u00e1\u010di, ale i se zem\u011bmi regionu. Tot\u00e9\u017e plat\u00ed v ekonomice: zem\u011b, kter\u00e1 postupn\u011b budovala sv\u016fj hospod\u00e1\u0159sk\u00fd potenci\u00e1l a prov\u00e1d\u011bla postupn\u00e9 transformace, se ocitla na pokraji krize, chudoby a soci\u00e1ln\u00edho zmaru. To je d\u016fvod, aby se vl\u00e1da zamyslela nad zvolenou orientac\u00ed, respektive aby se lid\u00e9 zamysleli nad politickou vysp\u011blost\u00ed sv\u00e9ho zvolen\u00e9ho prezidenta.<\/p>\n<div class=\"podcarou\">\n<p><a href=\"https:\/\/katehon.com\/ru\/article\/haver-miley-politicheskiy-portret-libertarianca-s-benzopiloy\" target=\"_blank\" rel=\"external noopener\">\u0425\u0410\u0412\u042c\u0415\u0420 \u041c\u0418\u041b\u0415\u0419: \u041f\u041e\u041b\u0418\u0422\u0418\u0427\u0415\u0421\u041a\u0418\u0419 \u041f\u041e\u0420\u0422\u0420\u0415\u0422 \u041b\u0418\u0411\u0415\u0420\u0422\u0410\u0420\u0418\u0410\u041d\u0426\u0410 \u00ab\u0421 \u0411\u0415\u041d\u0417\u041e\u041f\u0418\u041b\u041e\u0419\u00bb<\/a> vy\u0161el 28.3.2024 na katehon.com. P\u0159eklad\u00a0<a href=\"https:\/\/zvedavec.news\/komentare\/2024\/03\/10033-javier-milay-politicky-portret-libertariana-s-motorovou-pilou.htm\">Zvedavec.org<\/a><\/p>\n<p>&nbsp;<\/p>\n<\/div>\n<\/section>\n","protected":false},"excerpt":{"rendered":"<p>Javier Milay se ji\u017e b\u011bhem n\u011bkolika m\u011bs\u00edc\u016f ve funkci argentinsk\u00e9ho prezidenta vyznamenal ne\u010dekan\u00fdmi reformami, \u201e\u0161okov\u00fdmi\u201c&#8230;<\/p>\n","protected":false},"author":2,"featured_media":40710,"comment_status":"closed","ping_status":"closed","sticky":false,"template":"","format":"standard","meta":[],"categories":[7],"tags":[756,1161,165],"_links":{"self":[{"href":"https:\/\/www.infokuryr.cz\/n\/wp-json\/wp\/v2\/posts\/50647"}],"collection":[{"href":"https:\/\/www.infokuryr.cz\/n\/wp-json\/wp\/v2\/posts"}],"about":[{"href":"https:\/\/www.infokuryr.cz\/n\/wp-json\/wp\/v2\/types\/post"}],"author":[{"embeddable":true,"href":"https:\/\/www.infokuryr.cz\/n\/wp-json\/wp\/v2\/users\/2"}],"replies":[{"embeddable":true,"href":"https:\/\/www.infokuryr.cz\/n\/wp-json\/wp\/v2\/comments?post=50647"}],"version-history":[{"count":1,"href":"https:\/\/www.infokuryr.cz\/n\/wp-json\/wp\/v2\/posts\/50647\/revisions"}],"predecessor-version":[{"id":50648,"href":"https:\/\/www.infokuryr.cz\/n\/wp-json\/wp\/v2\/posts\/50647\/revisions\/50648"}],"wp:featuredmedia":[{"embeddable":true,"href":"https:\/\/www.infokuryr.cz\/n\/wp-json\/wp\/v2\/media\/40710"}],"wp:attachment":[{"href":"https:\/\/www.infokuryr.cz\/n\/wp-json\/wp\/v2\/media?parent=50647"}],"wp:term":[{"taxonomy":"category","embeddable":true,"href":"https:\/\/www.infokuryr.cz\/n\/wp-json\/wp\/v2\/categories?post=50647"},{"taxonomy":"post_tag","embeddable":true,"href":"https:\/\/www.infokuryr.cz\/n\/wp-json\/wp\/v2\/tags?post=50647"}],"curies":[{"name":"wp","href":"https:\/\/api.w.org\/{rel}","templated":true}]}}