{"id":50578,"date":"2024-03-29T04:04:07","date_gmt":"2024-03-29T03:04:07","guid":{"rendered":"https:\/\/www.infokuryr.cz\/n\/?p=50578"},"modified":"2024-03-29T04:04:07","modified_gmt":"2024-03-29T03:04:07","slug":"erdoganuv-poradce-teroristicky-utok-v-moskve-ocividne-podporil-cizi-stat","status":"publish","type":"post","link":"https:\/\/www.infokuryr.cz\/n\/2024\/03\/29\/erdoganuv-poradce-teroristicky-utok-v-moskve-ocividne-podporil-cizi-stat\/","title":{"rendered":"Erdogan\u016fv poradce: Teroristick\u00fd \u00fatok v Moskv\u011b \u201eo\u010dividn\u011b\u201c podpo\u0159il ciz\u00ed st\u00e1t"},"content":{"rendered":"<div id=\"fb-root\"><\/div>\n<p><span style=\"font-size: 18pt;\"><strong>Mluv\u010d\u00ed tureck\u00e9 vl\u00e1dnouc\u00ed strany pouk\u00e1zal na \u201elobby\u201c, kter\u00e9 se zaj\u00edmaj\u00ed o ukrajinsk\u00fd konflikt<\/strong><\/span><\/p>\n<p><span>Teroristick\u00e9 \u010diny, jako je masakr na radnici Crocus, m\u00edvaj\u00ed st\u00e1tn\u00ed sponzory, \u0159ekl ve \u010dtvrtek Omer Celik, mluv\u010d\u00ed Strany spravedlnosti a rozvoje (AKP) tureck\u00e9ho prezidenta Recepa Tayyipa Erdogana.<\/span><\/p>\n<p><span>Moskevsk\u00e9 koncertn\u00ed m\u00edsto bylo minul\u00fd p\u00e1tek napadeno a zap\u00e1leno skupinou ozbrojenc\u016f, kte\u0159\u00ed zabili 143 lid\u00ed a v\u00edce ne\u017e 300 zranili. Jeden\u00e1ct podez\u0159el\u00fdch \u2013 v\u010detn\u011b \u010dty\u0159 \u00fadajn\u00fdch pachatel\u016f \u2013 od t\u00e9 doby zadr\u017eely rusk\u00e9 bezpe\u010dnostn\u00ed slu\u017eby.<\/span><\/p>\n<p><em><span>&#8222;Je z\u0159ejm\u00e9, \u017ee je nemo\u017en\u00e9 prov\u00e9st tak profesion\u00e1ln\u00ed akci bez podpory zpravodajsk\u00fdch slu\u017eeb jak\u00e9hokoli st\u00e1tu,&#8220;\u00a0<\/span><\/em><a href=\"https:\/\/www.ntv.com.tr\/turkiye\/cumhurbaskani-erdoganin-son-secimim-mesaji-omer-celikerken-secim-gibi-bir-gundemi-konusmayiz,zqe-gu_llEecB7Ame8WpUQ\" target=\"_blank\" rel=\"noopener noreferrer\"><span>\u0159ekl<\/span><\/a><span>\u00a0tureck\u00e9 televizn\u00ed stanici NTV\u00a0\u010celik, kter\u00fd je tak\u00e9 m\u00edstop\u0159edsedou AKP .<\/span><\/p>\n<p><em><span>&#8222;Takov\u00e9 akce maj\u00ed v\u017edy sponzory,&#8220;<\/span><\/em><span>\u00a0dodal a pouk\u00e1zal na\u00a0<\/span><em><span>&#8222;lobby, kter\u00e9 cht\u011bj\u00ed, aby v\u00e1lka pokra\u010dovala&#8220;,<\/span><\/em><span>\u00a0v souvislosti s ukrajinsk\u00fdm konfliktem.<\/span><\/p>\n<p><span>Zpravodajsk\u00e9 slu\u017eby Turecka pom\u00e1haj\u00ed Rusku v boji proti terorismu, \u0159ekl Celik a dodal, \u017ee Ankara poslala Moskv\u011b <\/span><em><span>\u201eup\u0159\u00edmnou soustrast\u201c<\/span><\/em><span>\u00a0nad trag\u00e9di\u00ed na radnici Crocus.<\/span><\/p>\n<p><span>K p\u00e1te\u010dn\u00edmu masakru se p\u0159ihl\u00e1sila\u00a0teroristick\u00e1 skupina\u00a0<\/span><em><span>\u201eIsl\u00e1msk\u00fd st\u00e1t Khorasan\u201c<\/span><\/em><span>\u00a0(ISIS-K). Ukrajina pop\u0159ela, \u017ee by v tom m\u011bla jakoukoli roli.<\/span><\/p>\n<p><span>Uk\u00e1zalo se, \u017ee v\u0161ichni podez\u0159el\u00ed v rusk\u00e9 vazb\u011b jsou etni\u010dt\u00ed T\u00e1d\u017eikov\u00e9, kter\u00e9 prezident Vladimir Putin ozna\u010dil za\u00a0<\/span><em><span>\u201eradik\u00e1ln\u00ed islamisty\u201c.<\/span><\/em><span>\u00a0Ozbrojenci byli dopadeni, kdy\u017e se sna\u017eili uprchnout p\u0159es hranici na Ukrajinu. USA a EU trvaly na tom, \u017ee Kyjev nem\u011bl s \u00fatokem absolutn\u011b nic spole\u010dn\u00e9ho, \u200b\u200bale nenab\u00edzely \u017e\u00e1dn\u00fd d\u016fkaz pro sv\u00e9 tvrzen\u00ed, \u017ee jedin\u00fdm vin\u00edkem byl ISIS-K.<\/span><\/p>\n<p><span>Rusk\u00e9 zpravodajsk\u00e9 slu\u017eby a org\u00e1ny \u010dinn\u00e9 v trestn\u00edm \u0159\u00edzen\u00ed od t\u00e9 doby objevily d\u016fkazy, \u017ee podez\u0159el\u00ed obdr\u017eeli zna\u010dn\u00e9 mno\u017estv\u00ed kryptom\u011bny z Ukrajiny jako platbu za \u00fatok. Osoba, kter\u00e1 se \u00fadajn\u011b pod\u00edlela na financov\u00e1n\u00ed \u00fatoku, byla zadr\u017eena, ale vy\u0161et\u0159ovac\u00ed v\u00fdbor zat\u00edm nezve\u0159ejnil jej\u00ed toto\u017enost.<\/span><\/p>\n<p><img decoding=\"async\" loading=\"lazy\" class=\"alignnone size-full wp-image-1185\" src=\"http:\/\/www.infokuryr.cz\/n\/wp-content\/uploads\/2021\/04\/kuryr-podpis.png\" alt=\"\" width=\"84\" height=\"24\" \/><\/p>\n<p>&nbsp;<\/p>\n","protected":false},"excerpt":{"rendered":"<p>Mluv\u010d\u00ed tureck\u00e9 vl\u00e1dnouc\u00ed strany pouk\u00e1zal na \u201elobby\u201c, kter\u00e9 se zaj\u00edmaj\u00ed o ukrajinsk\u00fd konflikt Teroristick\u00e9 \u010diny,&#8230;<\/p>\n","protected":false},"author":2,"featured_media":50579,"comment_status":"closed","ping_status":"closed","sticky":false,"template":"","format":"standard","meta":[],"categories":[7],"tags":[90,3128,55,26],"_links":{"self":[{"href":"https:\/\/www.infokuryr.cz\/n\/wp-json\/wp\/v2\/posts\/50578"}],"collection":[{"href":"https:\/\/www.infokuryr.cz\/n\/wp-json\/wp\/v2\/posts"}],"about":[{"href":"https:\/\/www.infokuryr.cz\/n\/wp-json\/wp\/v2\/types\/post"}],"author":[{"embeddable":true,"href":"https:\/\/www.infokuryr.cz\/n\/wp-json\/wp\/v2\/users\/2"}],"replies":[{"embeddable":true,"href":"https:\/\/www.infokuryr.cz\/n\/wp-json\/wp\/v2\/comments?post=50578"}],"version-history":[{"count":0,"href":"https:\/\/www.infokuryr.cz\/n\/wp-json\/wp\/v2\/posts\/50578\/revisions"}],"wp:featuredmedia":[{"embeddable":true,"href":"https:\/\/www.infokuryr.cz\/n\/wp-json\/wp\/v2\/media\/50579"}],"wp:attachment":[{"href":"https:\/\/www.infokuryr.cz\/n\/wp-json\/wp\/v2\/media?parent=50578"}],"wp:term":[{"taxonomy":"category","embeddable":true,"href":"https:\/\/www.infokuryr.cz\/n\/wp-json\/wp\/v2\/categories?post=50578"},{"taxonomy":"post_tag","embeddable":true,"href":"https:\/\/www.infokuryr.cz\/n\/wp-json\/wp\/v2\/tags?post=50578"}],"curies":[{"name":"wp","href":"https:\/\/api.w.org\/{rel}","templated":true}]}}