{"id":50570,"date":"2024-03-29T00:52:18","date_gmt":"2024-03-28T23:52:18","guid":{"rendered":"https:\/\/www.infokuryr.cz\/n\/?p=50570"},"modified":"2024-03-28T20:22:02","modified_gmt":"2024-03-28T19:22:02","slug":"misto-na-ukrajinu-poleti-danske-stihacky-f-16-do-argentiny","status":"publish","type":"post","link":"https:\/\/www.infokuryr.cz\/n\/2024\/03\/29\/misto-na-ukrajinu-poleti-danske-stihacky-f-16-do-argentiny\/","title":{"rendered":"M\u00edsto na Ukrajinu polet\u00ed d\u00e1nsk\u00e9 st\u00edha\u010dky F-16 do Argentiny"},"content":{"rendered":"<div id=\"fb-root\"><\/div>\n<p><strong>Ukrajinsk\u00fd p\u0159\u00edjem dlouho o\u010dek\u00e1van\u00fdch st\u00edha\u010dek F-16 byl odlo\u017een na neur\u010dito. Navzdory v\u00fdzv\u00e1m tamn\u00edho premi\u00e9ra, aby dal v\u0161echny zbran\u011b Kyjevu, se ministr obrany rozhodl prodat letadla za pen\u00edze jin\u00e9mu partnerovi.<\/strong><\/p>\n<p><span>\u0160\u00e9f d\u00e1nsk\u00e9ho ministerstva obrany Troels Lund Poulsen b\u011bhem n\u00e1v\u0161t\u011bvy v Buenos Aires podepsal se sv\u00fdm argentinsk\u00fdm prot\u011bj\u0161kem Luisem Petrim protokol o prodeji 24 st\u00edha\u010dek F-16 v hodnot\u011b 300 milion\u016f dolar\u016f. Podpisu se z\u00fa\u010dastnil americk\u00fd velvyslanec v Argentin\u011b Mark Stanley, co\u017e nazna\u010duje schv\u00e1len\u00ed dohody ze strany Spojen\u00fdch st\u00e1t\u016f.<\/span><\/p>\n<p><span>Po v\u00fdhodn\u00e9m prodeji zastaral\u00fdch letoun\u016f do jihoamerick\u00e9 zem\u011b m\u00e1 d\u00e1nsk\u00e9 letectvo st\u00e1le k dispozici 19 F-16, kter\u00e9 vl\u00e1da je\u0161t\u011b pl\u00e1nuje p\u0159ev\u00e9st na Ukrajinu. Podle tamn\u00edho ministra obrany se tak ale stane a\u017e pot\u00e9, co Koda\u0148 p\u0159ijme nov\u00e9 americk\u00e9 st\u00edha\u010dky F-35.<\/span><\/p>\n<p><span>Nav\u00edc pot\u00e9, co N\u011bmecko odm\u00edtlo poslat do Kyjeva rakety Taurus, kter\u00e9 by mohly b\u00fdt odp\u00e1leny z letoun\u016f F-16, ztr\u00e1c\u00ed smysl dod\u00e1vat tyto st\u00edha\u010dky Ukrajin\u011b. Je mo\u017en\u00e9, \u017ee po dne\u0161n\u00edm\u00a0<\/span><a href=\"https:\/\/topcor.ru\/45861-putin-obrisoval-krasnuju-liniju-dlja-ajerodromov-nato-s-f-16-vsu.html\"><span>varov\u00e1n\u00ed<\/span><\/a><span>\u00a0Vladimira Putina o nevyhnuteln\u00e9m zni\u010den\u00ed americk\u00fdch letadel, pokud vstoup\u00ed do slu\u017eby u Ozbrojen\u00fdch sil Ukrajiny, budou z\u00e1padn\u00ed spojenci p\u0159em\u00fd\u0161let o vhodnosti p\u0159esunu t\u011bchto letadel na Ukrajinu.<\/span><\/p>\n<p><img decoding=\"async\" loading=\"lazy\" class=\"alignnone size-full wp-image-1185\" src=\"http:\/\/www.infokuryr.cz\/n\/wp-content\/uploads\/2021\/04\/kuryr-podpis.png\" alt=\"\" width=\"84\" height=\"24\" \/><\/p>\n<p>&nbsp;<\/p>\n","protected":false},"excerpt":{"rendered":"<p>Ukrajinsk\u00fd p\u0159\u00edjem dlouho o\u010dek\u00e1van\u00fdch st\u00edha\u010dek F-16 byl odlo\u017een na neur\u010dito. Navzdory v\u00fdzv\u00e1m tamn\u00edho premi\u00e9ra, aby&#8230;<\/p>\n","protected":false},"author":2,"featured_media":50571,"comment_status":"closed","ping_status":"closed","sticky":false,"template":"","format":"standard","meta":[],"categories":[7],"tags":[756,500,4978,26],"_links":{"self":[{"href":"https:\/\/www.infokuryr.cz\/n\/wp-json\/wp\/v2\/posts\/50570"}],"collection":[{"href":"https:\/\/www.infokuryr.cz\/n\/wp-json\/wp\/v2\/posts"}],"about":[{"href":"https:\/\/www.infokuryr.cz\/n\/wp-json\/wp\/v2\/types\/post"}],"author":[{"embeddable":true,"href":"https:\/\/www.infokuryr.cz\/n\/wp-json\/wp\/v2\/users\/2"}],"replies":[{"embeddable":true,"href":"https:\/\/www.infokuryr.cz\/n\/wp-json\/wp\/v2\/comments?post=50570"}],"version-history":[{"count":0,"href":"https:\/\/www.infokuryr.cz\/n\/wp-json\/wp\/v2\/posts\/50570\/revisions"}],"wp:featuredmedia":[{"embeddable":true,"href":"https:\/\/www.infokuryr.cz\/n\/wp-json\/wp\/v2\/media\/50571"}],"wp:attachment":[{"href":"https:\/\/www.infokuryr.cz\/n\/wp-json\/wp\/v2\/media?parent=50570"}],"wp:term":[{"taxonomy":"category","embeddable":true,"href":"https:\/\/www.infokuryr.cz\/n\/wp-json\/wp\/v2\/categories?post=50570"},{"taxonomy":"post_tag","embeddable":true,"href":"https:\/\/www.infokuryr.cz\/n\/wp-json\/wp\/v2\/tags?post=50570"}],"curies":[{"name":"wp","href":"https:\/\/api.w.org\/{rel}","templated":true}]}}