{"id":50516,"date":"2024-03-28T05:44:33","date_gmt":"2024-03-28T04:44:33","guid":{"rendered":"https:\/\/www.infokuryr.cz\/n\/?p=50516"},"modified":"2024-03-28T05:58:37","modified_gmt":"2024-03-28T04:58:37","slug":"michael-svatos-velka-porada-v-pekingu-putin-na-koni-zapad-na-dne-cesti-politici-uplne-mimo","status":"publish","type":"post","link":"https:\/\/www.infokuryr.cz\/n\/2024\/03\/28\/michael-svatos-velka-porada-v-pekingu-putin-na-koni-zapad-na-dne-cesti-politici-uplne-mimo\/","title":{"rendered":"Michael Svato\u0161: Velk\u00e1 porada v Pekingu! Putin na koni! Z\u00e1pad na dn\u011b! \u010ce\u0161t\u00ed politici \u00fapln\u011b mimo!"},"content":{"rendered":"<div id=\"fb-root\"><\/div>\n<p><span style=\"font-size: 18pt; color: #993366;\"><strong>Velk\u00e1 porada v Pekingu! Putin na koni! Z\u00e1pad na dn\u011b! \u010ce\u0161t\u00ed politici \u00fapln\u011b mimo! Kdo vlastn\u011b ovl\u00e1d\u00e1 migra\u010dn\u00ed trasy africk\u00fdch uprchl\u00edk\u016f?<\/strong><\/span><\/p>\n<p>27. b\u0159ezna 2024,\u00a0\u00a0<a href=\"https:\/\/plus.rozhlas.cz\/petr-hartman-pavel-neni-zeman-a-bis-nejsou-cuckari-9202702\">ve stejn\u00fd den, kdy se koment\u00e1tor \u010cRo Petr Hartman rozpl\u00fdval<\/a>, \u017ee gener\u00e1l Petr Pavel n\u00e1v\u0161t\u011bvou gener\u00e1la Michala Koudelky v BIS u\u010dinil definitivn\u00ed utrum za poklonkov\u00e1n\u00edm \u010ceska \u010c\u00edn\u011b a Rusku, kter\u00e9 se rozmohlo za prezidenta Zemana,\u00a0<a href=\"https:\/\/www.globaltimes.cn\/page\/202403\/1309646.shtml\">sl\u00e9tly se do Pekingu nejvy\u0161\u0161\u00ed hlavy americk\u00fdch jest\u0159\u00e1b\u016f<\/a>, a za\u010daly nad\u0161en\u011b poskakovat okolo prezidenta \u010c\u00edny Xi, aby s n\u00edm uzav\u0159ely dal\u0161\u00ed a je\u0161t\u011b lep\u0161\u00ed obchody! Zat\u00edmco oba \u010de\u0161t\u00ed gener\u00e1lov\u00e9\u00a0<a href=\"https:\/\/www.michalapetr.com\/map-1528-thukydidova-past-putin-a-darpa-tajemstvi-haagskeho-zatykace\/\">p\u0159esn\u011b podle US-teorie Th\u00fakididovy pasti<\/a>\u00a0stra\u0161ili z tajn\u00e9ho pra\u017esk\u00e9ho bunkru BIS v\u0161echny \u010cechy bl\u00ed\u017e\u00edc\u00ed se v\u00e1lkou, v Pekingu naopak<a href=\"https:\/\/fortune.com\/asia\/2024\/03\/27\/china-president-xi-meets-us-ceos-fedex-blackstone-qualcomm-beijing-boost-confidence-economy\/\">\u00a0US-hlavy s prezidentem Xi usilovn\u011b vym\u00fd\u0161lely, jak se nemilosrdn\u00e9 Th\u00fakididov\u011b pasti vyvarovat<\/a>, a zajistit m\u00edr a vyd\u011blat lidem na lep\u0161\u00ed platy!<\/p>\n<p>Z hlediska logiky obou \u010desk\u00fdch gener\u00e1l\u016f a jejich pir\u00e1tsk\u00e9ho el\u00e9va Lipavsk\u00e9ho bychom se tak mohli brzy do\u010dkat opravdu velk\u00e9 komedie. Jsou-li toti\u017e Babi\u0161, Zeman i Klaus sv\u00fdm realistick\u00fdm p\u0159\u00edstupem k ob\u011bma v\u00fdchodn\u00edm velmoc\u00edm \u201cbezpe\u010dnostn\u00edm rizikem pro \u010cR\u201d, mus\u00ed b\u00fdt po v\u010derej\u0161\u00edm setk\u00e1n\u00ed v Pekingu<a href=\"https:\/\/www.blesk.cz\/clanek\/zpravy-politika\/780986\/lipavsky-ostre-babis-je-bezpecnostnim-ohrozenim-ceska-zminil-silenosti-za-jeho-vlady.html\">\u00a0za stejn\u00e9 bezpe\u010dnostn\u00ed riziko ozna\u010deni<\/a>\u00a0i Marc Carney, Christiano Amon, Stephen Schwartzman, Evan Greenberg a dal\u0161\u00ed \u00fa\u010dastn\u00edc\u00ed setk\u00e1n\u00ed. Pozdvi\u017een\u00ed, kter\u00e9 by to ov\u0161em vyvolalo v B\u00edl\u00e9m dom\u011b, si pra\u017e\u0161t\u00ed fialov\u00ed politi\u010dt\u00ed mopsl\u00edci ur\u010dit\u011b netroufnou riskovat. A n\u00e1m tak nezb\u00fdv\u00e1 ne\u017e z\u00e1vid\u011bt Ameri\u010dan\u016fm, \u017ee dan\u011b ze zisk\u016f jejich korporac\u00ed v \u010c\u00edn\u011b budou sm\u011b\u0159ovat do US rozpo\u010dtu. \u010c\u00ed\u0148an\u016fm rostouc\u00ed \u017eivotn\u00ed \u00farove\u0148 i d\u00edky US investic\u00edm. A litovat, \u017ee n\u00e1m vl\u00e1dnou fialov\u00ed ekonomi\u010dt\u00ed i politi\u010dt\u00ed diletanti, kter\u00fdm, jak bylo v\u010dera statistiky ozn\u00e1meno, se rozpad\u00e1 ekonomika p\u0159\u00edmo d\u011bsiv\u00fdm tempem, proto\u017ee nemysl\u00ed na nic jin\u00e9ho, ne\u017e na v\u00e1lku! Co na tom,\u00a0<a href=\"https:\/\/www.seznamzpravy.cz\/clanek\/ekonomika-byznys-reality-zachrance-ceskeho-stavebnictvi-na-ctyri-stat-248686\">\u017ee v \u010cR nebude kde bydlet<\/a>, jak bylo v\u010dera ozn\u00e1meno, proto\u017ee Fiala za\u0159\u00edznul ve\u0161kerou v\u00fdstavbu byt\u016f, a\u010dkoli aby byl zvolen s Pir\u00e1ty sliboval prav\u00fd opak. Hlavn\u011b, \u017ee bude na Ukrajin\u011b \u010d\u00edm st\u0159\u00edlet,\u00a0<a href=\"https:\/\/www.novinky.cz\/clanek\/domaci-vlada-schvalila-dalsi-penize-na-munici-pro-ukrajinu-40465733\">jak v\u010dera rozhodnul a nad\u011blil pen\u00edze!<\/a>\u00a0 (<a href=\"https:\/\/twitter.com\/prezidentpavel\/status\/1772573454501335514\/photo\/1\">Zdroj foto Koudelka \u2013 Pavel \u2013 BIS<\/a>)<\/p>\n<div id=\"attachment_9833\" class=\"wp-caption aligncenter\" style=\"width: 999px;\">\n<p><img decoding=\"async\" loading=\"lazy\" class=\" wp-image-9833\" src=\"https:\/\/www.michalapetr.com\/wp-content\/uploads\/2024\/03\/91c639ef-cfbb-4e29-91c8-1c76f1c01257.png\" sizes=\"(max-width: 2000px) 100vw, 2000px\" srcset=\"https:\/\/www.michalapetr.com\/wp-content\/uploads\/2024\/03\/91c639ef-cfbb-4e29-91c8-1c76f1c01257.png 2000w, https:\/\/www.michalapetr.com\/wp-content\/uploads\/2024\/03\/91c639ef-cfbb-4e29-91c8-1c76f1c01257-300x194.png 300w, https:\/\/www.michalapetr.com\/wp-content\/uploads\/2024\/03\/91c639ef-cfbb-4e29-91c8-1c76f1c01257-1030x665.png 1030w, https:\/\/www.michalapetr.com\/wp-content\/uploads\/2024\/03\/91c639ef-cfbb-4e29-91c8-1c76f1c01257-768x496.png 768w, https:\/\/www.michalapetr.com\/wp-content\/uploads\/2024\/03\/91c639ef-cfbb-4e29-91c8-1c76f1c01257-1536x991.png 1536w, https:\/\/www.michalapetr.com\/wp-content\/uploads\/2024\/03\/91c639ef-cfbb-4e29-91c8-1c76f1c01257-1500x968.png 1500w, https:\/\/www.michalapetr.com\/wp-content\/uploads\/2024\/03\/91c639ef-cfbb-4e29-91c8-1c76f1c01257-705x455.png 705w, https:\/\/www.michalapetr.com\/wp-content\/uploads\/2024\/03\/91c639ef-cfbb-4e29-91c8-1c76f1c01257-450x290.png 450w\" alt=\"\" width=\"999\" height=\"645\" aria-describedby=\"caption-attachment-9833\" \/><\/p>\n<p id=\"caption-attachment-9833\" class=\"wp-caption-text\">Nejvy\u0161\u0161\u00ed US globalist\u00e9 v\u010dera nad\u0161en\u011b poskakovali okolo \u010d\u00ednsk\u00e9ho prezidenta Xi v Pekingu a\u00a0<a href=\"https:\/\/english.news.cn\/20240325\/713d59eeb7b141f0b7cde7c86572b26b\/c.html\">sna\u017eili se s n\u00edm uzav\u0159\u00edt dal\u0161\u00ed skv\u011bl\u00fd byznys<\/a>! V delegaci vychvaluj\u00edc\u00ed \u010d\u00ednsk\u00fd ekonomick\u00fd boom a politick\u00e9 \u00fasp\u011bchy nechyb\u011bli ani takov\u00e1 esa a vzory pro \u201c\u010desk\u00e9 fialov\u00e9 politiky\u201d jako jsou \u2013 \u0161\u00e9f US medi\u00e1ln\u00edho gigantu<a href=\"https:\/\/en.wikipedia.org\/wiki\/Bloomberg_L.P.\">\u00a0Bloomberg<\/a>\u00a0\u2013\u00a0<a href=\"https:\/\/en.wikipedia.org\/wiki\/Mark_Carney\">Mark Carney<\/a>,\u00a0 \u0161\u00e9f US technologick\u00e9ho gigantu\u00a0<a href=\"https:\/\/en.wikipedia.org\/wiki\/Qualcomm\">Qualcomm<\/a>\u00a0\u2013\u00a0<a href=\"https:\/\/en.wikipedia.org\/wiki\/Cristiano_Amon\">Christiano Amon<\/a>, \u0161\u00e9f nejv\u011bt\u0161\u00edho alternativn\u00edho investi\u010dn\u00edho fondu sv\u011bta\u00a0<a href=\"https:\/\/en.wikipedia.org\/wiki\/Blackstone_Inc.\">Blackstone<\/a>\u00a0\u2013\u00a0 \u00a0<a href=\"https:\/\/english.news.cn\/20240325\/713d59eeb7b141f0b7cde7c86572b26b\/c.html\">Stephen Schwarzman<\/a>, nebo \u0161\u00e9f mamut\u00ed US-\u0161v\u00fdcarsk\u00e9 poji\u0161\u0165ovny\u00a0<a href=\"https:\/\/en.wikipedia.org\/wiki\/Chubb_Limited\">Chubb Limited<\/a>\u00a0 \u2013\u00a0<a href=\"https:\/\/about.chubb.com\/who-we-are\/leadership\/evan-greenberg.html\">Evan Greenberg<\/a>\u00a0\u2013 ten \u00fapln\u011b vlevo v prvn\u00ed \u0159ad\u011b.<\/p>\n<\/div>\n<p>Sankce EU na Rusko jsou pro \u010c\u00ednu darem z nebes.\u00a0<a href=\"https:\/\/eng.autostat.ru\/news\/21460\/\">P\u0159ihloupl\u00ed vl\u00e1dnouc\u00ed evrop\u0161t\u00ed politici uvalili na Rusko hned na po\u010d\u00e1tku v\u00e1lky v b\u0159eznu 2022 z\u00e1kaz dovozu evropsk\u00fdch n\u00e1kladn\u00edch vozidel<\/a>\u00a0a naivn\u011b si p\u0159edstavovali, \u017ee Rusko brzy ztrat\u00ed schopnost distribuovat zbo\u017e\u00ed, proto\u017ee mu dojdou n\u00e1kladn\u00ed auta, jich\u017e v\u011bt\u0161inu dov\u00e1\u017eelo z EU. Jak pl\u00e1ny EU dopadly? V roce 2022 exportovali \u010c\u00ed\u0148an\u00e9 do Ruska 32 000 t\u011b\u017ek\u00fdch n\u00e1kladn\u00edch vozidel, loni u\u017e 108 000.\u00a0<a href=\"https:\/\/charter97.org\/en\/news\/2024\/3\/26\/589031\/\">Pod\u00edl rusk\u00e9 produkce n\u00e1kladn\u00edch vozidel se tak\u0159ka nezm\u011bnil,<\/a>\u00a0pouze evropsk\u00e9 automobilky\u00a0<a href=\"https:\/\/www.shacmaninternational.com\/news\/heavy-truck-exports-reaching-new-heights\/\">nahradily \u010d\u00ednsk\u00e9<\/a>. Ekonomika BRICS je nyn\u00ed schopn\u00e1 kdekoli po cel\u00e9m sv\u011bt\u011b ihned nahradit jakoukoli evropskou nebo americkou produkci. Evropan\u00e9 se na ztracen\u00fd trh u\u017e nikdy nevr\u00e1t\u00ed. Ztr\u00e1ta trhu, na kter\u00fd Evropan\u00e9 vyv\u00e1\u017eeli desetitis\u00edce kamion\u016f ro\u010dn\u011b je jen vrcholem ledovce ve\u0161ker\u00fdch ekonomick\u00fdch ztr\u00e1t, kter\u00e9 Evropany \u010dekaj\u00ed v d\u016fsledku sankc\u00ed na Rusko.\u00a0<a href=\"https:\/\/www.seznamzpravy.cz\/clanek\/ekonomika-firmy-o-15-procent-vice-stredula-chce-jednat-o-vyssich-platech-statnich-zamestnancu-248665\">Naivn\u00ed staronov\u00fd \u0161\u00e9f odbor\u016f St\u0159edula si mysl\u00ed, \u017ee u Fialy dos\u00e1hne 15% zv\u00fd\u0161en\u00ed plat\u016f pro st\u00e1tn\u00ed \u00fa\u0159edn\u00edky a zam\u011bstnance<\/a>. Opak je pravdou, ekonomick\u00e9 ztr\u00e1ty, kter\u00e9 po cel\u00e9 EU vyvol\u00e1v\u00e1 pokra\u010dov\u00e1n\u00ed politiky sankc\u00ed a prodlu\u017eov\u00e1n\u00ed v\u00e1lky na Ukrajin\u011b, zdevastuj\u00ed evropsk\u00fd a \u010desk\u00fd pr\u016fmysl takov\u00fdm zp\u016fsobem, \u017ee se platy budou d\u00e1le re\u00e1ln\u011b propadat!<\/p>\n<div id=\"attachment_9842\" class=\"wp-caption aligncenter\" style=\"width: 1002px;\">\n<p><img decoding=\"async\" loading=\"lazy\" class=\" wp-image-9842\" src=\"https:\/\/www.michalapetr.com\/wp-content\/uploads\/2024\/03\/GJrnOGMX0AA1uuC.jpg\" sizes=\"(max-width: 2048px) 100vw, 2048px\" srcset=\"https:\/\/www.michalapetr.com\/wp-content\/uploads\/2024\/03\/GJrnOGMX0AA1uuC.jpg 2048w, https:\/\/www.michalapetr.com\/wp-content\/uploads\/2024\/03\/GJrnOGMX0AA1uuC-300x200.jpg 300w, https:\/\/www.michalapetr.com\/wp-content\/uploads\/2024\/03\/GJrnOGMX0AA1uuC-1030x687.jpg 1030w, https:\/\/www.michalapetr.com\/wp-content\/uploads\/2024\/03\/GJrnOGMX0AA1uuC-768x512.jpg 768w, https:\/\/www.michalapetr.com\/wp-content\/uploads\/2024\/03\/GJrnOGMX0AA1uuC-1536x1025.jpg 1536w, https:\/\/www.michalapetr.com\/wp-content\/uploads\/2024\/03\/GJrnOGMX0AA1uuC-1500x1000.jpg 1500w, https:\/\/www.michalapetr.com\/wp-content\/uploads\/2024\/03\/GJrnOGMX0AA1uuC-705x470.jpg 705w, https:\/\/www.michalapetr.com\/wp-content\/uploads\/2024\/03\/GJrnOGMX0AA1uuC-450x300.jpg 450w\" alt=\"\" width=\"1002\" height=\"668\" aria-describedby=\"caption-attachment-9842\" \/><\/p>\n<p id=\"caption-attachment-9842\" class=\"wp-caption-text\">Mark Rutte,\u00a0<a href=\"https:\/\/www.michalapetr.com\/map-1912-putin-se-chysta-vypnout-usa-odveta-za-potopeni-dvou-ruskych-lodi-co-znamena-ultimatum-kallas\/\">nejsp\u00ed\u0161 budouc\u00ed \u0161\u00e9f NATO<\/a>\u00a0a holandsk\u00fd premi\u00e9r v\u010dera op\u011bt chv\u00e1lil \u010d\u00ednsk\u00e9ho prezidenta Xi. Letos za n\u00edm u\u017e podruh\u00e9 p\u0159ilet\u011bl do Pekingu \u2013 byznys p\u0159edev\u0161\u00edm! Co na to zavil\u00ed nep\u0159\u00e1tel\u00e9 \u010c\u00edny Pir\u00e1t Lipavsk\u00fd a Fiala?<\/p>\n<\/div>\n<p>\u201c<em>V\u0161echny akce, kter\u00e9 maj\u00ed za c\u00edl po\u0161kozovat rozvoj \u010c\u00edny, po\u0161kozuj\u00ed jen jejich str\u016fjce<\/em>.\u201d, prohl\u00e1sil v\u010dera na setk\u00e1n\u00ed s v\u016fdcem \u010d\u00ednsk\u00fdch komunist\u016f v Pekingu budouc\u00ed \u0161\u00e9f NATO Mark Rutte. (Actions that undermine China\u2019s development interest will only hurt oneself). A stal se tak dal\u0161\u00edm kandid\u00e1tem pro za\u0159azen\u00ed na\u00a0<a href=\"https:\/\/www.blesk.cz\/clanek\/zpravy-politika\/780986\/lipavsky-ostre-babis-je-bezpecnostnim-ohrozenim-ceska-zminil-silenosti-za-jeho-vlady.html\">Lipavsk\u00e9ho listinu \u201cbezpe\u010dnostn\u00edch rizik\u201d<\/a>\u00a0pro \u010cR.<\/p>\n<div id=\"attachment_4686\" class=\"wp-caption aligncenter\" style=\"width: 678px;\">\n<p><img decoding=\"async\" loading=\"lazy\" class=\" wp-image-4686\" src=\"https:\/\/www.michalapetr.com\/wp-content\/uploads\/2023\/06\/Nord_Stream_ceremony.jpeg\" sizes=\"(max-width: 650px) 100vw, 650px\" srcset=\"https:\/\/www.michalapetr.com\/wp-content\/uploads\/2023\/06\/Nord_Stream_ceremony.jpeg 650w, https:\/\/www.michalapetr.com\/wp-content\/uploads\/2023\/06\/Nord_Stream_ceremony-300x200.jpeg 300w, https:\/\/www.michalapetr.com\/wp-content\/uploads\/2023\/06\/Nord_Stream_ceremony-450x300.jpeg 450w\" alt=\"\" width=\"678\" height=\"453\" aria-describedby=\"caption-attachment-4686\" \/><\/p>\n<p id=\"caption-attachment-4686\" class=\"wp-caption-text\">Slavnostn\u00ed otev\u0159en\u00ed Nord Stream \u2013 Rutte uprost\u0159ed.<\/p>\n<\/div>\n<p>Marku Rutte se v Holandsku p\u0159ezd\u00edv\u00e1 Teflonov\u00fd Rutte,<a href=\"https:\/\/www.michalapetr.com\/map-1702-ministr-rakusan-je-naivni-hloupy-vesnicky-pitomec-oznamili-vcera-polaci-miliardove-pokuty-za-uprchliky-ktere-bude-cr-platit-bruselu-jsou-urcene-pouze-na-nespecifikovane-platby-do-zemi\/\">\u00a0proto\u017ee dovede rychle vyc\u00edtit zm\u011bny politick\u00fdch v\u011btr\u016f<\/a>. Kdy\u017e se p\u0159ed lety\u00a0 slavnostn\u011b otev\u00edral Nord Stream I,\u00a0 Rutte dokonce p\u0159est\u0159ihoval jeho p\u00e1sku! Kdy\u017e Putin zah\u00e1jil \u201cosvobozov\u00e1n\u00ed Ukrajiny\u201d, Rutte v\u0159\u00edskal nejv\u00edc ze v\u0161ech. Kdy\u017e nyn\u00ed v d\u016fsledku politiky Bruselu krachuje evropsk\u00e1 ekonomika, Rutte pochopil, \u017ee stejn\u011b jako v roce 2008 jedin\u00e1 z\u00e1chrana nizozemsk\u00e9 ekonomiky spo\u010d\u00edv\u00e1 v r\u016fstu holandsk\u00e9ho exportu do \u010c\u00edny, a\u00a0<a href=\"https:\/\/twitter.com\/MinPres\/status\/1772983641565524443\">nev\u00e1hal let\u011bt do Pekingu vychvalovat Prvn\u00edho \u010c\u00ed\u0148ana Xi<\/a>. Ve stejn\u00fd den, kdy Xi v Pekingu chv\u00e1lili ameri\u010dt\u00ed jest\u0159\u00e1bov\u00e9 i Rutte,<a href=\"https:\/\/asia.nikkei.com\/Politics\/International-relations\/Xi-Jinping-meets-top-U.S.-executives-then-Dutch-PM-in-Beijing\">\u00a0byla v Pekingu i nejmocn\u011bj\u0161\u00ed<\/a>\u00a0sou\u010dasn\u00e1 Sorosova loutka\u00a0<a href=\"https:\/\/cs.wikipedia.org\/wiki\/Kristalina_Georgievov%C3%A1\">Kristalina Georgieov\u00e1<\/a>, \u0161\u00e9fka mocn\u00e9ho washingtonsk\u00e9ho<a href=\"https:\/\/cs.wikipedia.org\/wiki\/Mezin%C3%A1rodn%C3%AD_m%C4%9Bnov%C3%BD_fond\">\u00a0MMF.<\/a>\u00a0A ta Xi prosila,\u00a0<a href=\"https:\/\/asia.nikkei.com\/Politics\/International-relations\/Xi-Jinping-meets-top-U.S.-executives-then-Dutch-PM-in-Beijing\">aby \u010c\u00ed\u0148an\u00e9 v\u00edce pos\u00edlili svoji osobn\u00ed spot\u0159ebu, m\u00edsto toho, aby expandovali svoji v\u00fdrobu a export<\/a>\u00a0\u2013 jinak hroz\u00ed v\u00e1\u017en\u00e9 probl\u00e9my ve sv\u011btov\u00e9 ekonomice! P\u0159elo\u017eeno pro laiky = \u010c\u00ed\u0148an\u00e9 mus\u00ed konzumovat v\u00edce z\u00e1padn\u00edho zbo\u017e\u00ed a m\u00e9n\u011b sv\u00e9ho zbo\u017e\u00ed exportovat do zem\u00ed Afriky, Ameriky a Evropy, jinak bude z\u00e1padn\u00ed glob\u00e1ln\u00ed ekonomika krachovat. Pomineme-li ironickou skute\u010dnost, \u017ee Kristalinu Georgieovou od v\u010derej\u0161\u00edho poledne mus\u00ed pir\u00e1tsk\u00fd el\u00e9v Lipavsk\u00fd tak\u00e9 zapsat na fialovou listinu \u201cbezpe\u010dnostn\u00edch rizik\u201d pro \u010cR, je t\u0159eba se pt\u00e1t, pro\u010d \u017e\u00e1dn\u00fd \u010desk\u00fd politik nebyl v\u010dera v Pekingu, kdy\u017e tam byli v\u0161ichni, aby zajistili sv\u00fdm ob\u010dan\u016fm pr\u00e1ci a lep\u0161\u00ed platy?!<\/p>\n<div id=\"attachment_9845\" class=\"wp-caption aligncenter\" style=\"width: 944px;\">\n<p><img decoding=\"async\" loading=\"lazy\" class=\" wp-image-9845\" src=\"https:\/\/www.michalapetr.com\/wp-content\/uploads\/2024\/03\/aga-mihrant-scaled.jpg\" sizes=\"(max-width: 2560px) 100vw, 2560px\" srcset=\"https:\/\/www.michalapetr.com\/wp-content\/uploads\/2024\/03\/aga-mihrant-scaled.jpg 2560w, https:\/\/www.michalapetr.com\/wp-content\/uploads\/2024\/03\/aga-mihrant-300x283.jpg 300w, https:\/\/www.michalapetr.com\/wp-content\/uploads\/2024\/03\/aga-mihrant-1030x973.jpg 1030w, https:\/\/www.michalapetr.com\/wp-content\/uploads\/2024\/03\/aga-mihrant-768x725.jpg 768w, https:\/\/www.michalapetr.com\/wp-content\/uploads\/2024\/03\/aga-mihrant-1536x1451.jpg 1536w, https:\/\/www.michalapetr.com\/wp-content\/uploads\/2024\/03\/aga-mihrant-2048x1934.jpg 2048w, https:\/\/www.michalapetr.com\/wp-content\/uploads\/2024\/03\/aga-mihrant-1500x1417.jpg 1500w, https:\/\/www.michalapetr.com\/wp-content\/uploads\/2024\/03\/aga-mihrant-705x666.jpg 705w, https:\/\/www.michalapetr.com\/wp-content\/uploads\/2024\/03\/aga-mihrant-450x425.jpg 450w\" alt=\"\" width=\"944\" height=\"891\" aria-describedby=\"caption-attachment-9845\" \/><\/p>\n<p id=\"caption-attachment-9845\" class=\"wp-caption-text\">Trasy pa\u0161er\u00e1k\u016f migrant\u016f do EU \u2013 \u010derven\u011b vyzna\u010den\u00e1 hlavn\u00ed americk\u00e1 v\u00e1le\u010dn\u00e1 z\u00e1kladna v Africe \u2013 n\u00e1hoda? \u2013 Pro\u010d ji Putin chce?<\/p>\n<\/div>\n<p>Podle americk\u00fdch v\u00e1le\u010dn\u00fdch analytik\u016f nyn\u00ed hroz\u00ed, \u017ee Putin ovl\u00e1dne nejen US v\u00e1le\u010dnou z\u00e1kladnu Agadez v Nigeru,<a href=\"https:\/\/www.criticalthreats.org\/analysis\/africa-file-special-edition-niger-cuts-the-united-states-for-russia-and-iran\">\u00a0ale s n\u00ed ovl\u00e1dne i migra\u010dn\u00ed trasy neleg\u00e1ln\u00edch imigrant\u016f do Evropy!<\/a>\u00a0Brusel se boj\u00ed, \u017ee Putin tak v p\u0159\u00edpad\u011b pot\u0159eby,\u00a0<a href=\"https:\/\/www.criticalthreats.org\/analysis\/africa-file-march-22-2024-niger-cuts-the-us-jnim-encroaches-on-guinea-al-shabaab-hotel-attack\">zaval\u00ed v r\u00e1mci hybridn\u00ed strategie It\u00e1lii a Francii miliony uprchl\u00edk\u016f<\/a>. 8. b\u0159ezna 2024 na sly\u0161en\u00ed gener\u00e1l\u016f Kurilly a Langley ve vojensk\u00e9m v\u00fdboru Kongresu USA<a href=\"https:\/\/www.centcom.mil\/MEDIA\/Transcripts\/Article\/3700887\/senate-armed-services-committee-hearing-posture-of-united-states-central-comman\/\">\u00a0bylo ofici\u00e1ln\u011b p\u0159izn\u00e1no<\/a>, (<a href=\"https:\/\/www.centcom.mil\/MEDIA\/Transcripts\/Article\/3700887\/senate-armed-services-committee-hearing-posture-of-united-states-central-comman\/\">viz z\u00e1znam \u2013 Dan Sullivan<\/a>), \u017ee USA nyn\u00ed vedou proti Rusku na Ukrajin\u011b\u00a0<a href=\"https:\/\/cs.wikipedia.org\/wiki\/Z%C3%A1stupn%C3%A1_v%C3%A1lka\">proxy v\u00e1lku<\/a>, ale \u017ee se j\u00ed neda\u0159\u00ed v\u00e9st stejn\u011b \u00fasp\u011b\u0161n\u011b jako vedou Ir\u00e1n, Rusko a \u010c\u00edna proti USA a EU sv\u00e9 proxy v\u00e1lky na Bl\u00edzk\u00e9m V\u00fdchod\u011b, a v Africe \u2013 viz\u00a0<a href=\"https:\/\/cs.wikipedia.org\/wiki\/Z%C3%A1stupn%C3%A1_v%C3%A1lka\">odpov\u011b\u010f gener\u00e1la Kurrily<\/a>. Hlavn\u00ed Putinovou devizou v t\u00e9to hybridn\u00ed v\u00e1lce jsou miliony mlad\u00fdch na\u0161tvan\u00fdch Afri\u010dan\u016f a Arab\u016f, kte\u0159\u00ed jsou bez pr\u00e1ce, a bez nad\u011bje na budoucnost. Ze sv\u00e9 situace vin\u00ed Z\u00e1padn\u00ed koloniz\u00e1tory, a ud\u011blaj\u00ed v\u0161e mysliteln\u00e9, aby se sv\u00e9ho \u00fad\u011blu zbavili. Podle obou US gener\u00e1l\u016f nelze Putinovu tlaku bez mimo\u0159\u00e1dn\u00fdch v\u00fddaj\u016f, na kter\u00e9 nejsou prost\u0159edky, vojensko-ekonomicky v obou oblastech \u010delit, proto\u017ee hybridn\u00ed operace Ir\u00e1nu, \u010c\u00edny a Ruska ke sv\u00e9mu proveden\u00ed \u010derpaj\u00ed m\u00edstn\u00ed ekonomick\u00e9 zdroje, a nespokojenost mlad\u00fdch a chud\u00fdch lid\u00ed, a jejich nen\u00e1vist k Z\u00e1padu.<\/p>\n<p><a href=\"https:\/\/stranapro.cz\/\"><img decoding=\"async\" loading=\"lazy\" class=\"wp-image-40285 aligncenter\" src=\"http:\/\/www.infokuryr.cz\/n\/wp-content\/uploads\/2023\/11\/11pro-300x79.png\" alt=\"\" width=\"619\" height=\"163\" srcset=\"https:\/\/www.infokuryr.cz\/n\/wp-content\/uploads\/2023\/11\/11pro-300x79.png 300w, https:\/\/www.infokuryr.cz\/n\/wp-content\/uploads\/2023\/11\/11pro.png 363w\" sizes=\"(max-width: 619px) 100vw, 619px\" \/><\/a><\/p>\n<p>Obdobn\u00e1 situace je ale i v oblasti b\u00fdval\u00e9 sov\u011btsk\u00e9 st\u0159edn\u00ed Asie.\u00a0<a href=\"https:\/\/www.worldbank.org\/en\/news\/factsheet\/2020\/04\/29\/strengthening-youth-resilience-to-radicalization-evidence-from-tajikistan-questions-and-answers\">I tam jsou obrovsk\u00e9 mnohamilionov\u00e9 masy nezam\u011bstnan\u00fdch chud\u00fdch mlad\u00fdch lid\u00ed bez budoucnosti<\/a>, a ti jsou stejn\u00fdm zdrojem \u201cmasa\u201d pro pa\u0161er\u00e1ky uprchl\u00edk\u016f i drog a militantn\u00ed islamisty a teroristy v\u0161eho druhu. Rusko je hlavn\u00ed pracovn\u00ed p\u0159\u00edle\u017eitost\u00ed pro obyvatele St\u0159edn\u00ed Asie, pro Putina proto p\u0159i\u0161el \u00fatok t\u00e1d\u017eick\u00fdch terorist\u016f v Moskv\u011b v nejnevhodn\u011bj\u0161\u00ed dobu. T\u011bsn\u011b p\u0159ed n\u00edm v projevu ozn\u00e1mil Rus\u016fm, \u017ee imigrant\u016f za prac\u00ed je v Rusku \u201cne p\u0159\u00edli\u0161, jako v EU\u201d, a jejich po\u010det se bude v rozumn\u00e9 m\u00ed\u0159e zvy\u0161ovat, proto\u017ee je pot\u0159ebuje rozv\u00edjej\u00edc\u00ed se rusk\u00e1 ekonomika. M\u00edstn\u00ed st\u0159edoasij\u0161t\u00ed a kavkaz\u0161t\u00ed vl\u00e1dci jsou k Putinovi tolerantn\u00ed, proto\u017ee kdy\u017e p\u0159estane jejich mlad\u00e9 ob\u010dany zam\u011bstn\u00e1vat, smetou ve vzteku jejich re\u017eimy.<\/p>\n<p>V Africe je situace obdobn\u00e1. Ukazuje se, \u017ee ten, kdo mlad\u00fdm zaji\u0161\u0165uje pr\u00e1ci a budoucnost vyhr\u00e1v\u00e1 hybridn\u00ed v\u00e1lky. P\u0159esn\u011b jak tvrdil Roosevelt \u2013 Chudoba je z\u00e1kladn\u00edm kamenem pro v\u0161echny dikt\u00e1tory, aby z n\u00ed vybudovali sv\u00e9 re\u017eimy. Politici, jako Fiala a jeho koali\u010dn\u00ed banda, kte\u0159\u00ed nejsou schopni pochopit, \u017ee ekonomick\u00e1 budoucnost a prosperita jsou z\u00e1kladn\u00edm pil\u00ed\u0159em demokraci\u00ed, a sr\u00e1\u017eej\u00ed na historick\u00e9 dno v\u00fdstavbu byt\u016f, ni\u010d\u00ed \u0161kolstv\u00ed, plundruj\u00ed zdravotnictv\u00ed, o\u017eebra\u010duj\u00ed lid, a m\u00edsto toho jen nakupuj\u00ed sam\u00e9 zbran\u011b a \u0159in\u010d\u00ed od r\u00e1na do ve\u010dera me\u010di, jsou p\u0159esn\u011b ti neschopn\u00ed politici, p\u0159ed kter\u00fdmi Roosevelt varoval. Nen\u00ed tak n\u00e1hodou, \u017ee v\u0161ichni, a\u017e na Fialov\u00e9 n\u00fdmandy, p\u0159ilet\u011bli tento v\u00edkend do Pekingu, aby jednali o tom, jak zachr\u00e1nit evropskou i americkou prosperitu, a neupadnout do b\u00eddy St\u0159edn\u00ed Asie, Bl\u00edzk\u00e9ho V\u00fdchodu a Afriky. To je v\u0161e, d\u011bkuji za maily, odpov\u00edm dnes ve\u010der. M\u011bjte se navzdory Fialovi kr\u00e1sn\u011b a d\u00edk za v\u0161e.<\/p>\n<p><a href=\"https:\/\/www.michalapetr.com\/map-1950-velka-porada-v-pekingu-putin-na-koni-zapad-na-dne-cesti-politici-uplne-mimo\/\">Michael Svato\u0161<\/a><\/p>\n<p><img decoding=\"async\" loading=\"lazy\" class=\"alignnone size-full wp-image-27204\" src=\"http:\/\/www.infokuryr.cz\/n\/wp-content\/uploads\/2023\/05\/Michael_Svatos.png\" alt=\"\" width=\"180\" height=\"180\" srcset=\"https:\/\/www.infokuryr.cz\/n\/wp-content\/uploads\/2023\/05\/Michael_Svatos.png 180w, https:\/\/www.infokuryr.cz\/n\/wp-content\/uploads\/2023\/05\/Michael_Svatos-150x150.png 150w\" sizes=\"(max-width: 180px) 100vw, 180px\" \/><\/p>\n<p>&nbsp;<\/p>\n","protected":false},"excerpt":{"rendered":"<p>Velk\u00e1 porada v Pekingu! Putin na koni! Z\u00e1pad na dn\u011b! \u010ce\u0161t\u00ed politici \u00fapln\u011b mimo! Kdo&#8230;<\/p>\n","protected":false},"author":2,"featured_media":50517,"comment_status":"closed","ping_status":"closed","sticky":false,"template":"","format":"standard","meta":[],"categories":[6],"tags":[1042,30,59,989,122,22],"_links":{"self":[{"href":"https:\/\/www.infokuryr.cz\/n\/wp-json\/wp\/v2\/posts\/50516"}],"collection":[{"href":"https:\/\/www.infokuryr.cz\/n\/wp-json\/wp\/v2\/posts"}],"about":[{"href":"https:\/\/www.infokuryr.cz\/n\/wp-json\/wp\/v2\/types\/post"}],"author":[{"embeddable":true,"href":"https:\/\/www.infokuryr.cz\/n\/wp-json\/wp\/v2\/users\/2"}],"replies":[{"embeddable":true,"href":"https:\/\/www.infokuryr.cz\/n\/wp-json\/wp\/v2\/comments?post=50516"}],"version-history":[{"count":0,"href":"https:\/\/www.infokuryr.cz\/n\/wp-json\/wp\/v2\/posts\/50516\/revisions"}],"wp:featuredmedia":[{"embeddable":true,"href":"https:\/\/www.infokuryr.cz\/n\/wp-json\/wp\/v2\/media\/50517"}],"wp:attachment":[{"href":"https:\/\/www.infokuryr.cz\/n\/wp-json\/wp\/v2\/media?parent=50516"}],"wp:term":[{"taxonomy":"category","embeddable":true,"href":"https:\/\/www.infokuryr.cz\/n\/wp-json\/wp\/v2\/categories?post=50516"},{"taxonomy":"post_tag","embeddable":true,"href":"https:\/\/www.infokuryr.cz\/n\/wp-json\/wp\/v2\/tags?post=50516"}],"curies":[{"name":"wp","href":"https:\/\/api.w.org\/{rel}","templated":true}]}}