{"id":50503,"date":"2024-03-28T00:52:02","date_gmt":"2024-03-27T23:52:02","guid":{"rendered":"https:\/\/www.infokuryr.cz\/n\/?p=50503"},"modified":"2024-03-28T04:15:27","modified_gmt":"2024-03-28T03:15:27","slug":"excelentni-advokatka-jana-zwyrtek-hamplova-petr-drulak-vyhozen-nepravem-rekl-definitivne-soud","status":"publish","type":"post","link":"https:\/\/www.infokuryr.cz\/n\/2024\/03\/28\/excelentni-advokatka-jana-zwyrtek-hamplova-petr-drulak-vyhozen-nepravem-rekl-definitivne-soud\/","title":{"rendered":"Excelentn\u00ed advok\u00e1tka Jana Zwyrtek Hamplov\u00e1: Petr Drul\u00e1k vyhozen nepr\u00e1vem, \u0159ekl definitivn\u011b soud"},"content":{"rendered":"<div id=\"fb-root\"><\/div>\n<div class=\"introtext\">\n<p>Jedno procento lid\u00ed tady rabuje, likviduje a vyhazuje a policie nad nimi dr\u017e\u00ed ochranu, a jedin\u011b z\u00e1sluhou n\u011bkolika extra odv\u00e1\u017en\u00fdch jako je Jana Zwyrtek Hamplov\u00e1, Jind\u0159ich Rajchl a n\u011bkolika dal\u0161\u00edch, a odv\u00e1\u017en\u00fdch soudc\u016f a soudky\u0148 se je\u0161t\u011b malinko udr\u017euje pr\u00e1vo v na\u0161\u00ed zemi!<\/p>\n<\/div>\n<div class=\"fulltext\">\n<h2><strong>A kdy bude potrest\u00e1n Lipavsk\u00fd?<\/strong><\/h2>\n<p>Petr Drul\u00e1k byl z \u00dastavu mezin\u00e1rodn\u00edch vztah\u016f vyhozen nepr\u00e1vem. Ve st\u0159edu po poledni o tom rozhodl definitivn\u011b M\u011bstsk\u00fd soud v Praze.<\/p>\n<p>\u201eVyhr\u00e1li jsme prvn\u00ed soud a\u00a0<strong>dnes prob\u011bhlo odvolac\u00ed \u0159\u00edzen\u00ed u M\u011bstsk\u00e9ho soudu v Praze, kter\u00fd v pln\u00e9m rozsahu potvrdil rozsudek soudu prvn\u00edho stupn\u011b<\/strong>. Znamen\u00e1 to, \u017ee v\u00fdpov\u011b\u010f, kter\u00e1 byla panu profesoru Drul\u00e1kovi d\u00e1na, je neplatn\u00e1 a doru\u010den\u00edm rozsudku to bude \u00fa\u010dinn\u00e9,\u201c uvedla pro Parlamentn\u00edListy.cz advok\u00e1tka Jana Zwyrtek Hamplov\u00e1, kter\u00e1 Petra Drul\u00e1ka zastupovala.<\/p>\n<p><img decoding=\"async\" loading=\"lazy\" class=\"wp-image-15280 alignleft\" src=\"http:\/\/www.infokuryr.cz\/n\/wp-content\/uploads\/2022\/09\/drulak-300x167.jpg\" alt=\"\" width=\"435\" height=\"242\" srcset=\"https:\/\/www.infokuryr.cz\/n\/wp-content\/uploads\/2022\/09\/drulak-300x167.jpg 300w, https:\/\/www.infokuryr.cz\/n\/wp-content\/uploads\/2022\/09\/drulak-768x427.jpg 768w, https:\/\/www.infokuryr.cz\/n\/wp-content\/uploads\/2022\/09\/drulak.jpg 800w\" sizes=\"(max-width: 435px) 100vw, 435px\" \/><\/p>\n<p><em>Obr. Prof. Petr Drul\u00e1k<\/em><\/p>\n<p>Co to v praxi znamen\u00e1? \u201eZam\u011bstnavatel bude muset vz\u00edt pana profesora zp\u011bt a vyplatit mu zp\u00e1tky mzdu za cel\u00e9 obdob\u00ed,\u201c uvedla advok\u00e1tka. Drul\u00e1k dostal v\u00fdpov\u011b\u010f v lednu 2023, tak\u017ee mu \u00dastav mezin\u00e1rodn\u00edch vztah\u016f bude muset vyplatit mzdu za v\u00edce ne\u017e rok. \u00dastav je z\u0159izov\u00e1n ministerstvem zahrani\u010d\u00ed, kter\u00e9 v dob\u011b v\u00fdpov\u011bdi vedl Jan Lipavsk\u00fd.<\/p>\n<p>\u201ePro pana profesora je to ur\u010dit\u011b velk\u00e9 nejenom pr\u00e1vn\u00ed, ale i mor\u00e1ln\u00ed v\u00edt\u011bzstv\u00ed. M\u011bstsk\u00fd soud se ztoto\u017enil s t\u00edm, co \u0159ekl soud prvn\u00edho stupn\u011b, \u017ee v\u00fdpov\u011b\u010f byla d\u00e1na pr\u00e1vn\u011b zcela nespr\u00e1vn\u011b, \u017ee nebyla \u017e\u00e1dn\u00e1 p\u0159\u00ed\u010dinn\u00e1 souvislost mezi zm\u011bnami, kter\u00e9 cht\u011bl \u00fastav prov\u00e9st, a t\u00edm, \u017ee si vybral zrovna pana profesora, kter\u00e9mu dal v\u00fdpov\u011b\u010f. M\u00e1m z toho velkou radost, je to obrovsk\u00fd \u00fasp\u011bch,\u201c dodala Jana Zwyrtek Hamplov\u00e1.<\/p>\n<p><span style=\"font-size: 18pt;\"><strong>A vzpom\u00edn\u00e1te na dareb\u00e1ka z \u010cesk\u00e9 televize pseudonovin\u00e1\u0159e Etzlera?<\/strong><\/span><\/p>\n<table>\n<tbody>\n<tr>\n<td>Na Krom\u011b\u0159\u00ed\u017esku volte men\u0161\u00ed zlo, ne \u0161\u00edlenou kr\u00e1vu. Takov\u00fdm \u00fatokem \u0161okoval na Twitteru novin\u00e1\u0159 Tom\u00e1\u0161 Etzler, kter\u00fd tak podpo\u0159il kandid\u00e1tku do Sen\u00e1tu za ANO Lucii Pluha\u0159ovou na \u00fakor pr\u00e1vni\u010dky a n\u011bkdej\u0161\u00ed mohelnick\u00e9 zastupitelky Jany Zwyrtek Hamplov\u00e9. Tu ale ozna\u010den\u00ed \u201e\u0161\u00edlen\u00e1 kr\u00e1va\u201c nech\u00e1v\u00e1 chladnou.<\/td>\n<\/tr>\n<\/tbody>\n<\/table>\n<p><img decoding=\"async\" loading=\"lazy\" class=\"aligncenter\" src=\"https:\/\/www.skrytapravda.cz\/images\/blogy\/805\/2024\/3brezen\/Sn%C3%ADmek_obrazovky_10865_db4d8.webp\" alt=\"Sn\u00edmek obrazovky 10865 db4d8\" width=\"799\" height=\"712\" \/><\/p>\n<p>A v\u00edte, \u017ee za dal\u0161\u00ed ur\u00e1\u017eky Jordanky Jir\u00e1skov\u00e9 nezaplat\u00ed Etzler 60 000K\u010d pan\u00ed Jir\u00e1skov\u00e9, ale soudce Novosad to oto\u010dil a Jordanka Jir\u00e1skov\u00e1 m\u00e1 zaplatit od\u0161kodn\u011bn\u00ed, proto\u017ee Etzler pr\u00fd m\u00e1 pr\u00e1vo ka\u017ed\u00e9ho ur\u00e1\u017eet?<\/p>\n<p><span style=\"font-size: 18pt;\"><strong>Je\u0161t\u011b bude n\u011bjak\u00fd \u010das trvat, ne\u017e pan\u00ed La Justicia p\u0159estane b\u00fdt slep\u00e1 u v\u0161ech soudc\u016f!<\/strong><\/span><\/p>\n<p><a href=\"https:\/\/www.skrytapravda.cz\/z-domova\/1813-excelentni-advokatka-jana-zwyrtek-hamplova-petr-drulak-vyhozen-nepravem-rekl-definitivne-soud\">Petr Pokorn\u00fd<\/a><\/p>\n<p><a href=\"https:\/\/stranapro.cz\/\"><img decoding=\"async\" loading=\"lazy\" class=\"wp-image-40286 aligncenter\" src=\"http:\/\/www.infokuryr.cz\/n\/wp-content\/uploads\/2023\/11\/12pro-300x87.png\" alt=\"\" width=\"807\" height=\"234\" srcset=\"https:\/\/www.infokuryr.cz\/n\/wp-content\/uploads\/2023\/11\/12pro-300x87.png 300w, https:\/\/www.infokuryr.cz\/n\/wp-content\/uploads\/2023\/11\/12pro.png 366w\" sizes=\"(max-width: 807px) 100vw, 807px\" \/><\/a><\/p>\n<\/div>\n<p>&nbsp;<\/p>\n","protected":false},"excerpt":{"rendered":"<p>Jedno procento lid\u00ed tady rabuje, likviduje a vyhazuje a policie nad nimi dr\u017e\u00ed ochranu, a&#8230;<\/p>\n","protected":false},"author":2,"featured_media":50504,"comment_status":"closed","ping_status":"closed","sticky":false,"template":"","format":"standard","meta":[],"categories":[6],"tags":[5757,520,324],"_links":{"self":[{"href":"https:\/\/www.infokuryr.cz\/n\/wp-json\/wp\/v2\/posts\/50503"}],"collection":[{"href":"https:\/\/www.infokuryr.cz\/n\/wp-json\/wp\/v2\/posts"}],"about":[{"href":"https:\/\/www.infokuryr.cz\/n\/wp-json\/wp\/v2\/types\/post"}],"author":[{"embeddable":true,"href":"https:\/\/www.infokuryr.cz\/n\/wp-json\/wp\/v2\/users\/2"}],"replies":[{"embeddable":true,"href":"https:\/\/www.infokuryr.cz\/n\/wp-json\/wp\/v2\/comments?post=50503"}],"version-history":[{"count":0,"href":"https:\/\/www.infokuryr.cz\/n\/wp-json\/wp\/v2\/posts\/50503\/revisions"}],"wp:featuredmedia":[{"embeddable":true,"href":"https:\/\/www.infokuryr.cz\/n\/wp-json\/wp\/v2\/media\/50504"}],"wp:attachment":[{"href":"https:\/\/www.infokuryr.cz\/n\/wp-json\/wp\/v2\/media?parent=50503"}],"wp:term":[{"taxonomy":"category","embeddable":true,"href":"https:\/\/www.infokuryr.cz\/n\/wp-json\/wp\/v2\/categories?post=50503"},{"taxonomy":"post_tag","embeddable":true,"href":"https:\/\/www.infokuryr.cz\/n\/wp-json\/wp\/v2\/tags?post=50503"}],"curies":[{"name":"wp","href":"https:\/\/api.w.org\/{rel}","templated":true}]}}