{"id":50475,"date":"2024-03-28T00:48:51","date_gmt":"2024-03-27T23:48:51","guid":{"rendered":"https:\/\/www.infokuryr.cz\/n\/?p=50475"},"modified":"2024-03-27T18:33:39","modified_gmt":"2024-03-27T17:33:39","slug":"ukrajina-vyvlastnila-nejstarsi-pravoslavny-kostel-zeme-kvuli-vazbam-na-rusko","status":"publish","type":"post","link":"https:\/\/www.infokuryr.cz\/n\/2024\/03\/28\/ukrajina-vyvlastnila-nejstarsi-pravoslavny-kostel-zeme-kvuli-vazbam-na-rusko\/","title":{"rendered":"Ukrajina vyvlastnila nejstar\u0161\u00ed pravoslavn\u00fd kostel zem\u011b kv\u016fli vazb\u00e1m na Rusko"},"content":{"rendered":"<div id=\"fb-root\"><\/div>\n<p><span style=\"font-size: 18pt;\"><strong>Soud zru\u0161il rozhodnut\u00ed z roku 2003, kter\u00e9 umo\u017enilo ukrajinsk\u00e9 pravoslavn\u00e9 c\u00edrkvi, kter\u00e9 umo\u017enilo zmocnit se katedr\u00e1ly z 12. stolet\u00ed<\/strong><\/span><\/p>\n<p><span>Ukrajinsk\u00e1 vl\u00e1da zabavila historickou katedr\u00e1lu z 12. stolet\u00ed Ukrajinsk\u00e9 pravoslavn\u00e9 c\u00edrkvi (UOC) prost\u0159ednictv\u00edm soudn\u00edho sporu.<\/span><\/p>\n<p><span>Vl\u00e1da l\u00e9ta pron\u00e1sleduje UOC a tla\u010d\u00ed na kn\u011bze a v\u011b\u0159\u00edc\u00ed, aby p\u0159e\u0161li na Kyjevem schv\u00e1len\u00e9 pravoslavn\u00e9 c\u00edrkve na Ukrajin\u011b.\u00a0\u010clenov\u00e9 kanonick\u00e9 c\u00edrkve byli obvin\u011bni z toho, \u017ee jsou ru\u0161t\u00ed kolaboranti.<\/span><\/p>\n<p><span>Soudn\u00ed bitva o katedr\u00e1lu Nanebevzet\u00ed Panny Marie v Kanevu v \u010cerkask\u00e9 oblasti, asi 90 km jihov\u00fdchodn\u011b od Kyjeva, skon\u010dila v\u00edt\u011bzstv\u00edm vl\u00e1dy, ozn\u00e1mila ve st\u0159edu kancel\u00e1\u0159 gener\u00e1ln\u00edho prokur\u00e1tora.\u00a0Jeho region\u00e1ln\u00ed pobo\u010dka zajistila rozhodnut\u00ed ve sv\u016fj prosp\u011bch pot\u00e9, co tvrdila, \u017ee rozhodnut\u00ed m\u011bstsk\u00fdch \u00fa\u0159edn\u00edk\u016f z roku 2003, kter\u00e9 umo\u017enilo UOC p\u0159evz\u00edt budovu, bylo nez\u00e1konn\u00e9.\u00a0C\u00edrkev nyn\u00ed p\u0159ejde do vlastnictv\u00ed st\u00e1tu.<\/span><\/p>\n<p><span>Katedr\u00e1la byla p\u016fvodn\u011b postavena v roce 1144 na p\u0159\u00edkaz kn\u00ed\u017eete Vsevoloda II. Olgovi\u010de z Kyjeva, kr\u00e1tce p\u0159ed jeho smrt\u00ed.\u00a0Pojmenov\u00e1n po sv. Ji\u0159\u00ed, pozd\u011bji byl znovu zasv\u011bcen Nanebevzet\u00ed Panny Marie.<\/span><\/p>\n<p><span>Je to nejstar\u0161\u00ed kostel na Ukrajin\u011b, i kdy\u017e jeho dne\u0161n\u00ed podoba je v\u00fdsledkem gener\u00e1ln\u00ed opravy v roce 1833, kdy byl prakticky p\u0159estav\u011bn z ruin.\u00a0V 70. letech 20. stolet\u00ed sov\u011btsk\u00e1 vl\u00e1da budovu vyu\u017eila pro muzeum lidov\u00e9ho um\u011bn\u00ed.\u00a0V roce 1990 byly v kostele obnoveny n\u00e1bo\u017eensk\u00e9 ob\u0159ady.<\/span><\/p>\n<p><span>Prokur\u00e1to\u0159i ocenili ukrajinskou bezpe\u010dnostn\u00ed slu\u017ebu (SBU) za p\u0159\u00edpravu d\u016fkaz\u016f pro civiln\u00ed proces.\u00a0Prohl\u00e1\u0161en\u00ed odhadlo hodnotu nemovitosti na v\u00edce ne\u017e 216 000 $.<\/span><\/p>\n<p><span>Ukrajinsk\u00e1 tajn\u00e1 slu\u017eba SBU byla \u00fazce zapojena do ukrajinsk\u00e9ho z\u00e1tahu proti UOC, kter\u00e1 m\u00e1 historick\u00e9 vazby s Ruskou pravoslavnou c\u00edrkv\u00ed. Agenti podnikaj\u00ed od konce roku 2022 razie na kostely a kl\u00e1\u0161tery, aby na\u0161li d\u016fkazy o \u00fadajn\u00e9 tajn\u00e9 dohod\u011b s Moskvou.<\/span><\/p>\n<p><span>V samostatn\u00e9 r\u00e1n\u011b \u010cerkask\u00e9 diec\u00e9zi UOC tento t\u00fdden soud zam\u00edtl jej\u00ed odvol\u00e1n\u00ed proti vyvlastn\u011bn\u00ed pozemk\u016f obklopuj\u00edc\u00edch katedr\u00e1lu sv. Michaela v \u010cerkas\u00edch.\u00a0M\u011bstsk\u00e1 rada ho podle ukrajinsk\u00fdch m\u00e9di\u00ed hodl\u00e1 prom\u011bnit v park.\u00a0P\u016fvodn\u00ed rozsudek padl loni v z\u00e1\u0159\u00ed.<\/span><\/p>\n<p><img decoding=\"async\" loading=\"lazy\" class=\"alignnone size-full wp-image-1185\" src=\"http:\/\/www.infokuryr.cz\/n\/wp-content\/uploads\/2021\/04\/kuryr-podpis.png\" alt=\"\" width=\"84\" height=\"24\" \/><\/p>\n<p>&nbsp;<\/p>\n","protected":false},"excerpt":{"rendered":"<p>Soud zru\u0161il rozhodnut\u00ed z roku 2003, kter\u00e9 umo\u017enilo ukrajinsk\u00e9 pravoslavn\u00e9 c\u00edrkvi, kter\u00e9 umo\u017enilo zmocnit se&#8230;<\/p>\n","protected":false},"author":2,"featured_media":50476,"comment_status":"closed","ping_status":"closed","sticky":false,"template":"","format":"standard","meta":[],"categories":[7],"tags":[798,250,26,2045],"_links":{"self":[{"href":"https:\/\/www.infokuryr.cz\/n\/wp-json\/wp\/v2\/posts\/50475"}],"collection":[{"href":"https:\/\/www.infokuryr.cz\/n\/wp-json\/wp\/v2\/posts"}],"about":[{"href":"https:\/\/www.infokuryr.cz\/n\/wp-json\/wp\/v2\/types\/post"}],"author":[{"embeddable":true,"href":"https:\/\/www.infokuryr.cz\/n\/wp-json\/wp\/v2\/users\/2"}],"replies":[{"embeddable":true,"href":"https:\/\/www.infokuryr.cz\/n\/wp-json\/wp\/v2\/comments?post=50475"}],"version-history":[{"count":0,"href":"https:\/\/www.infokuryr.cz\/n\/wp-json\/wp\/v2\/posts\/50475\/revisions"}],"wp:featuredmedia":[{"embeddable":true,"href":"https:\/\/www.infokuryr.cz\/n\/wp-json\/wp\/v2\/media\/50476"}],"wp:attachment":[{"href":"https:\/\/www.infokuryr.cz\/n\/wp-json\/wp\/v2\/media?parent=50475"}],"wp:term":[{"taxonomy":"category","embeddable":true,"href":"https:\/\/www.infokuryr.cz\/n\/wp-json\/wp\/v2\/categories?post=50475"},{"taxonomy":"post_tag","embeddable":true,"href":"https:\/\/www.infokuryr.cz\/n\/wp-json\/wp\/v2\/tags?post=50475"}],"curies":[{"name":"wp","href":"https:\/\/api.w.org\/{rel}","templated":true}]}}