{"id":50455,"date":"2024-03-28T00:41:29","date_gmt":"2024-03-27T23:41:29","guid":{"rendered":"https:\/\/www.infokuryr.cz\/n\/?p=50455"},"modified":"2024-03-27T17:55:23","modified_gmt":"2024-03-27T16:55:23","slug":"bezpecnostni-sluzby-provedly-razii-v-domech-polskych-opozicnich-politiku","status":"publish","type":"post","link":"https:\/\/www.infokuryr.cz\/n\/2024\/03\/28\/bezpecnostni-sluzby-provedly-razii-v-domech-polskych-opozicnich-politiku\/","title":{"rendered":"Bezpe\u010dnostn\u00ed slu\u017eby provedly razii v domech polsk\u00fdch opozi\u010dn\u00edch politik\u016f"},"content":{"rendered":"<div id=\"fb-root\"><\/div>\n<p><span style=\"font-size: 18pt;\"><strong>B\u00fdval\u00e9mu ministru spravedlnosti Zbigniewu Ziobrovi, kter\u00fd se v nemocnici l\u00e9\u010dil s rakovinou, vylomily domovn\u00ed dve\u0159e a domov byla prohled\u00e1na bez p\u0159\u00edtomnosti jak\u00e9hokoliv \u010dlena rodiny nebo pr\u00e1vn\u00edho z\u00e1stupce<\/strong><\/span><\/p>\n<p><span>V domovech b\u00fdval\u00e9ho ministra spravedlnosti Zbigniewa Ziobra a dal\u0161\u00edch osob napojen\u00fdch na jeho stranu Suver\u00e9nn\u00ed Polsko, kter\u00e1 je spojencem Pr\u00e1vo a spravedlnost (PiS), provedly v \u00fater\u00fd bezpe\u010dnostn\u00ed slu\u017eby na p\u0159\u00edkaz st\u00e1tn\u00edch z\u00e1stupc\u016f razii kv\u016fli \u00fadajn\u00e9mu zneu\u017e\u00edv\u00e1n\u00ed v zemi z vypl\u00e1cen\u00ed ve\u0159ejn\u00fdch prost\u0159edk\u016f.<\/span><\/p>\n<p><span>\u00da\u0159aduj\u00edc\u00ed v\u016fdce suver\u00e9nn\u00edho Polska\u00a0<\/span><a class=\"ek-link\" href=\"https:\/\/www.rmx.news\/article\/exclusive-hungary-and-poland-must-stand-together-or-face-the-consequences-says-polish-mep-patryk-jaki\/\"><span>Patryk Jaki<\/span><\/a><span>\u00a0ozn\u00e1mil, \u017ee \u00fa\u0159ady \u201evnikly do Ziobrova domu na p\u0159\u00edkaz Tuskov\u00fdch a Bodnarov\u00fdch neo-prokur\u00e1tor\u016f\u201c.\u00a0Posledn\u00ed jmenovan\u00fd je odkazem na premi\u00e9ra Donalda Tuska a jeho ministra spravedlnosti Adama Bodnara, kte\u0159\u00ed jmenovali st\u00e1tn\u00ed z\u00e1stupce bez po\u017eadovan\u00e9 konzultace s prezidentem.\u00a0<\/span><\/p>\n<figure class=\"wp-block-embed is-type-rich is-provider-twitter wp-block-embed-twitter\">\n<div class=\"wp-block-embed__wrapper\">\n<div class=\"twitter-tweet twitter-tweet-rendered\"><iframe id=\"twitter-widget-0\" class=\"\" title=\"X Post\" src=\"https:\/\/platform.twitter.com\/embed\/Tweet.html?dnt=true&amp;embedId=twitter-widget-0&amp;features=eyJ0ZndfdGltZWxpbmVfbGlzdCI6eyJidWNrZXQiOltdLCJ2ZXJzaW9uIjpudWxsfSwidGZ3X2ZvbGxvd2VyX2NvdW50X3N1bnNldCI6eyJidWNrZXQiOnRydWUsInZlcnNpb24iOm51bGx9LCJ0ZndfdHdlZXRfZWRpdF9iYWNrZW5kIjp7ImJ1Y2tldCI6Im9uIiwidmVyc2lvbiI6bnVsbH0sInRmd19yZWZzcmNfc2Vzc2lvbiI6eyJidWNrZXQiOiJvbiIsInZlcnNpb24iOm51bGx9LCJ0ZndfZm9zbnJfc29mdF9pbnRlcnZlbnRpb25zX2VuYWJsZWQiOnsiYnVja2V0Ijoib24iLCJ2ZXJzaW9uIjpudWxsfSwidGZ3X21peGVkX21lZGlhXzE1ODk3Ijp7ImJ1Y2tldCI6InRyZWF0bWVudCIsInZlcnNpb24iOm51bGx9LCJ0ZndfZXhwZXJpbWVudHNfY29va2llX2V4cGlyYXRpb24iOnsiYnVja2V0IjoxMjA5NjAwLCJ2ZXJzaW9uIjpudWxsfSwidGZ3X3Nob3dfYmlyZHdhdGNoX3Bpdm90c19lbmFibGVkIjp7ImJ1Y2tldCI6Im9uIiwidmVyc2lvbiI6bnVsbH0sInRmd19kdXBsaWNhdGVfc2NyaWJlc190b19zZXR0aW5ncyI6eyJidWNrZXQiOiJvbiIsInZlcnNpb24iOm51bGx9LCJ0ZndfdXNlX3Byb2ZpbGVfaW1hZ2Vfc2hhcGVfZW5hYmxlZCI6eyJidWNrZXQiOiJvbiIsInZlcnNpb24iOm51bGx9LCJ0ZndfdmlkZW9faGxzX2R5bmFtaWNfbWFuaWZlc3RzXzE1MDgyIjp7ImJ1Y2tldCI6InRydWVfYml0cmF0ZSIsInZlcnNpb24iOm51bGx9LCJ0ZndfbGVnYWN5X3RpbWVsaW5lX3N1bnNldCI6eyJidWNrZXQiOnRydWUsInZlcnNpb24iOm51bGx9LCJ0ZndfdHdlZXRfZWRpdF9mcm9udGVuZCI6eyJidWNrZXQiOiJvbiIsInZlcnNpb24iOm51bGx9fQ%3D%3D&amp;frame=false&amp;hideCard=false&amp;hideThread=false&amp;id=1772532620041056706&amp;lang=cs&amp;origin=https%3A%2F%2Fwww.rmx.news%2Farticle%2Fhomes-of-polish-opposition-politicians-raided-by-security-services%2F&amp;sessionId=12405c940d504ee5948ce5c198d304a52e65fa76&amp;theme=light&amp;widgetsVersion=2615f7e52b7e0%3A1702314776716&amp;width=550px\" frameborder=\"0\" scrolling=\"no\" allowfullscreen=\"allowfullscreen\" data-tweet-id=\"1772532620041056706\" data-mce-fragment=\"1\"><\/iframe><\/div>\n<\/div>\n<\/figure>\n<p><span>Jaki tak\u00e9 potvrdil, \u017ee razie prob\u011bhly v domech b\u00fdval\u00fdch n\u00e1m\u011bstk\u016f ministr\u016f spravedlnosti Micha\u0142a Wo\u015be a Marcina Romanowsk\u00e9ho, obou \u010dlen\u016f suver\u00e9nn\u00edho Polska, a tak\u00e9 dal\u0161\u00edho poslance strany Dariusze Mateckiho.<\/span><\/p>\n<p><a class=\"ek-link\" href=\"https:\/\/www.rmx.news\/poland\/eu-justice-commissioner-reynders-visits-poland-a-display-of-subservience-over-sovereignty\/\"><span>B\u00fdval\u00fd ministr spravedlnosti Zbigniew Ziobro<\/span><\/a><span>\u00a0, kter\u00fd se v nemocnici u\u017e m\u011bs\u00edce l\u00e9\u010d\u00ed s rakovinou, nebyl doma, kdy\u017e v \u00fater\u00fd v 6 hodin r\u00e1no dorazili do jeho prostor d\u016fstojn\u00edci Agentury pro vnit\u0159n\u00ed bezpe\u010dnost (ABW).\u00a0Ani\u017e by se \u00fa\u0159ady pokusily kontaktovat b\u00fdval\u00e9ho ministra, kter\u00fd je st\u00e1le poslancem, vylomily dve\u0159e ke vstupu do objektu a prohledaly prostory bez p\u0159\u00edtomnosti dal\u0161\u00edch \u010dlen\u016f rodiny Ziobra nebo jeho pr\u00e1vn\u00edk\u016f.\u00a0<\/span><\/p>\n<p><span>Ziobro na ve\u010dern\u00edm br\u00edfinku p\u0159ed sv\u00fdm domem \u0159ekl, \u017ee nebyl kontaktov\u00e1n, proto\u017ee m\u011bl v \u00famyslu uspo\u0159\u00e1dat pod\u00edvanou.\u00a0\u201eJe to koneckonc\u016f pod\u00edvan\u00e1 na banditismu a bezpr\u00e1v\u00ed, za kterou budou nakonec zodpov\u011bdn\u00ed ur\u010dit\u00ed jednotlivci,\u201c \u0159ekl tisku a dodal, \u017ee a\u010dkoliv zdaleka nen\u00ed v pln\u00e9 s\u00edle, vr\u00e1til se, aby \u201e\u010delil l\u017e\u00edm\u201c, kter\u00e9 se objevily ve ve\u0159ejn\u00e9m m\u00edn\u011bn\u00ed.&#8220;<\/span><\/p>\n<p><span>B\u00fdval\u00fd n\u00e1m\u011bstek ministra spravedlnosti, poslanec\u00a0<\/span><a class=\"ek-link\" href=\"https:\/\/www.rmx.news\/poland\/pis-makes-me-want-to-puke-liberal-opposition-leader-tusk-ramps-up-rhetoric-right-before-national-elections-in-poland\/\"><span>Marcin Romanowski<\/span><\/a><span>\u00a0, uvedl, \u017ee chov\u00e1n\u00ed st\u00e1tn\u00edch z\u00e1stupc\u016f a bezpe\u010dnostn\u00edch slu\u017eeb p\u0159ipom\u00edn\u00e1 sp\u00ed\u0161e \u201ev\u00fdchodn\u00ed satrapii\u201c ne\u017e demokracii.<\/span><\/p>\n<figure class=\"wp-block-embed is-type-rich is-provider-twitter wp-block-embed-twitter\">\n<div class=\"wp-block-embed__wrapper\">\n<div class=\"twitter-tweet twitter-tweet-rendered\"><iframe id=\"twitter-widget-1\" class=\"\" title=\"X Post\" src=\"https:\/\/platform.twitter.com\/embed\/Tweet.html?dnt=true&amp;embedId=twitter-widget-1&amp;features=eyJ0ZndfdGltZWxpbmVfbGlzdCI6eyJidWNrZXQiOltdLCJ2ZXJzaW9uIjpudWxsfSwidGZ3X2ZvbGxvd2VyX2NvdW50X3N1bnNldCI6eyJidWNrZXQiOnRydWUsInZlcnNpb24iOm51bGx9LCJ0ZndfdHdlZXRfZWRpdF9iYWNrZW5kIjp7ImJ1Y2tldCI6Im9uIiwidmVyc2lvbiI6bnVsbH0sInRmd19yZWZzcmNfc2Vzc2lvbiI6eyJidWNrZXQiOiJvbiIsInZlcnNpb24iOm51bGx9LCJ0ZndfZm9zbnJfc29mdF9pbnRlcnZlbnRpb25zX2VuYWJsZWQiOnsiYnVja2V0Ijoib24iLCJ2ZXJzaW9uIjpudWxsfSwidGZ3X21peGVkX21lZGlhXzE1ODk3Ijp7ImJ1Y2tldCI6InRyZWF0bWVudCIsInZlcnNpb24iOm51bGx9LCJ0ZndfZXhwZXJpbWVudHNfY29va2llX2V4cGlyYXRpb24iOnsiYnVja2V0IjoxMjA5NjAwLCJ2ZXJzaW9uIjpudWxsfSwidGZ3X3Nob3dfYmlyZHdhdGNoX3Bpdm90c19lbmFibGVkIjp7ImJ1Y2tldCI6Im9uIiwidmVyc2lvbiI6bnVsbH0sInRmd19kdXBsaWNhdGVfc2NyaWJlc190b19zZXR0aW5ncyI6eyJidWNrZXQiOiJvbiIsInZlcnNpb24iOm51bGx9LCJ0ZndfdXNlX3Byb2ZpbGVfaW1hZ2Vfc2hhcGVfZW5hYmxlZCI6eyJidWNrZXQiOiJvbiIsInZlcnNpb24iOm51bGx9LCJ0ZndfdmlkZW9faGxzX2R5bmFtaWNfbWFuaWZlc3RzXzE1MDgyIjp7ImJ1Y2tldCI6InRydWVfYml0cmF0ZSIsInZlcnNpb24iOm51bGx9LCJ0ZndfbGVnYWN5X3RpbWVsaW5lX3N1bnNldCI6eyJidWNrZXQiOnRydWUsInZlcnNpb24iOm51bGx9LCJ0ZndfdHdlZXRfZWRpdF9mcm9udGVuZCI6eyJidWNrZXQiOiJvbiIsInZlcnNpb24iOm51bGx9fQ%3D%3D&amp;frame=false&amp;hideCard=false&amp;hideThread=false&amp;id=1772662619825918342&amp;lang=cs&amp;origin=https%3A%2F%2Fwww.rmx.news%2Farticle%2Fhomes-of-polish-opposition-politicians-raided-by-security-services%2F&amp;sessionId=12405c940d504ee5948ce5c198d304a52e65fa76&amp;theme=light&amp;widgetsVersion=2615f7e52b7e0%3A1702314776716&amp;width=550px\" frameborder=\"0\" scrolling=\"no\" allowfullscreen=\"allowfullscreen\" data-tweet-id=\"1772662619825918342\" data-mce-fragment=\"1\"><\/iframe><\/div>\n<\/div>\n<\/figure>\n<p><span>Podle Romanowsk\u00e9ho \u201ePolsko ji\u017e nem\u00e1 pr\u00e1vn\u00ed st\u00e1t a je m\u00edstem, kter\u00e9 se \u0159\u00edd\u00ed hrubou silou a parlamentn\u00edmi usnesen\u00edmi.\u00a0Dodal, \u017ee st\u00e1tn\u00ed z\u00e1stupkyn\u011b, kter\u00e1 prohl\u00eddky povolila, byla nez\u00e1konn\u011b propagov\u00e1na sou\u010dasnou vl\u00e1dou, a proto by jej\u00ed jedn\u00e1n\u00ed m\u011blo b\u00fdt pova\u017eov\u00e1no za nez\u00e1konn\u00e9.<\/span><\/p>\n<p><span>Razie byly spojeny s granty v celkov\u00e9 v\u00fd\u0161i p\u0159ibli\u017en\u011b 100 milion\u016f zlot\u00fdch (23,2 milionu EUR), kter\u00e9 poskytlo ministerstvo spravedlnosti, kdy\u017e jej vedl Zbigniew Ziobro nadaci vedenou kn\u011bzem Micha\u0142em Olszewskim.\u00a0Pen\u00edze m\u011bly b\u00fdt pou\u017eity na vybudov\u00e1n\u00ed centra pro pomoc ob\u011btem trestn\u00fdch \u010din\u016f.\u00a0Minul\u00fd rok byl zat\u010den prezident stavebn\u00ed firmy buduj\u00edc\u00ed centrum na z\u00e1klad\u011b obvin\u011bn\u00ed ze zpronev\u011bry souvisej\u00edc\u00edho s projektem a objevila se obvin\u011bn\u00ed z dal\u0161\u00edch nesrovnalost\u00ed.\u00a0\u00a0<\/span><\/p>\n<p><span>Pot\u00e9, co\u00a0<\/span><a class=\"ek-link\" href=\"https:\/\/www.rmx.news\/poland\/we-are-threatened-with-chaos-and-anarchy-polands-morawiecki-raises-alarm-over-tusks-government-takeover-of-public-media-and-legal-violations\/\"><span>Tuskova vl\u00e1da<\/span><\/a><span>\u00a0v prosinci nastoupila do \u00fa\u0159adu, ministerstvo spravedlnosti ozn\u00e1milo, \u017ee pozastavilo platby Olszewsk\u00e9ho nadaci z jej\u00edho Fondu spravedlnosti.\u00a0Olszewski s\u00e1m jak\u00e9koli pochyben\u00ed pop\u0159el a Polsk\u00e1 biskupsk\u00e1 konference (KEP), \u00fast\u0159edn\u00ed org\u00e1n katolick\u00e9 c\u00edrkve v Polsku, odsoudila \u201ehrub\u011b nespravedliv\u00e9 medi\u00e1ln\u00ed \u00fatoky\u201c proti n\u011bmu jako politick\u00e9.\u00a0<\/span><\/p>\n<p><span>Marcin Romanowski tak\u00e9 obhajoval grant kn\u011b\u017esk\u00e9 nadaci, nebo\u0165 \u0161lo o centrum, kter\u00e9 m\u00e1 pom\u00e1hat \u201estovk\u00e1m ob\u011bt\u00ed n\u00e1sil\u00ed\u201c, k \u010demu\u017e je pr\u00e1v\u011b fond Justice.\u00a0Fond spravedlnosti byl vytvo\u0159en ministerstvem spravedlnosti v roce 2012, v dob\u011b, kdy byl Tusk p\u0159edt\u00edm premi\u00e9rem.\u00a0M\u011bla pomoci ob\u011btem trestn\u00fdch \u010din\u016f a pomoci p\u0159i rehabilitaci zlo\u010dinc\u016f.<\/span><\/p>\n<p><span>Ziobro byl obvin\u011bn z vyu\u017e\u00edv\u00e1n\u00ed fondu pro politick\u00e9 \u00fa\u010dely.\u00a0Patryk Jaki obvinil nov\u00e9 \u00fa\u0159ady z pou\u017e\u00edv\u00e1n\u00ed \u201egangstersk\u00fdch metod\u201c proti sv\u00fdm odp\u016frc\u016fm a z vy\u0161et\u0159ov\u00e1n\u00ed Fondu spravedlnosti \u201eproto\u017ee pouze levicov\u00e9 organizace mohou dost\u00e1vat pen\u00edze\u201c.<\/span><\/p>\n<p><img decoding=\"async\" loading=\"lazy\" class=\"alignnone size-full wp-image-1185\" src=\"http:\/\/www.infokuryr.cz\/n\/wp-content\/uploads\/2021\/04\/kuryr-podpis.png\" alt=\"\" width=\"84\" height=\"24\" \/><\/p>\n<p>&nbsp;<\/p>\n","protected":false},"excerpt":{"rendered":"<p>B\u00fdval\u00e9mu ministru spravedlnosti Zbigniewu Ziobrovi, kter\u00fd se v nemocnici l\u00e9\u010dil s rakovinou, vylomily domovn\u00ed dve\u0159e&#8230;<\/p>\n","protected":false},"author":2,"featured_media":50456,"comment_status":"closed","ping_status":"closed","sticky":false,"template":"","format":"standard","meta":[],"categories":[7],"tags":[2851,86,31],"_links":{"self":[{"href":"https:\/\/www.infokuryr.cz\/n\/wp-json\/wp\/v2\/posts\/50455"}],"collection":[{"href":"https:\/\/www.infokuryr.cz\/n\/wp-json\/wp\/v2\/posts"}],"about":[{"href":"https:\/\/www.infokuryr.cz\/n\/wp-json\/wp\/v2\/types\/post"}],"author":[{"embeddable":true,"href":"https:\/\/www.infokuryr.cz\/n\/wp-json\/wp\/v2\/users\/2"}],"replies":[{"embeddable":true,"href":"https:\/\/www.infokuryr.cz\/n\/wp-json\/wp\/v2\/comments?post=50455"}],"version-history":[{"count":0,"href":"https:\/\/www.infokuryr.cz\/n\/wp-json\/wp\/v2\/posts\/50455\/revisions"}],"wp:featuredmedia":[{"embeddable":true,"href":"https:\/\/www.infokuryr.cz\/n\/wp-json\/wp\/v2\/media\/50456"}],"wp:attachment":[{"href":"https:\/\/www.infokuryr.cz\/n\/wp-json\/wp\/v2\/media?parent=50455"}],"wp:term":[{"taxonomy":"category","embeddable":true,"href":"https:\/\/www.infokuryr.cz\/n\/wp-json\/wp\/v2\/categories?post=50455"},{"taxonomy":"post_tag","embeddable":true,"href":"https:\/\/www.infokuryr.cz\/n\/wp-json\/wp\/v2\/tags?post=50455"}],"curies":[{"name":"wp","href":"https:\/\/api.w.org\/{rel}","templated":true}]}}