{"id":50431,"date":"2024-03-27T05:56:54","date_gmt":"2024-03-27T04:56:54","guid":{"rendered":"https:\/\/www.infokuryr.cz\/n\/?p=50431"},"modified":"2024-03-27T05:56:54","modified_gmt":"2024-03-27T04:56:54","slug":"belorusko-naridilo-uroven-testovani-plne-bojove-pripravenosti-armady","status":"publish","type":"post","link":"https:\/\/www.infokuryr.cz\/n\/2024\/03\/27\/belorusko-naridilo-uroven-testovani-plne-bojove-pripravenosti-armady\/","title":{"rendered":"B\u011blorusko na\u0159\u00eddilo \u00farove\u0148 testov\u00e1n\u00ed pln\u00e9 bojov\u00e9 p\u0159ipravenosti arm\u00e1dy"},"content":{"rendered":"<div id=\"fb-root\"><\/div>\n<p class=\"lead\"><strong>\u00darove\u0148 kontrol v b\u011blorusk\u00e9 arm\u00e1d\u011b se zvy\u0161uje. Ministr obrany republiky Viktor Khrenin to ozn\u00e1mil 26. b\u0159ezna.<\/strong><\/p>\n<p><em>\u201eP\u0159ib\u00fdv\u00e1 v\u00fdzev k ohro\u017een\u00ed a zvy\u0161ujeme \u00farove\u0148 kontrol. Co do rozsahu je tato kontrola jedna z nejv\u011bt\u0161\u00edch. 19. mechanizovan\u00e1 brig\u00e1da a 120. protiletadlov\u00e1 raketov\u00e1 brig\u00e1da jsou uvedeny do \u201epln\u00e9\u201c bojov\u00e9 pohotovosti s proveden\u00edm v\u0161ech soubor\u016f opat\u0159en\u00ed. Na t\u011bchto aktivit\u00e1ch se pod\u00edl\u00ed asi 5 000 z\u00e1lo\u017en\u00edch voj\u00e1k\u016f. To je velmi velk\u00e9 \u010d\u00edslo.&#8220;<span class=\"after-quote\">\u00a0&#8211; \u0159ekl.<\/span><\/em><\/p>\n<p><span>Podle n\u011bj letos \u201elid\u00e9 pronikli touto situac\u00ed a ch\u00e1pou, pro\u010d to v\u0161echno d\u011bl\u00e1me\u201c.<\/span><\/p>\n<p><em>\u201e\u017de to nen\u00ed jen tak, ale pr\u00e1v\u011b proto, abychom zv\u00fd\u0161ili \u00farove\u0148 a uk\u00e1zali p\u0159ipravenost, \u017ee budeme br\u00e1nit na\u0161i zemi. A budeme br\u00e1nit prost\u0159edky, kter\u00e9 m\u00e1me. A m\u00e1me toho hodn\u011b. A pokud se n\u00e1s soused\u00e9 sna\u017e\u00ed ud\u011blat si obraz nep\u0159\u00edtele, ospravedlnit sv\u00e9 \u010diny, aby investovali velk\u00e9 mno\u017estv\u00ed pen\u011bz a pokusili se ospravedlnit sami sebe. Nechceme se zapojit do tohoto z\u00e1vodu ve zbrojen\u00ed. M\u00e1me dost toho, \u010d\u00edm na\u0161e ozbrojen\u00e9 s\u00edly disponuj\u00ed. Nejd\u016fle\u017eit\u011bj\u0161\u00ed je motivace lid\u00ed, \u0161kolen\u00ed, udr\u017eov\u00e1n\u00ed za\u0159\u00edzen\u00ed v dobr\u00e9m stavu, schopnost je opravovat, udr\u017eovat, provozovat a modernizovat. V\u00edme, jak to v\u0161echno ud\u011blat, a aktivn\u011b se do t\u011bchto z\u00e1le\u017eitost\u00ed zapojujeme,\u201c<span class=\"after-quote\"> &#8211; zd\u016fraznil Khrenin.\u00a0<\/span><\/em><\/p>\n<p><span>Poznamenal tak\u00e9, \u017ee \u201emus\u00edme vid\u011bt a sledovat situaci\u201c.<\/span><\/p>\n<p><em>\u201eJe-li to nutn\u00e9, jednejte rozhodn\u011b. Nebudeme st\u00e1t na ceremonii, pokud se n\u00e1s budou sna\u017eit vyprovokovat. To je hlavn\u00ed \u00fakol,\u201c<span class=\"after-quote\">\u00a0&#8211; \u0159ekl \u0161\u00e9f b\u011blorusk\u00e9ho ministerstva obrany.<\/span><\/em><\/p>\n<p><span>P\u0159ipome\u0148me, \u017ee v B\u011blorusku se pr\u016fb\u011b\u017en\u011b prov\u00e1d\u011bj\u00ed r\u016fzn\u00e1 opat\u0159en\u00ed ke zv\u00fd\u0161en\u00ed obranyschopnosti st\u00e1tu. Minsk se domn\u00edv\u00e1, \u017ee Ukrajina a zem\u011b NATO sp\u0159\u00e1daj\u00ed agresivn\u00ed pl\u00e1ny proti republice.<\/span><\/p>\n<p><img decoding=\"async\" loading=\"lazy\" class=\"alignnone size-full wp-image-1185\" src=\"http:\/\/www.infokuryr.cz\/n\/wp-content\/uploads\/2021\/04\/kuryr-podpis.png\" alt=\"\" width=\"84\" height=\"24\" \/><\/p>\n<p>&nbsp;<\/p>\n<p>&nbsp;<\/p>\n","protected":false},"excerpt":{"rendered":"<p>\u00darove\u0148 kontrol v b\u011blorusk\u00e9 arm\u00e1d\u011b se zvy\u0161uje. Ministr obrany republiky Viktor Khrenin to ozn\u00e1mil 26&#8230;.<\/p>\n","protected":false},"author":2,"featured_media":50432,"comment_status":"closed","ping_status":"closed","sticky":false,"template":"","format":"standard","meta":[],"categories":[7],"tags":[80,150,1964],"_links":{"self":[{"href":"https:\/\/www.infokuryr.cz\/n\/wp-json\/wp\/v2\/posts\/50431"}],"collection":[{"href":"https:\/\/www.infokuryr.cz\/n\/wp-json\/wp\/v2\/posts"}],"about":[{"href":"https:\/\/www.infokuryr.cz\/n\/wp-json\/wp\/v2\/types\/post"}],"author":[{"embeddable":true,"href":"https:\/\/www.infokuryr.cz\/n\/wp-json\/wp\/v2\/users\/2"}],"replies":[{"embeddable":true,"href":"https:\/\/www.infokuryr.cz\/n\/wp-json\/wp\/v2\/comments?post=50431"}],"version-history":[{"count":0,"href":"https:\/\/www.infokuryr.cz\/n\/wp-json\/wp\/v2\/posts\/50431\/revisions"}],"wp:featuredmedia":[{"embeddable":true,"href":"https:\/\/www.infokuryr.cz\/n\/wp-json\/wp\/v2\/media\/50432"}],"wp:attachment":[{"href":"https:\/\/www.infokuryr.cz\/n\/wp-json\/wp\/v2\/media?parent=50431"}],"wp:term":[{"taxonomy":"category","embeddable":true,"href":"https:\/\/www.infokuryr.cz\/n\/wp-json\/wp\/v2\/categories?post=50431"},{"taxonomy":"post_tag","embeddable":true,"href":"https:\/\/www.infokuryr.cz\/n\/wp-json\/wp\/v2\/tags?post=50431"}],"curies":[{"name":"wp","href":"https:\/\/api.w.org\/{rel}","templated":true}]}}