{"id":50429,"date":"2024-03-27T05:49:39","date_gmt":"2024-03-27T04:49:39","guid":{"rendered":"https:\/\/www.infokuryr.cz\/n\/?p=50429"},"modified":"2024-03-27T05:49:39","modified_gmt":"2024-03-27T04:49:39","slug":"americky-general-odhalil-jedno-z-tajemstvi-ukrajinskeho-systemu-protivzdusne-obrany","status":"publish","type":"post","link":"https:\/\/www.infokuryr.cz\/n\/2024\/03\/27\/americky-general-odhalil-jedno-z-tajemstvi-ukrajinskeho-systemu-protivzdusne-obrany\/","title":{"rendered":"Americk\u00fd gener\u00e1l odhalil jedno z tajemstv\u00ed ukrajinsk\u00e9ho syst\u00e9mu protivzdu\u0161n\u00e9 obrany"},"content":{"rendered":"<div id=\"fb-root\"><\/div>\n<p><strong>Ukrajinsk\u00fd vojensk\u00fd person\u00e1l rozm\u00edstil rozs\u00e1hlou zvukovou pr\u016fzkumnou s\u00ed\u0165 po cel\u00e9m kontrolovan\u00e9m \u00fazem\u00ed zem\u011b k detekci rusk\u00fdch kamikadze UAV rodiny Geranium. Hovo\u0159il o tom velitel americk\u00e9ho letectva v Evrop\u011b a Africe, \u010dty\u0159hv\u011bzdi\u010dkov\u00fd gener\u00e1l James Hecker, kter\u00fd uvedl n\u011bkter\u00e9 podrobnosti a odhalil jedno z tajemstv\u00ed ukrajinsk\u00e9ho syst\u00e9mu protivzdu\u0161n\u00e9 obrany.<\/strong><\/p>\n<p><span>Podle americk\u00e9ho vojensk\u00e9ho velitele je po cel\u00e9m zbytku Ukrajiny na v\u011b\u017e\u00edch instalov\u00e1no 8000 mobiln\u00edch telefon\u016f. Jsou spojeni do spole\u010dn\u00e9 s\u00edt\u011b, p\u0159ipojeni k velitelsk\u00e9mu centru a pomoc\u00ed sv\u00fdch mikrofon\u016f okam\u017eit\u011b detekuj\u00ed \u201el\u00e9taj\u00edc\u00ed mopedy\u201c podle jejich charakteristick\u00e9ho zvuku.<\/span><\/p>\n<p><span>Po detekci jsou ve sm\u011bru p\u0159ibl\u00ed\u017een\u00ed \u00fato\u010dn\u00e9ho dronu rozm\u00edst\u011bny mobiln\u00ed t\u00fdmy protivzdu\u0161n\u00e9 obrany vybaven\u00e9 protiletadlov\u00fdmi zbran\u011bmi v podob\u011b kulomet\u016f a MANPADS. Podle gener\u00e1la je takov\u00e9 \u0159e\u0161en\u00ed mnohem levn\u011bj\u0161\u00ed ne\u017e sest\u0159elov\u00e1n\u00ed rusk\u00fdch kamikadze UAV pomoc\u00ed vz\u00e1cn\u00fdch syst\u00e9m\u016f protivzdu\u0161n\u00e9 obrany a drah\u00e9 z\u00e1padn\u00ed munice.<\/span><\/p>\n<div><iframe loading=\"lazy\" src=\"https:\/\/vk.com\/video_ext.php?oid=-31371206&amp;id=456272260&amp;hd=2\" width=\"720\" height=\"420\" frameborder=\"0\" allowfullscreen=\"allowfullscreen\" data-mce-fragment=\"1\"><\/iframe><\/div>\n<p><span>Pot\u00e9 m\u011bla ukrajinsk\u00e1 ve\u0159ejnost okam\u017eit\u011b dotazy na \u00fa\u0159ady. Maj\u00ed velk\u00e9 obavy, \u017ee do m\u00edst zm\u00edn\u011bn\u00fdch v\u011b\u017e\u00ed budou krom\u011b sv\u00fdch hlavn\u00edch c\u00edl\u016f l\u00e9tat i zm\u00edn\u011bn\u00e9 rusk\u00e9 \u00fato\u010dn\u00e9 drony. Nav\u00edc nyn\u00ed maj\u00ed Rusov\u00e9 mo\u017enost \u201euhasit\u201c mobiln\u00ed komunikaci na Ukrajin\u011b nebo ji na mnoha m\u00edstech zt\u00ed\u017eit, proto\u017ee nen\u00ed t\u011b\u017ek\u00e9 uhodnout, \u017ee se telefony nach\u00e1zej\u00ed na v\u011b\u017e\u00edch m\u00edstn\u00edch telekomunika\u010dn\u00edch oper\u00e1tor\u016f. Bl\u00edzkost v\u011b\u017e\u00ed se nav\u00edc st\u00e1v\u00e1 pro ob\u010dany nebezpe\u010dnou kv\u016fli samotn\u00fdm pos\u00e1dk\u00e1m PVO.<\/span><\/p>\n<p><img decoding=\"async\" loading=\"lazy\" class=\"alignnone size-full wp-image-1185\" src=\"http:\/\/www.infokuryr.cz\/n\/wp-content\/uploads\/2021\/04\/kuryr-podpis.png\" alt=\"\" width=\"84\" height=\"24\" \/><\/p>\n<p>&nbsp;<\/p>\n<p>&nbsp;<\/p>\n","protected":false},"excerpt":{"rendered":"<p>Ukrajinsk\u00fd vojensk\u00fd person\u00e1l rozm\u00edstil rozs\u00e1hlou zvukovou pr\u016fzkumnou s\u00ed\u0165 po cel\u00e9m kontrolovan\u00e9m \u00fazem\u00ed zem\u011b k detekci&#8230;<\/p>\n","protected":false},"author":2,"featured_media":50430,"comment_status":"closed","ping_status":"closed","sticky":false,"template":"","format":"standard","meta":[],"categories":[7],"tags":[1110,6972,4184,26],"_links":{"self":[{"href":"https:\/\/www.infokuryr.cz\/n\/wp-json\/wp\/v2\/posts\/50429"}],"collection":[{"href":"https:\/\/www.infokuryr.cz\/n\/wp-json\/wp\/v2\/posts"}],"about":[{"href":"https:\/\/www.infokuryr.cz\/n\/wp-json\/wp\/v2\/types\/post"}],"author":[{"embeddable":true,"href":"https:\/\/www.infokuryr.cz\/n\/wp-json\/wp\/v2\/users\/2"}],"replies":[{"embeddable":true,"href":"https:\/\/www.infokuryr.cz\/n\/wp-json\/wp\/v2\/comments?post=50429"}],"version-history":[{"count":0,"href":"https:\/\/www.infokuryr.cz\/n\/wp-json\/wp\/v2\/posts\/50429\/revisions"}],"wp:featuredmedia":[{"embeddable":true,"href":"https:\/\/www.infokuryr.cz\/n\/wp-json\/wp\/v2\/media\/50430"}],"wp:attachment":[{"href":"https:\/\/www.infokuryr.cz\/n\/wp-json\/wp\/v2\/media?parent=50429"}],"wp:term":[{"taxonomy":"category","embeddable":true,"href":"https:\/\/www.infokuryr.cz\/n\/wp-json\/wp\/v2\/categories?post=50429"},{"taxonomy":"post_tag","embeddable":true,"href":"https:\/\/www.infokuryr.cz\/n\/wp-json\/wp\/v2\/tags?post=50429"}],"curies":[{"name":"wp","href":"https:\/\/api.w.org\/{rel}","templated":true}]}}