{"id":50403,"date":"2024-03-27T00:43:34","date_gmt":"2024-03-26T23:43:34","guid":{"rendered":"https:\/\/www.infokuryr.cz\/n\/?p=50403"},"modified":"2024-03-26T19:44:35","modified_gmt":"2024-03-26T18:44:35","slug":"premysl-votava-na-belehrad","status":"publish","type":"post","link":"https:\/\/www.infokuryr.cz\/n\/2024\/03\/27\/premysl-votava-na-belehrad\/","title":{"rendered":"P\u0159emysl Votava: Na B\u011blehrad \u2026."},"content":{"rendered":"<div id=\"fb-root\"><\/div>\n<p><strong>Nejde o slavn\u00e9 \u0160vejkovo ta\u017een\u00ed z doby mocn\u00e1\u0159stv\u00ed, kter\u00e9 n\u00e1s vehnalo do prvn\u00ed sv\u011btov\u00e9 v\u00e1lky, jde o ud\u00e1losti ned\u00e1vn\u00e9. V t\u011bchto dnech si p\u0159ipom\u00edn\u00e1me 25.v\u00fdro\u010d\u00ed zah\u00e1jen\u00ed agrese NATO proti lidu Jugosl\u00e1vie. Od onoho tragick\u00e9ho dne 24. b\u0159ezna 1999 ji\u017e uplynulo 25let. Kolem tohoto v\u00fdro\u010d\u00ed se dnes potichu na\u0161lapuje. Neuvid\u00edte na obrazovk\u00e1ch ob\u011bti bombardov\u00e1n\u00ed, pla\u010d\u00edc\u00ed srbsk\u00e9 \u017eeny, d\u011bti, neuvid\u00edme zni\u010den\u00e1 srbsk\u00e1 m\u011bsta, ho\u0159\u00edc\u00ed B\u011blehrad.<\/strong><\/p>\n<p>Tzv. humanit\u00e1rn\u00ed bombardov\u00e1n\u00ed Jugosl\u00e1vie trvalo dlouh\u00fdch 78 dn\u00ed, t\u011bch ob\u011bt\u00ed n\u00e1let\u016f bylo na tis\u00edce, um\u00edraly d\u011bti i \u017eeny, k tomu zni\u010den\u00e1 m\u011bsta, mosty, nemocnice, \u0161koly, domovy d\u016fchodc\u016f \u2026 \u0161kody \u0161ly do des\u00edtek miliard dolar\u016f. Bomby i ty kazetov\u00e9, rakety, to v\u0161e dopadalo p\u0159edev\u0161\u00edm na Srbsko a Kosovo. Nutno je\u0161t\u011b zd\u016fraznit, \u017ee tento akt agrese NATO se uskute\u010dnil bez mand\u00e1tu RB OSN! P\u0159ed 25lety byla \u010cesk\u00e1 republika zneu\u017eita k v\u00e1le\u010dn\u00e9mu ta\u017een\u00ed. Tuto hanbu p\u0159ipojen\u00ed k\u00a0agresor\u016fm budeme na\u0161im politik\u016fm p\u0159ipom\u00ednat. Na\u0161i p\u0159edkov\u00e9 byli state\u010dn\u011bj\u0161\u00ed! Nepochodovali na v\u00fdchodn\u00ed frontu, ba naopak postavili se n\u011bmeck\u00e9mu agresorovi.<\/p>\n<p>Agrese proti Jugosl\u00e1vii se stala s na\u0161\u00edm souhlasem, byli jsme jen n\u011bkolik dn\u016f v NATO. P\u0159esto jsme zbab\u011ble k\u00fdvli, tedy ne my ob\u010dan\u00e9, ale vl\u00e1da Milo\u0161e Zemana a prezident V\u00e1clav Havel. Nezapome\u0148me ale tak\u00e9 na Ivana Davida nebo ji\u017e zem\u0159el\u00e9ho Eduarda Zemana, kte\u0159\u00ed na jedn\u00e1n\u00ed vl\u00e1dy zvedli ruku proti.<\/p>\n<p><a href=\"https:\/\/stranapro.cz\/\"><img decoding=\"async\" loading=\"lazy\" class=\"alignnone wp-image-40285 aligncenter\" src=\"http:\/\/www.infokuryr.cz\/n\/wp-content\/uploads\/2023\/11\/11pro-300x79.png\" alt=\"\" width=\"547\" height=\"144\" srcset=\"https:\/\/www.infokuryr.cz\/n\/wp-content\/uploads\/2023\/11\/11pro-300x79.png 300w, https:\/\/www.infokuryr.cz\/n\/wp-content\/uploads\/2023\/11\/11pro.png 363w\" sizes=\"(max-width: 547px) 100vw, 547px\" \/><\/a><\/p>\n<p>Stud v sob\u011b c\u00edt\u00edm dodnes. V t\u00e9to souvislosti stoji za to p\u0159ipomenout v\u00fdrok tehdej\u0161\u00edho \u010desk\u00e9ho prezidenta V\u00e1clava Havla, kter\u00fd pro v\u00fdznamn\u00fd francouzsk\u00fd den\u00edk Le Monde uvedl: \u201e Domn\u00edv\u00e1m se, \u017ee b\u011bhem z\u00e1sahu NATO existuje jeden \u010dinitel, o kter\u00e9m nikdo nem\u016f\u017ee pochybovat, n\u00e1lety, bomby, nejsou vyvol\u00e1ny hmotn\u00fdm z\u00e1jmem. Jejich povaha je v\u00fdlu\u010dn\u011b humanit\u00e1rn\u00ed\u2026 Havlova slova o bombardov\u00e1n\u00ed v\u00fdhradn\u011b humanit\u00e1rn\u00ed povahy uvedla i agentura AFP 28. dubna 1999. Velmi absurdn\u00ed a lidsky poklesl\u00fd humanismus.<\/p>\n<p>\u010cern\u00e1 ka\u0148ka studu z\u016fstane natrvalo v historii na\u0161ich slovansk\u00fdch n\u00e1rod\u016f. Jugosl\u00e1vie byla poko\u0159ena, provincie Kosovo a Metochie byla odtr\u017eena. \u00dakol NATO byl spln\u011bn, jen ten stud v n\u00e1s z\u016fstal.<\/p>\n<p>N\u00e1rody Jugosl\u00e1vie to jsou pro n\u00e1s p\u0159edev\u0161\u00edm na\u0161i bl\u00edzc\u00ed Srbov\u00e9, ale i dal\u0161\u00ed Slovan\u00e9 Chorvati, Slovinci, Makedonci, \u010cernohorci\u2026 D\u011bjiny ji\u017en\u00edch Slovan\u016f, jsou sou\u010d\u00e1st\u00ed na\u0161ich d\u011bjin. Spole\u010dn\u011b jsme \u201ebourali\u201c Rakousko-Uhersko, spole\u010dn\u011b i kladli odpor n\u011bmeck\u00e9 agresi. Vedle Slovenska, n\u00e1m nen\u00ed bli\u017e\u0161\u00edho n\u00e1roda ne\u017e Srbov\u00e9. Jak v dob\u011b Mnichova, tak i v srpnu 1968 jsme k Jugosl\u00e1vii vzhl\u00ed\u017eeli s \u00factou, nad\u011bj\u00ed, ale i s l\u00e1skou. Oni n\u00e1s nikdy nezradili, naopak tis\u00edce na\u0161ich b\u011b\u017eenc\u016f na\u0161lo u nich pomoc. Jugosl\u00e1vie tak\u00e9 akt Mnichova i agresi st\u00e1t\u016f Var\u0161avsk\u00e9 smlouvy v\u016f\u010di \u010ceskoslovensku odsoudila.<\/p>\n<p>Ostatn\u011b Srbov\u00e9 dvakr\u00e1t pomohli i rodin\u011b jist\u00e9ho Josefa K\u00f6rbela, jeho\u017e dcera, nechvaln\u011b zn\u00e1m\u00e1 Madeleine Albrightov\u00e1, se tak zle podepsala na srbsk\u00e9 trag\u00e9dii.<\/p>\n<p>N\u011bkolikr\u00e1t jsem posed\u011bl s prof. Rajko Dole\u010dkem (1925 \u2013 2017), v\u00fdznamn\u00fdm l\u00e9ka\u0159em, ale p\u0159edev\u0161\u00edm state\u010dn\u00fdm srbsk\u00fdm vlastencem, kter\u00fd nic nevzd\u00e1val. Po mamince Srb, po tat\u00ednkovi \u010cech. Prof. Rajko Dole\u010dek byl tak\u00e9 jedn\u00edm z posledn\u00edch aktivn\u00edch \u00fa\u010dastn\u00edk\u016f druh\u00e9 sv\u011btov\u00e9 v\u00e1lky. Jugosl\u00e1vsk\u00fd partyz\u00e1n. Od roku 1948 \u017eil v Praze. A\u017e do konce sv\u00fdch dn\u016f se nesm\u00ed\u0159il s rozpadem a pon\u00ed\u017een\u00edm Jugosl\u00e1vie.<\/p>\n<p>N\u00e1rody slovansk\u00e9 byly i v minulosti zneu\u017eity k vz\u00e1jemn\u00e9 agresi. P\u0159\u00edkladem je nap\u0159. slovensk\u00e9 ta\u017een\u00ed proti SSSR ve slu\u017eb\u00e1ch N\u011bmecka. Nebo posledn\u00ed ud\u00e1losti na Ukrajin\u011b. M\u00edsto hled\u00e1n\u00ed cesty k m\u00edru, bubnujeme op\u011bt k v\u00e1lce, pos\u00edl\u00e1me zbran\u011b na v\u00fdchod. Zapom\u00edn\u00e1me na historick\u00e9 zku\u0161enosti i na statis\u00edce v\u00e1le\u010dn\u00fdch ob\u011bt\u00ed&#8230;.<\/p>\n<p>Jako ob\u010dan\u00e9 \u010cesk\u00e9 republiky se v\u00e1m brat\u0159i Srbov\u00e9 omlouv\u00e1me za pod\u00edl na agresi proti va\u0161\u00ed zemi v roce 1999. Styd\u00edme se za tento v\u00e1le\u010dn\u00fd akt na\u0161ich politik\u016f.<\/p>\n<p><a href=\"https:\/\/vasevec.info\/blogy\/na-belehrad\">P\u0159emysl Votava<\/a><\/p>\n<p><img decoding=\"async\" loading=\"lazy\" class=\"alignnone size-medium wp-image-15746\" src=\"http:\/\/www.infokuryr.cz\/n\/wp-content\/uploads\/2022\/09\/votava-premysl-300x208.jpg\" alt=\"\" width=\"300\" height=\"208\" srcset=\"https:\/\/www.infokuryr.cz\/n\/wp-content\/uploads\/2022\/09\/votava-premysl-300x208.jpg 300w, https:\/\/www.infokuryr.cz\/n\/wp-content\/uploads\/2022\/09\/votava-premysl.jpg 318w\" sizes=\"(max-width: 300px) 100vw, 300px\" \/><\/p>\n<p>&nbsp;<\/p>\n","protected":false},"excerpt":{"rendered":"<p>Nejde o slavn\u00e9 \u0160vejkovo ta\u017een\u00ed z doby mocn\u00e1\u0159stv\u00ed, kter\u00e9 n\u00e1s vehnalo do prvn\u00ed sv\u011btov\u00e9 v\u00e1lky,&#8230;<\/p>\n","protected":false},"author":2,"featured_media":25072,"comment_status":"closed","ping_status":"closed","sticky":false,"template":"","format":"standard","meta":[],"categories":[6],"tags":[738,140,1503,39],"_links":{"self":[{"href":"https:\/\/www.infokuryr.cz\/n\/wp-json\/wp\/v2\/posts\/50403"}],"collection":[{"href":"https:\/\/www.infokuryr.cz\/n\/wp-json\/wp\/v2\/posts"}],"about":[{"href":"https:\/\/www.infokuryr.cz\/n\/wp-json\/wp\/v2\/types\/post"}],"author":[{"embeddable":true,"href":"https:\/\/www.infokuryr.cz\/n\/wp-json\/wp\/v2\/users\/2"}],"replies":[{"embeddable":true,"href":"https:\/\/www.infokuryr.cz\/n\/wp-json\/wp\/v2\/comments?post=50403"}],"version-history":[{"count":0,"href":"https:\/\/www.infokuryr.cz\/n\/wp-json\/wp\/v2\/posts\/50403\/revisions"}],"wp:featuredmedia":[{"embeddable":true,"href":"https:\/\/www.infokuryr.cz\/n\/wp-json\/wp\/v2\/media\/25072"}],"wp:attachment":[{"href":"https:\/\/www.infokuryr.cz\/n\/wp-json\/wp\/v2\/media?parent=50403"}],"wp:term":[{"taxonomy":"category","embeddable":true,"href":"https:\/\/www.infokuryr.cz\/n\/wp-json\/wp\/v2\/categories?post=50403"},{"taxonomy":"post_tag","embeddable":true,"href":"https:\/\/www.infokuryr.cz\/n\/wp-json\/wp\/v2\/tags?post=50403"}],"curies":[{"name":"wp","href":"https:\/\/api.w.org\/{rel}","templated":true}]}}