{"id":50401,"date":"2024-03-27T00:40:48","date_gmt":"2024-03-26T23:40:48","guid":{"rendered":"https:\/\/www.infokuryr.cz\/n\/?p=50401"},"modified":"2024-03-26T19:39:59","modified_gmt":"2024-03-26T18:39:59","slug":"jiri-paroubek-m-nemcova-kdyby-nenavist-nadnasela","status":"publish","type":"post","link":"https:\/\/www.infokuryr.cz\/n\/2024\/03\/27\/jiri-paroubek-m-nemcova-kdyby-nenavist-nadnasela\/","title":{"rendered":"Ji\u0159\u00ed Paroubek: M. N\u011bmcov\u00e1 \u2013 kdyby nen\u00e1vist nadn\u00e1\u0161ela\u2026"},"content":{"rendered":"<div id=\"fb-root\"><\/div>\n<p><strong>\u2026l\u00e9tala by tato soudru\u017eka jako holubi\u010dka.<\/strong><\/p>\n<p>Ka\u017ed\u00e1 v\u00e1lka je hnusn\u00e1 a p\u0159in\u00e1\u0161\u00ed ob\u011bti mezi civiln\u00edm obyvatelstvem. Ale i sv\u011btov\u00ed l\u00edd\u0159i dok\u00e1\u017eou vcelku jasn\u011b odli\u0161it, co je v\u00e1lka a jej\u00ed ob\u011bti a co jsou ob\u011bti teroristick\u00e9ho \u010dinu.<\/p>\n<p>V\u017edy\u0165 mezi teroristick\u00fdm \u00fatokem, jak\u00fdm se prezentoval Isl\u00e1msk\u00fd st\u00e1t v Krasnogorsku nedaleko od Moskvy, kde jeho najat\u00ed \u017eoldn\u00e9\u0159i povra\u017edili z\u0159ejm\u011b a\u017e 200 p\u0159ev\u00e1\u017en\u011b mlad\u00fdch a velmi mlad\u00fdch lid\u00ed, a v\u00e1le\u010dn\u00fdmi akcemi, je jist\u00fd rozd\u00edl. Proto p\u0159edstavitel\u00e9 st\u00e1t\u016f jako je USA, Brit\u00e1nie, Francie, N\u011bmecko ad. odsoudili tento hnusn\u00fd, barbarsk\u00fd \u00farok na nevinn\u00e9 civiln\u00ed ob\u011bti. A v\u00a0ned\u011bli dovr\u0161il plej\u00e1du t\u011bch, kdo ostr\u00fdmi slovy odsoudili tento zavr\u017een\u00edhodn\u00fd teroristick\u00fd skutek, tak\u00e9 pape\u017e Franti\u0161ek. Dokonce i teroristick\u00e9 hnut\u00ed Talib\u00e1n, kter\u00e9 ovl\u00e1d\u00e1 v\u00a0sou\u010dasn\u00e9 dob\u011b jako jednozna\u010dn\u00fd p\u00e1n Afgh\u00e1nist\u00e1n, po ostudn\u00e9m odchodu jednotek USA a jejich spojenc\u016f z t\u00e9to zem\u011b, vyj\u00e1d\u0159il zd\u011b\u0161en\u00ed nad t\u00edmto \u010dinem.<\/p>\n<p><a href=\"https:\/\/stranapro.cz\/\"><img decoding=\"async\" loading=\"lazy\" class=\"alignnone  wp-image-40285 aligncenter\" src=\"http:\/\/www.infokuryr.cz\/n\/wp-content\/uploads\/2023\/11\/11pro-300x79.png\" alt=\"\" width=\"611\" height=\"161\" srcset=\"https:\/\/www.infokuryr.cz\/n\/wp-content\/uploads\/2023\/11\/11pro-300x79.png 300w, https:\/\/www.infokuryr.cz\/n\/wp-content\/uploads\/2023\/11\/11pro.png 363w\" sizes=\"(max-width: 611px) 100vw, 611px\" \/><\/a><\/p>\n<p>Ne tak sen\u00e1torka N\u011bmcov\u00e1. Ta to Rus\u016fm spo\u010d\u00edtala \u201eza v\u0161echno\u201c, na co si jen vzpomn\u011bla. Jsou to sice nesoum\u011b\u0159iteln\u00e9 v\u011bci, ale to na\u0161\u00ed \u00fasp\u011b\u0161n\u00e9 knihkupkyni a centr\u00e1ln\u00edmu mozku ODS je \u00fapln\u011b fuk. N\u011bmcov\u00e1 zapom\u00edn\u00e1, \u017ee podobn\u00fd \u00fatok, jak\u00fd se stal v\u00a0Krasnogorsku, se m\u016f\u017ee kdykoliv objevit tak\u00e9 v\u00a0Berl\u00edn\u011b, v\u00a0Lond\u00fdn\u011b, v\u00a0Pa\u0159\u00ed\u017ei anebo v\u00a0Praze.<\/p>\n<p>Je pravda, \u017ee jedna z\u00a0odno\u017e\u00ed Isl\u00e1msk\u00e9ho st\u00e1tu je zapojena do boj\u016f na Ukrajin\u011b v \u201emezin\u00e1rodn\u00ed legii\u201c s\u00a0nezve\u0159ejn\u011bn\u00fdm po\u010dtem bojovn\u00edk\u016f. Tedy de facto d\u017eih\u00e1dist\u016f. A mezi t\u011bmito bojovn\u00edky se objevuje dokonce \u0161\u00e9f nebo im\u00e1m t\u00e9to islamistick\u00e9 frakce. Tato frakce si vy\u0159izuje \u00fa\u010dty s\u00a0Ruskem za sv\u00e9 por\u00e1\u017eky, kter\u00e9 utrp\u011bla v\u00a0\u010ce\u010densku, v\u00a0S\u00fdrii \u010di v\u00a0Ir\u00e1ku. Tedy na boji\u0161t\u00edch, kde byla zapojena rusk\u00e1 arm\u00e1da.<\/p>\n<p>Tak\u017ee \u00favahy o tom, \u017ee terorist\u00e9 z\u00a0Isl\u00e1msk\u00e9ho st\u00e1tu maj\u00ed ur\u010ditou vazbu na Ukrajinu, respektive \u201emezin\u00e1rodn\u00ed legii\u201c, kter\u00e1 bojuje na jej\u00ed stran\u011b a islamisty v\u00a0n\u00ed, nen\u00ed tak \u00fapln\u011b od v\u011bci. Samoz\u0159ejm\u011b, \u017ee je pot\u0159eba v\u00edce d\u016fkaz\u016f. Jeden z\u00a0takov\u00fdch nep\u0159\u00edm\u00fdch d\u016fkaz\u016f je tak\u00e9 to, \u017ee velvyslanectv\u00ed Ukrajiny v\u00a0hlavn\u00edm m\u011bst\u011b T\u00e1d\u017eikist\u00e1nu, Du\u0161anbe, prov\u00e1d\u011blo p\u0159ed \u010dasem n\u00e1bor bojovn\u00edk\u016f do zm\u00edn\u011bn\u00e9 \u201emezin\u00e1rodn\u00ed legie\u201c. Je zaj\u00edmav\u00e9, jak nap\u0159. americk\u00e9 zpravodajsk\u00e9 slu\u017eby okam\u017eit\u011b zareagovaly po tomto \u00fatoku a spojily jej pr\u00e1v\u011b s\u00a0Isl\u00e1msk\u00fdm st\u00e1tem. A pak se m\u016f\u017eeme jen dohadovat, zda m\u00e1 n\u011bjak\u00fd v\u00fdznam chov\u00e1n\u00ed atent\u00e1tn\u00edk\u016f, kte\u0159\u00ed prchali (jejich mobily p\u0159itom byly odposlouch\u00e1v\u00e1ny rusk\u00fdmi zpravodajci), pr\u00e1v\u011b sm\u011brem k\u00a0Ukrajin\u011b, u jej\u00ed\u017e hranic byly zadr\u017eeny. Jist\u011b se dozv\u00edme v\u00edce po rozs\u00e1hlej\u0161\u00edm vy\u0161et\u0159ov\u00e1n\u00ed anebo dokonce u soudu, kde atent\u00e1tn\u00edci budou hovo\u0159it podrobn\u011bji o tom, kdy a k\u00fdm a za jak\u00fdch podm\u00ednek byli najati k\u00a0proveden\u00ed hr\u016fzn\u00e9ho \u010dinu.<\/p>\n<p>V\u00a0ka\u017ed\u00e9m p\u0159\u00edpad\u011b i bez znalosti t\u011bchto dal\u0161\u00edch informac\u00ed si mus\u00edm p\u0159ed sen\u00e1torkou N\u011bmcovou s\u00a0chut\u00ed odplivnout.<\/p>\n<p><a href=\"https:\/\/vasevec.info\/domaci-politika\/m-nemcova-kdyby-nenavist-nadnasela\">Ji\u0159\u00ed Paroubek<\/a><\/p>\n<p><img decoding=\"async\" loading=\"lazy\" class=\"alignnone size-medium wp-image-2342\" src=\"http:\/\/www.infokuryr.cz\/n\/wp-content\/uploads\/2021\/06\/paroubek-300x208.jpg\" alt=\"\" width=\"300\" height=\"208\" srcset=\"https:\/\/www.infokuryr.cz\/n\/wp-content\/uploads\/2021\/06\/paroubek-300x208.jpg 300w, https:\/\/www.infokuryr.cz\/n\/wp-content\/uploads\/2021\/06\/paroubek.jpg 318w\" sizes=\"(max-width: 300px) 100vw, 300px\" \/><\/p>\n<p>&nbsp;<\/p>\n","protected":false},"excerpt":{"rendered":"<p>\u2026l\u00e9tala by tato soudru\u017eka jako holubi\u010dka. Ka\u017ed\u00e1 v\u00e1lka je hnusn\u00e1 a p\u0159in\u00e1\u0161\u00ed ob\u011bti mezi civiln\u00edm&#8230;<\/p>\n","protected":false},"author":2,"featured_media":50402,"comment_status":"closed","ping_status":"closed","sticky":false,"template":"","format":"standard","meta":[],"categories":[6],"tags":[29,864,896,22,26],"_links":{"self":[{"href":"https:\/\/www.infokuryr.cz\/n\/wp-json\/wp\/v2\/posts\/50401"}],"collection":[{"href":"https:\/\/www.infokuryr.cz\/n\/wp-json\/wp\/v2\/posts"}],"about":[{"href":"https:\/\/www.infokuryr.cz\/n\/wp-json\/wp\/v2\/types\/post"}],"author":[{"embeddable":true,"href":"https:\/\/www.infokuryr.cz\/n\/wp-json\/wp\/v2\/users\/2"}],"replies":[{"embeddable":true,"href":"https:\/\/www.infokuryr.cz\/n\/wp-json\/wp\/v2\/comments?post=50401"}],"version-history":[{"count":0,"href":"https:\/\/www.infokuryr.cz\/n\/wp-json\/wp\/v2\/posts\/50401\/revisions"}],"wp:featuredmedia":[{"embeddable":true,"href":"https:\/\/www.infokuryr.cz\/n\/wp-json\/wp\/v2\/media\/50402"}],"wp:attachment":[{"href":"https:\/\/www.infokuryr.cz\/n\/wp-json\/wp\/v2\/media?parent=50401"}],"wp:term":[{"taxonomy":"category","embeddable":true,"href":"https:\/\/www.infokuryr.cz\/n\/wp-json\/wp\/v2\/categories?post=50401"},{"taxonomy":"post_tag","embeddable":true,"href":"https:\/\/www.infokuryr.cz\/n\/wp-json\/wp\/v2\/tags?post=50401"}],"curies":[{"name":"wp","href":"https:\/\/api.w.org\/{rel}","templated":true}]}}