{"id":50380,"date":"2024-03-27T00:46:19","date_gmt":"2024-03-26T23:46:19","guid":{"rendered":"https:\/\/www.infokuryr.cz\/n\/?p=50380"},"modified":"2024-03-26T18:36:53","modified_gmt":"2024-03-26T17:36:53","slug":"americka-valecna-letadla-zahajila-masivni-nalety-ve-vychodni-syrii","status":"publish","type":"post","link":"https:\/\/www.infokuryr.cz\/n\/2024\/03\/27\/americka-valecna-letadla-zahajila-masivni-nalety-ve-vychodni-syrii\/","title":{"rendered":"Americk\u00e1 v\u00e1le\u010dn\u00e1 letadla zah\u00e1jila masivn\u00ed n\u00e1lety ve v\u00fdchodn\u00ed S\u00fdrii"},"content":{"rendered":"<div id=\"fb-root\"><\/div>\n<div class=\"dw-abstract\">\n<p><strong>V noci na 26. b\u0159ezna zah\u00e1jila americk\u00e1 v\u00e1le\u010dn\u00e1 letadla s\u00e9rii n\u00e1let\u016f ve v\u00fdchodn\u00ed S\u00fdrii.\u00a0M\u011bsta Deir Ezzor, Al-Mayadin a Al-Bukamal se stala ter\u010dem \u00fatoku.\u00a0Nejm\u00e9n\u011b jeden civilista byl zabit a dal\u0161\u00edch 20 lid\u00ed bylo zran\u011bno.<\/strong><\/p>\n<\/div>\n<p>Podle Syrsk\u00fdch n\u00e1rodn\u00edch obrann\u00fdch sil (NDF) se s\u00eddlem v Deir ez-Zor k \u00fatoku do\u0161lo v 01:49 (m\u00edstn\u00edho \u010dasu).\u00a0N\u011bkolik americk\u00fdch v\u00e1le\u010dn\u00fdch letadel zah\u00e1jilo nejm\u00e9n\u011b 10 n\u00e1let\u016f v provincii Deir ez-Zor.\u00a0C\u00edle byly um\u00edst\u011bny na ulici Raase Al-Jameeh ve m\u011bst\u011b Deir Ez-Zor, \u010dtvrti Al-Tamo, m\u011bst\u011b Al-Mayadin, oblasti Al-Suwiyeh, vesnici Al-Salehiya a ulici Al-Hajneh ve m\u011bst\u011b Al-Bukmal.\u00a0Krom\u011b toho byly ter\u010dem \u00fatoku na \u010dtvr\u0165 Al-Filat, oblast Ayyash ve m\u011bst\u011b Deir Ez-Zor a oblast Al-Hari na hranici S\u00fdrie a Ir\u00e1ku.<\/p>\n<div id=\"attachment_202240\" class=\"wp-caption aligncenter\" style=\"width: 595px;\">\n<p><a href=\"https:\/\/s2.cdnstatic.space\/wp-content\/uploads\/2024\/03\/syria.jpg\" target=\"_blank\" rel=\"noopener\"><img decoding=\"async\" loading=\"lazy\" class=\"wp-image-202240\" title=\"Americk\u00e1 v\u00e1le\u010dn\u00e1 letadla zah\u00e1jila masivn\u00ed n\u00e1lety ve v\u00fdchodn\u00ed S\u00fdrii (aktualizace mapy)\" src=\"https:\/\/s4.cdnstatic.space\/wp-content\/uploads\/2024\/03\/syria-400x300.jpg\" sizes=\"(max-width: 600px) 100vw, 600px\" srcset=\"https:\/\/s2.cdnstatic.space\/wp-content\/uploads\/2024\/03\/syria-400x300.jpg 400w, https:\/\/s2.cdnstatic.space\/wp-content\/uploads\/2024\/03\/syria-1024x768.jpg 1024w, https:\/\/s2.cdnstatic.space\/wp-content\/uploads\/2024\/03\/syria-768x576.jpg 768w, https:\/\/s2.cdnstatic.space\/wp-content\/uploads\/2024\/03\/syria.jpg 1080w\" alt=\"Americk\u00e1 v\u00e1le\u010dn\u00e1 letadla zah\u00e1jila masivn\u00ed n\u00e1lety ve v\u00fdchodn\u00ed S\u00fdrii (aktualizace mapy)\" width=\"595\" height=\"446\" aria-describedby=\"caption-attachment-202240\" \/><\/a><\/p>\n<p id=\"caption-attachment-202240\" class=\"wp-caption-text\">Kliknut\u00edm zobraz\u00edte obr\u00e1zek v pln\u00e9 velikosti<\/p>\n<\/div>\n<div style=\"width: 352px;\" class=\"wp-video\"><!--[if lt IE 9]><script>document.createElement('video');<\/script><![endif]-->\n<video class=\"wp-video-shortcode\" id=\"video-50380-1\" width=\"352\" height=\"640\" preload=\"metadata\" controls=\"controls\"><source type=\"video\/mp4\" src=\"http:\/\/www.infokuryr.cz\/n\/wp-content\/uploads\/2024\/03\/syria.mp4?_=1\" \/><a href=\"http:\/\/www.infokuryr.cz\/n\/wp-content\/uploads\/2024\/03\/syria.mp4\">http:\/\/www.infokuryr.cz\/n\/wp-content\/uploads\/2024\/03\/syria.mp4<\/a><\/video><\/div>\n<p>&nbsp;<\/p>\n<p>Ob\u011b\u0165 zabit\u00e1 p\u0159i \u00fatoc\u00edch je \u00fadajn\u011b civilista identifikovan\u00fd jako Emad Shahab.\u00a0N\u011bkolik minut po \u00fatoc\u00edch zdroje bl\u00edzk\u00e9 syrsk\u00fdm ozbrojenc\u016fm tvrdily, \u017ee p\u0159i n\u00e1letech bylo zabito n\u011bkolik \u00edr\u00e1nsk\u00fdch vojensk\u00fdch poradc\u016f a dal\u0161\u00edch \u010dlen\u016f osy odporu.\u00a0Tato tvrzen\u00ed v\u0161ak nelze potvrdit.<\/p>\n<div class=\"dw-abstract\">\n<p>24. b\u0159ezna Al Mayadeen ozn\u00e1mil, \u017ee ozbrojen\u00e9 skupiny \u0161\u00edit\u016f pat\u0159\u00edc\u00ed k hnut\u00ed Isl\u00e1msk\u00fd odpor Ir\u00e1ku odp\u00e1lily rakety na vojensk\u00e9 leti\u0161t\u011b v Harrab al-D\u017eair, kter\u00e9 pou\u017e\u00edvaj\u00ed americk\u00e9 s\u00edly rozm\u00edst\u011bn\u00e9 v syrsk\u00e9 provincii Hasakah.\u00a0Na \u00fazem\u00ed za\u0159\u00edzen\u00ed zah\u0159m\u011blo n\u011bkolik velk\u00fdch exploz\u00ed.\u00a0Uprost\u0159ed eskalace palestinsko-izraelsk\u00e9ho konfliktu v p\u00e1smu Gazy jsou \u00fatoky na americk\u00e9 vojensk\u00e9 z\u00e1kladny v S\u00fdrii a Ir\u00e1ku st\u00e1le \u010dast\u011bj\u0161\u00ed.\u00a0\u0160\u00editsk\u00e9 s\u00edly varovaly Spojen\u00e9 st\u00e1ty, \u017ee zv\u00fd\u0161\u00ed po\u010det ozbrojen\u00fdch operac\u00ed v S\u00fdrii a Ir\u00e1ku, proto\u017ee Washington nad\u00e1le poskytuje vojenskou pomoc izraelsk\u00e9 arm\u00e1d\u011b.<\/p>\n<p><img decoding=\"async\" loading=\"lazy\" class=\"alignnone size-full wp-image-1185\" src=\"http:\/\/www.infokuryr.cz\/n\/wp-content\/uploads\/2021\/04\/kuryr-podpis.png\" alt=\"\" width=\"84\" height=\"24\" \/><\/p>\n<\/div>\n<p>&nbsp;<\/p>\n","protected":false},"excerpt":{"rendered":"<p>V noci na 26. b\u0159ezna zah\u00e1jila americk\u00e1 v\u00e1le\u010dn\u00e1 letadla s\u00e9rii n\u00e1let\u016f ve v\u00fdchodn\u00ed S\u00fdrii.\u00a0M\u011bsta Deir&#8230;<\/p>\n","protected":false},"author":2,"featured_media":39072,"comment_status":"closed","ping_status":"closed","sticky":false,"template":"","format":"standard","meta":[],"categories":[7],"tags":[898,3535,147,889],"_links":{"self":[{"href":"https:\/\/www.infokuryr.cz\/n\/wp-json\/wp\/v2\/posts\/50380"}],"collection":[{"href":"https:\/\/www.infokuryr.cz\/n\/wp-json\/wp\/v2\/posts"}],"about":[{"href":"https:\/\/www.infokuryr.cz\/n\/wp-json\/wp\/v2\/types\/post"}],"author":[{"embeddable":true,"href":"https:\/\/www.infokuryr.cz\/n\/wp-json\/wp\/v2\/users\/2"}],"replies":[{"embeddable":true,"href":"https:\/\/www.infokuryr.cz\/n\/wp-json\/wp\/v2\/comments?post=50380"}],"version-history":[{"count":1,"href":"https:\/\/www.infokuryr.cz\/n\/wp-json\/wp\/v2\/posts\/50380\/revisions"}],"predecessor-version":[{"id":50382,"href":"https:\/\/www.infokuryr.cz\/n\/wp-json\/wp\/v2\/posts\/50380\/revisions\/50382"}],"wp:featuredmedia":[{"embeddable":true,"href":"https:\/\/www.infokuryr.cz\/n\/wp-json\/wp\/v2\/media\/39072"}],"wp:attachment":[{"href":"https:\/\/www.infokuryr.cz\/n\/wp-json\/wp\/v2\/media?parent=50380"}],"wp:term":[{"taxonomy":"category","embeddable":true,"href":"https:\/\/www.infokuryr.cz\/n\/wp-json\/wp\/v2\/categories?post=50380"},{"taxonomy":"post_tag","embeddable":true,"href":"https:\/\/www.infokuryr.cz\/n\/wp-json\/wp\/v2\/tags?post=50380"}],"curies":[{"name":"wp","href":"https:\/\/api.w.org\/{rel}","templated":true}]}}