{"id":50374,"date":"2024-03-27T00:44:31","date_gmt":"2024-03-26T23:44:31","guid":{"rendered":"https:\/\/www.infokuryr.cz\/n\/?p=50374"},"modified":"2024-03-26T19:44:56","modified_gmt":"2024-03-26T18:44:56","slug":"nepalsky-migrant-zatcen-v-lyonu-za-brutalni-vrazdu-starsiho-francouze","status":"publish","type":"post","link":"https:\/\/www.infokuryr.cz\/n\/2024\/03\/27\/nepalsky-migrant-zatcen-v-lyonu-za-brutalni-vrazdu-starsiho-francouze\/","title":{"rendered":"Nep\u00e1lsk\u00fd migrant zat\u010den v Lyonu za brut\u00e1ln\u00ed vra\u017edu star\u0161\u00edho Francouze"},"content":{"rendered":"<div id=\"fb-root\"><\/div>\n<p><span style=\"font-size: 18pt;\"><strong>Na mrtv\u00e9 t\u011blo star\u0161\u00edho Francouze upozornili policii jeho soused\u00e9, kte\u0159\u00ed si v\u0161imli odporn\u00e9ho smradu vych\u00e1zej\u00edc\u00edho z jeho bytu<\/strong><\/span><\/p>\n<p>Ve Francii byl zat\u010den nep\u00e1lsk\u00fd migrant za brut\u00e1ln\u00ed vra\u017edu 67let\u00e9ho mu\u017ee, kter\u00fd byl loni nalezen le\u017eet v kalu\u017ei vlastn\u00ed krve ve sv\u00e9m byt\u011b v Lyonu.<\/p>\n<p>30let\u00e9ho podez\u0159el\u00e9ho zadr\u017eely \u00fa\u0159ady 20. b\u0159ezna a vzaly ho do vazby.<\/p>\n<p>Zat\u010den\u00ed se t\u00fdk\u00e1 objevu ze dne 27. srpna 2022, kdy byli hasi\u010di upozorn\u011bni obyvateli bytov\u00e9ho domu na z\u00e1pach vych\u00e1zej\u00edc\u00ed z jednoho z byt\u016f.\u00a0Z\u00e1sahov\u00e1 jednotka vstoupila na pozemek, aby na\u0161la ostatky 67let\u00e9ho mu\u017ee, kter\u00fd byl brut\u00e1ln\u011b napaden.<\/p>\n<p>Prvotn\u00ed zji\u0161t\u011bn\u00ed rychle prok\u00e1zala, \u017ee ob\u011b\u0165 utrp\u011bla n\u011bkolik ran \u010depel\u00ed.\u00a0Zdroj bl\u00edzk\u00fd p\u0159\u00edpadu odkazoval na p\u0159eru\u0161enou kr\u010dn\u00ed tepnu na krku.<\/p>\n<p>Pitva nazna\u010dovala, \u017ee trestn\u00fd \u010din byl sp\u00e1ch\u00e1n p\u0159ed n\u011bkolika dny, vzhledem ke stavu rozkladu t\u011bla.<\/p>\n<p>St\u00e1tn\u00ed z\u00e1stupce pov\u011b\u0159il lyonskou krimin\u00e1lku proveden\u00edm vy\u0161et\u0159ov\u00e1n\u00ed.\u00a0Podle zdroj\u016f byla nezn\u00e1m\u00e1 DNA nalezena v r\u016fzn\u00fdch \u010d\u00e1stech domova.<\/p>\n<p>Hloubkov\u00e9 vy\u0161et\u0159ov\u00e1n\u00ed policie odhalilo telefonn\u00ed historii s osobou, kter\u00e1 se stala hlavn\u00edm podez\u0159el\u00fdm v p\u0159\u00edpadu.<\/p>\n<p>Ve st\u0159edu byl c\u00edlen\u00fd mu\u017e kone\u010dn\u011b zat\u010den ve sv\u00e9m byt\u011b na Cours \u00c9mile-Zola ve Villeurbanne v Lyonu.\u00a0D\u00e1le byla provedena prohl\u00eddka prostor.<\/p>\n<p>T\u0159icetilet\u00fd podez\u0159el\u00fd p\u016fvodem z Nep\u00e1lu byl vzat do vazby, jak potvrdilo pro\u00a0<a class=\"ek-link\" href=\"https:\/\/actu.fr\/auvergne-rhone-alpes\/lyon_69123\/lyon-meurtre-ultra-violent-d-un-homme-chez-lui-son-adn-le-trahit-un-suspect-arrete_60850091.html\">ActuLyon<\/a>\u00a0st\u00e1tn\u00ed zastupitelstv\u00ed .<\/p>\n<p>V p\u00e1tek byl postaven p\u0159ed soudce, kde lyonsk\u00e9 st\u00e1tn\u00ed zastupitelstv\u00ed po\u017e\u00e1dalo o jeho vzet\u00ed do vazby.<\/p>\n<p>Zat\u00edm nen\u00ed zn\u00e1mo, zda se 30let\u00fd mu\u017e b\u011bhem prvn\u00edch v\u00fdslech\u016f vyj\u00e1d\u0159il k tomu, z \u010deho je obvin\u011bn.<\/p>\n<p><img decoding=\"async\" loading=\"lazy\" class=\"alignnone size-full wp-image-1185\" src=\"http:\/\/www.infokuryr.cz\/n\/wp-content\/uploads\/2021\/04\/kuryr-podpis.png\" alt=\"\" width=\"84\" height=\"24\" \/><\/p>\n<p>&nbsp;<\/p>\n","protected":false},"excerpt":{"rendered":"<p>Na mrtv\u00e9 t\u011blo star\u0161\u00edho Francouze upozornili policii jeho soused\u00e9, kte\u0159\u00ed si v\u0161imli odporn\u00e9ho smradu vych\u00e1zej\u00edc\u00edho&#8230;<\/p>\n","protected":false},"author":2,"featured_media":1684,"comment_status":"closed","ping_status":"closed","sticky":false,"template":"","format":"standard","meta":[],"categories":[7],"tags":[130,7027,86,184,2407],"_links":{"self":[{"href":"https:\/\/www.infokuryr.cz\/n\/wp-json\/wp\/v2\/posts\/50374"}],"collection":[{"href":"https:\/\/www.infokuryr.cz\/n\/wp-json\/wp\/v2\/posts"}],"about":[{"href":"https:\/\/www.infokuryr.cz\/n\/wp-json\/wp\/v2\/types\/post"}],"author":[{"embeddable":true,"href":"https:\/\/www.infokuryr.cz\/n\/wp-json\/wp\/v2\/users\/2"}],"replies":[{"embeddable":true,"href":"https:\/\/www.infokuryr.cz\/n\/wp-json\/wp\/v2\/comments?post=50374"}],"version-history":[{"count":0,"href":"https:\/\/www.infokuryr.cz\/n\/wp-json\/wp\/v2\/posts\/50374\/revisions"}],"wp:featuredmedia":[{"embeddable":true,"href":"https:\/\/www.infokuryr.cz\/n\/wp-json\/wp\/v2\/media\/1684"}],"wp:attachment":[{"href":"https:\/\/www.infokuryr.cz\/n\/wp-json\/wp\/v2\/media?parent=50374"}],"wp:term":[{"taxonomy":"category","embeddable":true,"href":"https:\/\/www.infokuryr.cz\/n\/wp-json\/wp\/v2\/categories?post=50374"},{"taxonomy":"post_tag","embeddable":true,"href":"https:\/\/www.infokuryr.cz\/n\/wp-json\/wp\/v2\/tags?post=50374"}],"curies":[{"name":"wp","href":"https:\/\/api.w.org\/{rel}","templated":true}]}}