{"id":50357,"date":"2024-03-27T00:34:51","date_gmt":"2024-03-26T23:34:51","guid":{"rendered":"https:\/\/www.infokuryr.cz\/n\/?p=50357"},"modified":"2024-03-26T17:20:47","modified_gmt":"2024-03-26T16:20:47","slug":"proto-vlady-vyvolavaji-falesnou-paniku-vitez-novinarske-ceny-a-nejprodavanejsi-autor-michael-shellenberger-bije-na-poplach","status":"publish","type":"post","link":"https:\/\/www.infokuryr.cz\/n\/2024\/03\/27\/proto-vlady-vyvolavaji-falesnou-paniku-vitez-novinarske-ceny-a-nejprodavanejsi-autor-michael-shellenberger-bije-na-poplach\/","title":{"rendered":"Proto vl\u00e1dy vyvol\u00e1vaj\u00ed fale\u0161nou paniku: V\u00edt\u011bz novin\u00e1\u0159sk\u00e9 ceny a nejprod\u00e1van\u011bj\u0161\u00ed autor Michael Shellenberger bije na poplach"},"content":{"rendered":"<div id=\"fb-root\"><\/div>\n<div class=\"elementor-element elementor-element-1fb4c2c elementor-widget elementor-widget-theme-post-content\" data-id=\"1fb4c2c\" data-element_type=\"widget\" data-widget_type=\"theme-post-content.default\">\n<div class=\"elementor-widget-container\">\n<p><strong>Vl\u00e1dy podn\u011bcuj\u00ed fale\u0161nou paniku z nen\u00e1visti, aby cenzurovaly, zasahovaly do voleb a uv\u011bznily sv\u00e9 politick\u00e9 nep\u0159\u00e1tele.<\/strong><\/p>\n<p><span>To, co se d\u011bje v USA, Velk\u00e9 Brit\u00e1nii, Kanad\u011b, Austr\u00e1lii, Nov\u00e9m Z\u00e9landu, Irsku, Skotsku, Braz\u00edlii a EU, je alarmuj\u00edc\u00ed.<\/span><\/p>\n<p><span>Spojen\u00e9 st\u00e1ty a dal\u0161\u00ed vl\u00e1dy po cel\u00e9m sv\u011bt\u011b podn\u011bcuj\u00ed nen\u00e1vist, aby vyzbrojily vl\u00e1du proti sv\u00fdm politick\u00fdm nep\u0159\u00e1tel\u016fm.<\/span><\/p>\n<p><span>Od st\u0159elby na Nov\u00e9m Z\u00e9landu v roce 2019 vl\u00e1dy pou\u017e\u00edvaj\u00ed takzvan\u00e9 nen\u00e1vistn\u00e9 projevy, fale\u0161n\u00e9 zpr\u00e1vy a dezinformace k ospravedln\u011bn\u00ed cenzury.<\/span><\/p>\n<p><span>V Irsku vl\u00e1da prosazuje z\u00e1kon o nen\u00e1vistn\u00fdch projevech, kter\u00fd by policii umo\u017enil vniknout do dom\u016f a zabavit telefony a po\u010d\u00edta\u010de.<\/span><\/p>\n<p><span>V Kanad\u011b Justin Trudeau prosazuje n\u00e1vrh z\u00e1kona, kter\u00fd by vl\u00e1d\u011b umo\u017enil odsoudit lidi na do\u017eivot\u00ed za jejich koment\u00e1\u0159e.<\/span><\/p>\n<p><span>A ned\u00e1vno vy\u0161lo najevo, \u017ee Biden\u016fv B\u00edl\u00fd d\u016fm spolupracuje s jednou z p\u0159edn\u00edch nen\u00e1vistn\u00fdch skupin, Centrem pro boj proti digit\u00e1ln\u00ed nen\u00e1visti, aby vyzvala Facebook a dal\u0161\u00ed platformy soci\u00e1ln\u00edch m\u00e9di\u00ed, aby odstranily nevhodn\u00fd obsah a lidi.<\/span><\/p>\n<p><span>Bidenova administrativa tak\u00e9 podpo\u0159ila v\u00fdzvu Christchurch k akci k odstran\u011bn\u00ed teroristick\u00e9ho a n\u00e1siln\u00e9ho extremistick\u00e9ho obsahu online, kterou v roce 2019 zah\u00e1jily vl\u00e1dy, aby ospravedlnily cenzuru.<\/span><\/p>\n<p><span>Toto zam\u011b\u0159en\u00ed na takzvan\u00fd nen\u00e1vistn\u00fd, \u0161kodliv\u00fd a extremistick\u00fd obsah je extr\u00e9mn\u011b nebezpe\u010dn\u00e9.\u00a0To, co jeden pova\u017euje za extr\u00e9mn\u00ed, m\u016f\u017ee b\u00fdt pro druh\u00e9ho zdrav\u00fd rozum.<\/span><\/p>\n<p><span>Kdy\u017e vl\u00e1da rozhodne, co je extr\u00e9mn\u00ed, je to zp\u016fsob, jak n\u011bkoho ozna\u010dit za potenci\u00e1ln\u00ed teroristickou hrozbu.<\/span><\/p>\n<p><span>Vid\u011bli jsme to p\u0159i z\u00e1sahu vl\u00e1dy Trudeaua proti kanadsk\u00fdm protest\u016fm kamio\u0148\u00e1k\u016f v Ottaw\u011b, kdy byly zmrazeny bankovn\u00ed \u00fa\u010dty lid\u00ed, kte\u0159\u00ed podporovali antivakcina\u010dn\u00ed mand\u00e1t.<\/span><\/p>\n<p><span>Tot\u00e9\u017e se m\u016f\u017ee st\u00e1t ve Spojen\u00fdch st\u00e1tech.<\/span><\/p>\n<p><span>Mezi p\u0159esv\u011bd\u010den\u00edm a n\u00e1sil\u00edm neexistuje \u017e\u00e1dn\u00e9 spolehliv\u00e9 spojen\u00ed.\u00a0Snaha zabr\u00e1nit n\u00e1sil\u00ed prost\u0159ednictv\u00edm cenzury \u0159e\u010di je totalitn\u00ed a orwellovsk\u00e1.\u00a0\u00da\u010dinn\u011b kriminalizuje \u0159e\u010d a vytv\u00e1\u0159\u00ed zcela novou kategorii p\u0159edzlo\u010din\u016f, jako jsou ty, kter\u00e9 jsou zobrazeny v dystopick\u00e9m filmu Minority Report.<\/span><\/p>\n<\/div>\n<\/div>\n<div class=\"elementor-element elementor-element-8c57238 quelle dc-has-condition dc-condition-empty elementor-widget elementor-widget-heading\" data-id=\"8c57238\" data-element_type=\"widget\" data-widget_type=\"heading.default\">\n<div class=\"elementor-widget-container\">\n<h3 class=\"elementor-heading-title elementor-size-default\"><span style=\"font-size: 10pt;\"><a href=\"https:\/\/twitter.com\/shellenberger\" target=\"_blank\" rel=\"nofollow noopener\">ZDROJ<\/a><\/span><\/h3>\n<p>&nbsp;<\/p>\n<\/div>\n<\/div>\n","protected":false},"excerpt":{"rendered":"<p>Vl\u00e1dy podn\u011bcuj\u00ed fale\u0161nou paniku z nen\u00e1visti, aby cenzurovaly, zasahovaly do voleb a uv\u011bznily sv\u00e9 politick\u00e9&#8230;<\/p>\n","protected":false},"author":2,"featured_media":33293,"comment_status":"closed","ping_status":"closed","sticky":false,"template":"","format":"standard","meta":[],"categories":[7],"tags":[63,279,896,117,2452],"_links":{"self":[{"href":"https:\/\/www.infokuryr.cz\/n\/wp-json\/wp\/v2\/posts\/50357"}],"collection":[{"href":"https:\/\/www.infokuryr.cz\/n\/wp-json\/wp\/v2\/posts"}],"about":[{"href":"https:\/\/www.infokuryr.cz\/n\/wp-json\/wp\/v2\/types\/post"}],"author":[{"embeddable":true,"href":"https:\/\/www.infokuryr.cz\/n\/wp-json\/wp\/v2\/users\/2"}],"replies":[{"embeddable":true,"href":"https:\/\/www.infokuryr.cz\/n\/wp-json\/wp\/v2\/comments?post=50357"}],"version-history":[{"count":0,"href":"https:\/\/www.infokuryr.cz\/n\/wp-json\/wp\/v2\/posts\/50357\/revisions"}],"wp:featuredmedia":[{"embeddable":true,"href":"https:\/\/www.infokuryr.cz\/n\/wp-json\/wp\/v2\/media\/33293"}],"wp:attachment":[{"href":"https:\/\/www.infokuryr.cz\/n\/wp-json\/wp\/v2\/media?parent=50357"}],"wp:term":[{"taxonomy":"category","embeddable":true,"href":"https:\/\/www.infokuryr.cz\/n\/wp-json\/wp\/v2\/categories?post=50357"},{"taxonomy":"post_tag","embeddable":true,"href":"https:\/\/www.infokuryr.cz\/n\/wp-json\/wp\/v2\/tags?post=50357"}],"curies":[{"name":"wp","href":"https:\/\/api.w.org\/{rel}","templated":true}]}}