{"id":50339,"date":"2024-03-26T06:05:44","date_gmt":"2024-03-26T05:05:44","guid":{"rendered":"https:\/\/www.infokuryr.cz\/n\/?p=50339"},"modified":"2024-03-26T06:05:44","modified_gmt":"2024-03-26T05:05:44","slug":"radikalni-islamiste-provedli-teroristicky-utok-v-moskve","status":"publish","type":"post","link":"https:\/\/www.infokuryr.cz\/n\/2024\/03\/26\/radikalni-islamiste-provedli-teroristicky-utok-v-moskve\/","title":{"rendered":"\u201eRadik\u00e1ln\u00ed islamist\u00e9\u201c provedli teroristick\u00fd \u00fatok v Moskv\u011b"},"content":{"rendered":"<div id=\"fb-root\"><\/div>\n<p><span style=\"font-size: 18pt;\"><strong>Rusk\u00fd prezident m\u00e1 st\u00e1le podez\u0159en\u00ed, \u017ee se na trag\u00e9dii pod\u00edlela Ukrajina<\/strong><\/span><\/p>\n<p><span>Rusko v\u00ed, kdo provedl \u00fatok na radnici Crocus, ale nyn\u00ed vy\u0161et\u0159uje, kdo dal rozkaz, \u0159ekl v pond\u011bl\u00ed prezident Vladimir Putin a jako mo\u017en\u00e9ho vin\u00edka ozna\u010dil Ukrajinu.<\/span><\/p>\n<p><em><span>&#8222;Tento \u00fatok provedli radik\u00e1ln\u00ed islamist\u00e9,&#8220;<\/span><\/em><span>\u00a0\u0159ekl Putin v \u00favodn\u00ed pozn\u00e1mce videohovoru s p\u0159edstaviteli donucovac\u00edch org\u00e1n\u016f.\u00a0<\/span><\/p>\n<p><span>USA a jejich spojenci se nyn\u00ed sna\u017e\u00ed kr\u00fdt sv\u00e9 z\u00e1stupce v Kyjev\u011b a trvaj\u00ed na tom, \u017ee Ukrajina nem\u00e1 s teroristick\u00fdm \u00fatokem nic spole\u010dn\u00e9ho a \u017ee odpov\u011bdnou stranou je Isl\u00e1msk\u00fd st\u00e1t (IS, d\u0159\u00edve ISIS), poznamenal rusk\u00fd prezident.<\/span><\/p>\n<p><em><span>\u201eAle v\u00edme, kdo \u00fatok provedl.\u00a0Chceme v\u011bd\u011bt, kdo to objednal.&#8220;<\/span><\/em><\/p>\n<p><span>Rusk\u00e9 org\u00e1ny \u010dinn\u00e9 v trestn\u00edm \u0159\u00edzen\u00ed v sou\u010dasnosti p\u00e1traj\u00ed po pachatel\u00edch, kte\u0159\u00ed byli zadr\u017eeni a p\u0159edvedeni p\u0159ed soudce.\u00a0Vy\u0161et\u0159ov\u00e1n\u00ed mus\u00ed b\u00fdt\u00a0<\/span><em><span>\u201eprofesion\u00e1ln\u00ed, bez jak\u00e9koli politick\u00e9 zaujatosti,\u201c<\/span><\/em><span>\u00a0\u0159ekl Putin.\u00a0<\/span><\/p>\n<p><span>V\u00edce ne\u017e 130 lid\u00ed bylo v p\u00e1tek ve\u010der na koncertn\u00edm m\u00edst\u011b severoz\u00e1padn\u011b od Moskvy zabito, kdy\u017e n\u011bkolik ozbrojen\u00fdch mu\u017e\u016f za\u010dalo st\u0159\u00edlet do davu a zap\u00e1lilo s\u00e1l.\u00a0K odpov\u011bdnosti se p\u0159ihl\u00e1sila teroristick\u00e1 skupina, kter\u00e1 si \u0159\u00edk\u00e1 Isl\u00e1msk\u00fd st\u00e1t Chor\u00e1s\u00e1n (ISIS-K).<\/span><\/p>\n<p><span>Rusk\u00e9 bezpe\u010dnostn\u00ed slu\u017eby zadr\u017eely sedm \u00fadajn\u00fdch pachatel\u016f, kte\u0159\u00ed jeli sm\u011brem na Ukrajinu, a tak\u00e9 \u010dty\u0159i jejich podez\u0159el\u00e9 komplice.\u00a0Mu\u017ei byli identifikov\u00e1ni jako etni\u010dt\u00ed T\u00e1d\u017eici.\u00a0<\/span><\/p>\n<p><span>Putin poznamenal, \u017ee skute\u010dnost, \u017ee terorist\u00e9 m\u00ed\u0159ili na Ukrajinu, vyvol\u00e1v\u00e1 ot\u00e1zky, na kter\u00e9 je t\u0159eba odpov\u011bd\u011bt.\u00a0<\/span><\/p>\n<p><em><span>\u201eKdo tam na n\u011b \u010dekal?\u00a0Je jasn\u00e9, \u017ee ti, kdo podporuj\u00ed kyjevsk\u00fd re\u017eim, necht\u011bj\u00ed b\u00fdt spoluvin\u00edky a sponzory terorismu.\u00a0Ale z\u016fst\u00e1v\u00e1 spousta ot\u00e1zek,\u201c<\/span><\/em><span>\u00a0\u0159ekl.<\/span><\/p>\n<p><span>USA a EU rychle trvaly na tom, \u017ee Ukrajina nem\u00e1 s \u00fatokem nic spole\u010dn\u00e9ho a \u017ee jedin\u00fdm vin\u00edkem je IS \u2013 st\u00ednov\u00e1 skupina \u00fadajn\u011b operuj\u00edc\u00ed v Afgh\u00e1nist\u00e1nu a St\u0159edn\u00ed Asii.<\/span><\/p>\n<p><img decoding=\"async\" loading=\"lazy\" class=\"alignnone size-full wp-image-1185\" src=\"http:\/\/www.infokuryr.cz\/n\/wp-content\/uploads\/2021\/04\/kuryr-podpis.png\" alt=\"\" width=\"84\" height=\"24\" \/><\/p>\n<p>&nbsp;<\/p>\n","protected":false},"excerpt":{"rendered":"<p>Rusk\u00fd prezident m\u00e1 st\u00e1le podez\u0159en\u00ed, \u017ee se na trag\u00e9dii pod\u00edlela Ukrajina Rusko v\u00ed, kdo provedl&#8230;<\/p>\n","protected":false},"author":2,"featured_media":50340,"comment_status":"closed","ping_status":"closed","sticky":false,"template":"","format":"standard","meta":[],"categories":[7],"tags":[102,22,3128,26],"_links":{"self":[{"href":"https:\/\/www.infokuryr.cz\/n\/wp-json\/wp\/v2\/posts\/50339"}],"collection":[{"href":"https:\/\/www.infokuryr.cz\/n\/wp-json\/wp\/v2\/posts"}],"about":[{"href":"https:\/\/www.infokuryr.cz\/n\/wp-json\/wp\/v2\/types\/post"}],"author":[{"embeddable":true,"href":"https:\/\/www.infokuryr.cz\/n\/wp-json\/wp\/v2\/users\/2"}],"replies":[{"embeddable":true,"href":"https:\/\/www.infokuryr.cz\/n\/wp-json\/wp\/v2\/comments?post=50339"}],"version-history":[{"count":0,"href":"https:\/\/www.infokuryr.cz\/n\/wp-json\/wp\/v2\/posts\/50339\/revisions"}],"wp:featuredmedia":[{"embeddable":true,"href":"https:\/\/www.infokuryr.cz\/n\/wp-json\/wp\/v2\/media\/50340"}],"wp:attachment":[{"href":"https:\/\/www.infokuryr.cz\/n\/wp-json\/wp\/v2\/media?parent=50339"}],"wp:term":[{"taxonomy":"category","embeddable":true,"href":"https:\/\/www.infokuryr.cz\/n\/wp-json\/wp\/v2\/categories?post=50339"},{"taxonomy":"post_tag","embeddable":true,"href":"https:\/\/www.infokuryr.cz\/n\/wp-json\/wp\/v2\/tags?post=50339"}],"curies":[{"name":"wp","href":"https:\/\/api.w.org\/{rel}","templated":true}]}}