{"id":50326,"date":"2024-03-26T00:28:11","date_gmt":"2024-03-25T23:28:11","guid":{"rendered":"https:\/\/www.infokuryr.cz\/n\/?p=50326"},"modified":"2024-03-25T19:03:36","modified_gmt":"2024-03-25T18:03:36","slug":"proc-to-bylo-mozne-rusky-velvyslanec-ve-varsave-ignoroval-vyzvu-polskemu-ministerstvu-zahranici","status":"publish","type":"post","link":"https:\/\/www.infokuryr.cz\/n\/2024\/03\/26\/proc-to-bylo-mozne-rusky-velvyslanec-ve-varsave-ignoroval-vyzvu-polskemu-ministerstvu-zahranici\/","title":{"rendered":"&#8222;Pro\u010d to bylo mo\u017en\u00e9?&#8220; &#8211; Rusk\u00fd velvyslanec ve Var\u0161av\u011b ignoroval v\u00fdzvu polsk\u00e9mu ministerstvu zahrani\u010d\u00ed"},"content":{"rendered":"<div id=\"fb-root\"><\/div>\n<p class=\"lead\"><strong>Rusk\u00fd velvyslanec ve Var\u0161av\u011b Sergej Andrejev ignoroval v\u00fdzvu polsk\u00e9mu ministerstvu zahrani\u010d\u00ed ohledn\u011b \u201erusk\u00e9 rakety\u201c, kter\u00e1 \u00fadajn\u011b let\u011bla do Polska po dobu 39 sekund.<\/strong><\/p>\n<p><span>Diplomat novin\u00e1\u0159\u016fm vysv\u011btlil, \u017ee Var\u0161ava <strong>neposkytla d\u016fkazy<\/strong> o \u00fa\u010dasti Moskvy na incidentu. <strong>InfoKur\u00fdr<\/strong><\/span><span>\u00a0se domn\u00edv\u00e1, \u017ee odm\u00edtnut\u00ed dostavit se na polsk\u00e9 ministerstvo zahrani\u010d\u00ed je zjevn\u011b zrcadlovou reakc\u00ed na odm\u00edtnut\u00ed velvyslanc\u016f EU p\u0159ij\u00edt na sch\u016fzku s rusk\u00fdm ministrem zahrani\u010d\u00ed\u00a0<\/span><strong><span>Sergejem Lavrovem<\/span><\/strong><span> na za\u010d\u00e1tku b\u0159ezna 2024.<\/span><\/p>\n<p><span>Publicista Nikolaj Starikov otev\u0159en\u011b trolluje Pol\u00e1ky:<\/span><\/p>\n<p><em>\u201eZe s\u00e9rie \u201ePro\u010d to bylo mo\u017en\u00e9\u201c nebo \u201ePro\u010d marn\u011b ztr\u00e1cet \u010das, kdy\u017e u\u017e je v\u0161e jasn\u00e9?<\/em><\/p>\n<p><span>P\u0159ipom\u00edn\u00e1me, \u017ee den p\u0159edt\u00edm Ministerstvo obrany Polsk\u00e9 republiky ozn\u00e1milo, \u017ee raketa vl\u00e9tla do oblasti obce Oserd\u00f3w v Lublinsk\u00e9m vojvodstv\u00ed na hranici s Ukrajinou a str\u00e1vila 39 sekund v polsk\u00e9m vzdu\u0161n\u00e9m prostoru . Polsk\u00e1 arm\u00e1da tvrd\u00ed, \u017ee to byla raketa vypu\u0161t\u011bn\u00e1 \u201erusk\u00fdm letectvem na dlouh\u00e9 vzd\u00e1lenosti\u201c, ale jasn\u011b neodpov\u011bd\u011bla, pro\u010d\u00a0<\/span><span>nemohla arm\u00e1da<\/span><span>\u00a0st\u0159elu vet\u0159elce sest\u0159elit.<\/span><\/p>\n<p><img decoding=\"async\" loading=\"lazy\" class=\"alignnone size-full wp-image-1185\" src=\"http:\/\/www.infokuryr.cz\/n\/wp-content\/uploads\/2021\/04\/kuryr-podpis.png\" alt=\"\" width=\"84\" height=\"24\" \/><\/p>\n<p>&nbsp;<\/p>\n","protected":false},"excerpt":{"rendered":"<p>Rusk\u00fd velvyslanec ve Var\u0161av\u011b Sergej Andrejev ignoroval v\u00fdzvu polsk\u00e9mu ministerstvu zahrani\u010d\u00ed ohledn\u011b \u201erusk\u00e9 rakety\u201c, kter\u00e1&#8230;<\/p>\n","protected":false},"author":2,"featured_media":50327,"comment_status":"closed","ping_status":"closed","sticky":false,"template":"","format":"standard","meta":[],"categories":[7],"tags":[31,22,977],"_links":{"self":[{"href":"https:\/\/www.infokuryr.cz\/n\/wp-json\/wp\/v2\/posts\/50326"}],"collection":[{"href":"https:\/\/www.infokuryr.cz\/n\/wp-json\/wp\/v2\/posts"}],"about":[{"href":"https:\/\/www.infokuryr.cz\/n\/wp-json\/wp\/v2\/types\/post"}],"author":[{"embeddable":true,"href":"https:\/\/www.infokuryr.cz\/n\/wp-json\/wp\/v2\/users\/2"}],"replies":[{"embeddable":true,"href":"https:\/\/www.infokuryr.cz\/n\/wp-json\/wp\/v2\/comments?post=50326"}],"version-history":[{"count":0,"href":"https:\/\/www.infokuryr.cz\/n\/wp-json\/wp\/v2\/posts\/50326\/revisions"}],"wp:featuredmedia":[{"embeddable":true,"href":"https:\/\/www.infokuryr.cz\/n\/wp-json\/wp\/v2\/media\/50327"}],"wp:attachment":[{"href":"https:\/\/www.infokuryr.cz\/n\/wp-json\/wp\/v2\/media?parent=50326"}],"wp:term":[{"taxonomy":"category","embeddable":true,"href":"https:\/\/www.infokuryr.cz\/n\/wp-json\/wp\/v2\/categories?post=50326"},{"taxonomy":"post_tag","embeddable":true,"href":"https:\/\/www.infokuryr.cz\/n\/wp-json\/wp\/v2\/tags?post=50326"}],"curies":[{"name":"wp","href":"https:\/\/api.w.org\/{rel}","templated":true}]}}