{"id":50295,"date":"2024-03-26T00:44:00","date_gmt":"2024-03-25T23:44:00","guid":{"rendered":"https:\/\/www.infokuryr.cz\/n\/?p=50295"},"modified":"2024-03-25T17:40:38","modified_gmt":"2024-03-25T16:40:38","slug":"satelitni-snimky-potvrdily-ze-rakety-storm-shadow-minuly-cile-v-sevastopolu-na-krymu","status":"publish","type":"post","link":"https:\/\/www.infokuryr.cz\/n\/2024\/03\/26\/satelitni-snimky-potvrdily-ze-rakety-storm-shadow-minuly-cile-v-sevastopolu-na-krymu\/","title":{"rendered":"Satelitn\u00ed sn\u00edmky potvrdily, \u017ee rakety Storm Shadow minuly c\u00edle v Sevastopolu na Krymu"},"content":{"rendered":"<div id=\"fb-root\"><\/div>\n<p><strong><span>Den po masivn\u00edm \u00fatoku na Krym, ve\u010der 24. b\u0159ezna, ukrajinsk\u00e9 vojensk\u00e9 zdroje zve\u0159ejnily satelitn\u00ed sn\u00edmky ve snaze ujistit ve\u0159ejnost, \u017ee \u00fadery za miliardy vedly k t\u011b\u017ek\u00fdm \u0161kod\u00e1m rusk\u00e9 arm\u00e1d\u011b; ale z\u00e1b\u011bry odhalily, \u017ee Kyjev o v\u00fdsledc\u00edch \u00fatoku op\u011bt jako v\u017edy lhal. <\/span><\/strong><a href=\"https:\/\/southfront.press\/results-of-massive-attack-on-sevastopol-crimea-revealed-map-update-video\/\"><span>ODKAZ<\/span><\/a><span>\u00a0,\u00a0<\/span><a href=\"https:\/\/southfront.press\/breaking-largest-missile-attack-targeted-sevastopol-shelling-intensified-in-belgorod\/\"><span>ODKAZ<\/span><\/a><\/p>\n<p><span>R\u00e1no 25. b\u0159ezna ozbrojen\u00e9 s\u00edly Ukrajiny ofici\u00e1ln\u011b prohl\u00e1sily, \u017ee v Sevastopolu byly zni\u010deny dv\u011b velk\u00e9 v\u00fdsadkov\u00e9 lod\u011b Jamal a Azov rusk\u00e9 \u010dernomo\u0159sk\u00e9 flotily.<\/span><\/p>\n<div id=\"attachment_202174\" class=\"wp-caption aligncenter\" style=\"width: 598px;\"><a href=\"https:\/\/s2.cdnstatic.space\/wp-content\/uploads\/2024\/03\/11-1-1.jpg\" target=\"_blank\" rel=\"noopener\"><img decoding=\"async\" loading=\"lazy\" class=\"wp-image-202174\" title=\"Satelitn\u00ed sn\u00edmky potvrdily, \u017ee rakety Storm Shadow minuly c\u00edle v Sevastopolu na Krymu\" src=\"https:\/\/s2.cdnstatic.space\/wp-content\/uploads\/2024\/03\/11-1-1-370x300.jpg\" sizes=\"(max-width: 600px) 100vw, 600px\" srcset=\"https:\/\/s2.cdnstatic.space\/wp-content\/uploads\/2024\/03\/11-1-1-370x300.jpg 370w, https:\/\/s2.cdnstatic.space\/wp-content\/uploads\/2024\/03\/11-1-1-1024x830.jpg 1024w, https:\/\/s2.cdnstatic.space\/wp-content\/uploads\/2024\/03\/11-1-1-768x622.jpg 768w, https:\/\/s2.cdnstatic.space\/wp-content\/uploads\/2024\/03\/11-1-1.jpg 1280w\" alt=\"Satelitn\u00ed sn\u00edmky potvrdily, \u017ee rakety Storm Shadow minuly c\u00edle v Sevastopolu na Krymu\" width=\"598\" height=\"484\" aria-describedby=\"caption-attachment-202174\" \/><\/a><\/p>\n<p id=\"caption-attachment-202174\" class=\"wp-caption-text\"><span>Kliknut\u00edm zobraz\u00edte obr\u00e1zek v pln\u00e9 velikosti<\/span><\/p>\n<\/div>\n<div id=\"attachment_202175\" class=\"wp-caption aligncenter\" style=\"width: 595px;\"><a href=\"https:\/\/s2.cdnstatic.space\/wp-content\/uploads\/2024\/03\/11-2-1.jpg\" target=\"_blank\" rel=\"noopener\"><img decoding=\"async\" loading=\"lazy\" class=\"wp-image-202175\" title=\"Satelitn\u00ed sn\u00edmky potvrdily, \u017ee rakety Storm Shadow minuly c\u00edle v Sevastopolu na Krymu\" src=\"https:\/\/s2.cdnstatic.space\/wp-content\/uploads\/2024\/03\/11-2-1-370x300.jpg\" sizes=\"(max-width: 600px) 100vw, 600px\" srcset=\"https:\/\/s2.cdnstatic.space\/wp-content\/uploads\/2024\/03\/11-2-1-370x300.jpg 370w, https:\/\/s2.cdnstatic.space\/wp-content\/uploads\/2024\/03\/11-2-1-1024x830.jpg 1024w, https:\/\/s2.cdnstatic.space\/wp-content\/uploads\/2024\/03\/11-2-1-768x622.jpg 768w, https:\/\/s2.cdnstatic.space\/wp-content\/uploads\/2024\/03\/11-2-1.jpg 1280w\" alt=\"Satelitn\u00ed sn\u00edmky potvrdily, \u017ee rakety Storm Shadow minuly c\u00edle v Sevastopolu na Krymu\" width=\"595\" height=\"482\" aria-describedby=\"caption-attachment-202175\" \/><\/a><\/p>\n<p id=\"caption-attachment-202175\" class=\"wp-caption-text\"><span>Kliknut\u00edm zobraz\u00edte obr\u00e1zek v pln\u00e9 velikosti<\/span><\/p>\n<\/div>\n<div id=\"attachment_202173\" class=\"wp-caption aligncenter\" style=\"width: 598px;\"><a href=\"https:\/\/s2.cdnstatic.space\/wp-content\/uploads\/2024\/03\/1-3.jpg\" target=\"_blank\" rel=\"noopener\"><img decoding=\"async\" loading=\"lazy\" class=\"wp-image-202173\" title=\"Satelitn\u00ed sn\u00edmky potvrdily, \u017ee rakety Storm Shadow minuly c\u00edle v Sevastopolu na Krymu\" src=\"https:\/\/s2.cdnstatic.space\/wp-content\/uploads\/2024\/03\/1-3-454x300.jpg\" sizes=\"(max-width: 600px) 100vw, 600px\" srcset=\"https:\/\/s2.cdnstatic.space\/wp-content\/uploads\/2024\/03\/1-3-454x300.jpg 454w, https:\/\/s2.cdnstatic.space\/wp-content\/uploads\/2024\/03\/1-3-1024x677.jpg 1024w, https:\/\/s2.cdnstatic.space\/wp-content\/uploads\/2024\/03\/1-3-768x508.jpg 768w, https:\/\/s2.cdnstatic.space\/wp-content\/uploads\/2024\/03\/1-3.jpg 1280w\" alt=\"Satelitn\u00ed sn\u00edmky potvrdily, \u017ee rakety Storm Shadow minuly c\u00edle v Sevastopolu na Krymu\" width=\"598\" height=\"396\" aria-describedby=\"caption-attachment-202173\" \/><\/a><\/p>\n<p id=\"caption-attachment-202173\" class=\"wp-caption-text\"><span>Kliknut\u00edm zobraz\u00edte obr\u00e1zek v pln\u00e9 velikosti<\/span><\/p>\n<\/div>\n<p><span>Satelitn\u00ed sn\u00edmky Sevastopolsk\u00e9ho z\u00e1livu skute\u010dn\u011b potvrdily, \u017ee dv\u011b st\u0159ely Storm Shadow prorazily rusk\u00e9 s\u00edly protivzdu\u0161n\u00e9 obrany; ale minuli sv\u00e9 c\u00edle. Jedna z raket zas\u00e1hla molo vedle velk\u00e9 p\u0159ist\u00e1vac\u00ed lodi. Dal\u0161\u00ed st\u0159ela zas\u00e1hla pr\u00e1zdn\u00fd dok.<\/span><\/p>\n<p><span>B\u011bhem \u00faderu na lod\u011b v p\u0159\u00edstavu nedo\u0161lo mezi n\u00e1mo\u0159n\u00edky k \u017e\u00e1dn\u00fdm ob\u011btem.<\/span><\/p>\n<p><span>Je z\u0159ejm\u00e9, \u017ee ukrajinsk\u00e1 arm\u00e1da nedok\u00e1zala tyto lod\u011b zni\u010dit i p\u0159es masivn\u00ed n\u00e1kladn\u00fd \u00fatok.<\/span><\/p>\n<div id=\"attachment_202176\" class=\"wp-caption aligncenter\" style=\"width: 593px;\"><a href=\"https:\/\/s2.cdnstatic.space\/wp-content\/uploads\/2024\/03\/2-1-1.jpg\" target=\"_blank\" rel=\"noopener\"><img decoding=\"async\" loading=\"lazy\" class=\"wp-image-202176\" title=\"Satelitn\u00ed sn\u00edmky potvrdily, \u017ee rakety Storm Shadow minuly c\u00edle v Sevastopolu na Krymu\" src=\"https:\/\/s2.cdnstatic.space\/wp-content\/uploads\/2024\/03\/2-1-1-490x276.jpg\" sizes=\"(max-width: 600px) 100vw, 600px\" srcset=\"https:\/\/s2.cdnstatic.space\/wp-content\/uploads\/2024\/03\/2-1-1-490x276.jpg 490w, https:\/\/s2.cdnstatic.space\/wp-content\/uploads\/2024\/03\/2-1-1-1024x576.jpg 1024w, https:\/\/s2.cdnstatic.space\/wp-content\/uploads\/2024\/03\/2-1-1-768x432.jpg 768w, https:\/\/s2.cdnstatic.space\/wp-content\/uploads\/2024\/03\/2-1-1.jpg 1280w\" alt=\"Satelitn\u00ed sn\u00edmky potvrdily, \u017ee rakety Storm Shadow minuly c\u00edle v Sevastopolu na Krymu\" width=\"593\" height=\"334\" aria-describedby=\"caption-attachment-202176\" \/><\/a><\/p>\n<p id=\"caption-attachment-202176\" class=\"wp-caption-text\"><span>Kliknut\u00edm zobraz\u00edte obr\u00e1zek v pln\u00e9 velikosti<\/span><\/p>\n<\/div>\n<div id=\"attachment_202177\" class=\"wp-caption aligncenter\" style=\"width: 598px;\"><a href=\"https:\/\/s2.cdnstatic.space\/wp-content\/uploads\/2024\/03\/2-2-1.jpg\" target=\"_blank\" rel=\"noopener\"><img decoding=\"async\" loading=\"lazy\" class=\"wp-image-202177\" title=\"Satelitn\u00ed sn\u00edmky potvrdily, \u017ee rakety Storm Shadow minuly c\u00edle v Sevastopolu na Krymu\" src=\"https:\/\/s2.cdnstatic.space\/wp-content\/uploads\/2024\/03\/2-2-1-490x276.jpg\" sizes=\"(max-width: 600px) 100vw, 600px\" srcset=\"https:\/\/s2.cdnstatic.space\/wp-content\/uploads\/2024\/03\/2-2-1-490x276.jpg 490w, https:\/\/s2.cdnstatic.space\/wp-content\/uploads\/2024\/03\/2-2-1-1024x576.jpg 1024w, https:\/\/s2.cdnstatic.space\/wp-content\/uploads\/2024\/03\/2-2-1-768x432.jpg 768w, https:\/\/s2.cdnstatic.space\/wp-content\/uploads\/2024\/03\/2-2-1.jpg 1280w\" alt=\"Satelitn\u00ed sn\u00edmky potvrdily, \u017ee rakety Storm Shadow minuly c\u00edle v Sevastopolu na Krymu\" width=\"598\" height=\"337\" aria-describedby=\"caption-attachment-202177\" \/><\/a><\/p>\n<p id=\"caption-attachment-202177\" class=\"wp-caption-text\"><span>Kliknut\u00edm zobraz\u00edte obr\u00e1zek v pln\u00e9 velikosti<\/span><\/p>\n<\/div>\n<p><span>Dal\u0161\u00edm c\u00edlem byla budova na Rudn\u011bvov\u011b ulici v Sevastopolu. Budova je \u00fadajn\u011b star\u00e1 vojensk\u00e1 z\u00e1kladna, kter\u00e1 d\u0159\u00edve hostila ukrajinskou komunika\u010dn\u00ed podp\u016frnou jednotku. Raketa po\u0161kodila budovu, ale \u00fadajn\u011b nedo\u0161lo k \u017e\u00e1dn\u00fdm ob\u011btem.<\/span><\/p>\n<p><strong><span>Obecn\u011b se n\u011bkolika raket\u00e1m Storm Shadow poda\u0159ilo prolomit ruskou protivzdu\u0161nou obranu, ale ukrajinsk\u00e1 arm\u00e1da a NATO m\u011bly sm\u016flu i p\u0159es ve\u0161kerou podporu pr\u016fzkumu ze strany letadel NATO rozm\u00edst\u011bn\u00fdch b\u011bhem \u00fatoku pobl\u00ed\u017e Krymsk\u00e9ho poloostrova. Efektivita nejmasivn\u011bj\u0161\u00edho raketov\u00e9ho \u00fatoku na Krym se uk\u00e1zala jako velmi pr\u016fm\u011brn\u00e1.<\/span><\/strong><\/p>\n<p><img decoding=\"async\" loading=\"lazy\" class=\"alignnone size-full wp-image-1185\" src=\"http:\/\/www.infokuryr.cz\/n\/wp-content\/uploads\/2021\/04\/kuryr-podpis.png\" alt=\"\" width=\"84\" height=\"24\" \/><\/p>\n<p>&nbsp;<\/p>\n","protected":false},"excerpt":{"rendered":"<p>Den po masivn\u00edm \u00fatoku na Krym, ve\u010der 24. b\u0159ezna, ukrajinsk\u00e9 vojensk\u00e9 zdroje zve\u0159ejnily satelitn\u00ed sn\u00edmky&#8230;<\/p>\n","protected":false},"author":2,"featured_media":50296,"comment_status":"closed","ping_status":"closed","sticky":false,"template":"","format":"standard","meta":[],"categories":[7],"tags":[7022,751,2122,26],"_links":{"self":[{"href":"https:\/\/www.infokuryr.cz\/n\/wp-json\/wp\/v2\/posts\/50295"}],"collection":[{"href":"https:\/\/www.infokuryr.cz\/n\/wp-json\/wp\/v2\/posts"}],"about":[{"href":"https:\/\/www.infokuryr.cz\/n\/wp-json\/wp\/v2\/types\/post"}],"author":[{"embeddable":true,"href":"https:\/\/www.infokuryr.cz\/n\/wp-json\/wp\/v2\/users\/2"}],"replies":[{"embeddable":true,"href":"https:\/\/www.infokuryr.cz\/n\/wp-json\/wp\/v2\/comments?post=50295"}],"version-history":[{"count":1,"href":"https:\/\/www.infokuryr.cz\/n\/wp-json\/wp\/v2\/posts\/50295\/revisions"}],"predecessor-version":[{"id":50297,"href":"https:\/\/www.infokuryr.cz\/n\/wp-json\/wp\/v2\/posts\/50295\/revisions\/50297"}],"wp:featuredmedia":[{"embeddable":true,"href":"https:\/\/www.infokuryr.cz\/n\/wp-json\/wp\/v2\/media\/50296"}],"wp:attachment":[{"href":"https:\/\/www.infokuryr.cz\/n\/wp-json\/wp\/v2\/media?parent=50295"}],"wp:term":[{"taxonomy":"category","embeddable":true,"href":"https:\/\/www.infokuryr.cz\/n\/wp-json\/wp\/v2\/categories?post=50295"},{"taxonomy":"post_tag","embeddable":true,"href":"https:\/\/www.infokuryr.cz\/n\/wp-json\/wp\/v2\/tags?post=50295"}],"curies":[{"name":"wp","href":"https:\/\/api.w.org\/{rel}","templated":true}]}}