{"id":5028,"date":"2021-09-27T06:28:19","date_gmt":"2021-09-27T04:28:19","guid":{"rendered":"http:\/\/www.infokuryr.cz\/n\/?p=5028"},"modified":"2021-09-27T06:28:19","modified_gmt":"2021-09-27T04:28:19","slug":"kdo-jim-dal-pravo","status":"publish","type":"post","link":"https:\/\/www.infokuryr.cz\/n\/2021\/09\/27\/kdo-jim-dal-pravo\/","title":{"rendered":"Kdo jim dal pr\u00e1vo?"},"content":{"rendered":"<div id=\"fb-root\"><\/div>\n<p><span class=\"anotation\">D\u011bn\u00ed v\u00a0Austr\u00e1lii mus\u00ed b\u00fdt roz\u010darov\u00e1n\u00edm pro ka\u017ed\u00e9ho, kdo m\u011bl dosud iluze o demokrati\u010dnosti \u017eivota na vysn\u011bn\u00e9m Z\u00e1padu. P\u0159i z\u00e1b\u011brech z\u00a0ulic australsk\u00fdch velk\u00fdch m\u011bst je t\u0159eba si \u00a0pokl\u00e1dat ot\u00e1zku, jak\u00fdm pr\u00e1vem se m\u016f\u017ee kter\u00fdkoliv z\u00e1padn\u00ed politik jen slovem zmi\u0148ovat o situaci v\u00a0Rusku \u010di B\u011blorusku. Neplat\u00ed to jen pro ulice a demonstrace, t\u00fdk\u00e1 se to i voleb, jejich\u017e ji\u017e d\u00e1vno prok\u00e1zan\u00e1 manipulace v\u00a0USA a dle indici\u00ed p\u0159ipraven\u00e1 i pro N\u011bmecko, kde omylem na televizn\u00ed stanici ARD unikly v\u00fdsledky d\u0159\u00edve, ne\u017e hlasov\u00e1n\u00ed skon\u010dilo, mimochodem po vzoru USA p\u0159ev\u00e1\u017en\u011b koresponden\u010dn\u00ed, m\u00e1 daleko k\u00a0ozna\u010den\u00ed poctiv\u00e9 a demokratick\u00e9. NWO si sna\u017e\u00ed pojistit sv\u016fj n\u00e1stup k\u00a0moci v\u0161emi prost\u0159edky.<\/span><\/p>\n<div id=\"pagetext\">\n<p>\u00a0Vra\u0165me se do Austr\u00e1lie. Ozbrojen\u00e1 komanda pohybuj\u00edc\u00ed se po ulic\u00edch a terorizuj\u00edc\u00ed obyvatelstvo snad ani nemohou b\u00fdt Australan\u00e9. Chov\u00e1n\u00ed t\u011bchto maniak\u016f vy\u017e\u00edvaj\u00edc\u00edch se v n\u00e1sil\u00ed na ob\u010danech, \u010dasto p\u0159edev\u0161\u00edm na \u017een\u00e1ch, je uk\u00e1zkou zv\u016fle moci. Je t\u0159eba si p\u0159ipomenout, \u017ee politick\u00e1 reprezentace zem\u011b je volena a do rozhoduj\u00edc\u00edch pozic ji volili lid\u00e9, kte\u0159\u00ed jsou moment\u00e1ln\u011b na ulic\u00edch ml\u00e1ceni a omezov\u00e1ni. Ti u\u017e toho jist\u011b lituj\u00ed. Politici nap\u0159\u00ed\u010d sv\u011btem podlehnuli l\u00e1kadlu pen\u011bz a postavili se na stranu covidov\u00e9 mafie. Je v podstat\u011b jedno, k jak\u00e9mu vyzn\u00e1n\u00ed, ideologii \u010di sm\u011bru pat\u0159\u00ed, rozhl\u00e9dneme li se po planet\u011b, spektrum covidohysterik\u016f je po t\u00e9to str\u00e1nce natolik rozmanit\u00e9, \u017ee lze s podivem vn\u00edmat podez\u0159elou jednotnost i tam, kde se doty\u010dn\u00ed v jin\u00fdch z\u00e1le\u017eitostech shodnout nemohli. O\u010dkuje se ve velk\u00e9m v Ma\u010farsku, Polsku, ale tak\u00e9 v cel\u00e9 EU, V Saudsk\u00e9 Ar\u00e1bii i Izraeli,v USA, \u010c\u00edn\u011b i v Rusku, by\u0165 tam vlastn\u00edmi vakc\u00ednami nezalo\u017een\u00fdmi na mRNA syst\u00e9mu. P\u00e1r v\u00fdjimek, kde se odm\u00edtli p\u0159idat, skon\u010dilo podez\u0159elou smrt\u00ed prezident\u016f.<\/p>\n<p>Nen\u00ed tedy p\u0159ekvapen\u00ed, \u017ee australsk\u00e1 vl\u00e1da se k ofici\u00e1ln\u00ed covidov\u00e9 ideologii p\u0159idala, s podivem v\u0161ak je agresivita, se kterou nech\u00e1v\u00e1 zasahovat ozbrojen\u00e9 slo\u017eky. M\u016f\u017ee \u010dlov\u011bk, kter\u00fd denn\u011b n\u011bkoho zml\u00e1t\u00ed a ulici jen proto, \u017ee doty\u010dn\u00fd vy\u0161el z domova, pokusil se vyhledat nap\u0159\u00edklad dentistu \u010di si cht\u011bl n\u011bco sehnat k j\u00eddlu, ov\u0161em mimo koridor p\u0159edur\u010den\u00fd vl\u00e1dou, p\u0159ij\u00edt v klidu dom\u016f, pol\u00edbit man\u017eelku a d\u011bti a pustit si televizi s obl\u00edben\u00fdm seri\u00e1lem? Jsou v australsk\u00fdch m\u011bstech skute\u010dn\u011b m\u00edstn\u00ed policist\u00e9, nebo jde o n\u011bjak\u00e9 speci\u00e1ln\u00ed s\u00edly NWO? Teror spu\u0161t\u011bn\u00fd proti Australan\u016fm se v\u0161ak net\u00fdk\u00e1 jen t\u011bch bit\u00fdch na ulic\u00edch. Minim\u00e1ln\u011b 36000 jich \u017eije u\u017e dlouho mimo vlast a nesm\u00ed se vr\u00e1tit dom\u016f. Nikdo ne\u0159e\u0161\u00ed, kde a jak p\u0159e\u017e\u00edvaj\u00ed, nikoho nezaj\u00edmaj\u00ed jejich existen\u010dn\u00ed probl\u00e9my a nemo\u017enost vr\u00e1tit se ke sv\u00fdm rodin\u00e1m. Je mo\u017eno konstatovat, \u017ee Australan\u00e9 po v\u00edce jak \u00be stolet\u00ed pozn\u00e1vaj\u00ed, jak se v Evrop\u011b za v\u00e1lky chovalo gestapo. Jen s t\u00edm rozd\u00edlem, \u017ee za 2.sv\u011btov\u00e9 v\u00e1lky absolutn\u00ed v\u011bt\u0161ina gestap\u00e1k\u016f byla z N\u011bmecka, zat\u00edmco v Austr\u00e1lii jsou to pravd\u011bpodobn\u011b m\u00edstn\u00ed, kdo po\u0159\u00e1d\u00e1 hon na vlastn\u00ed ob\u010dany.<\/p>\n<p>Francie za\u017e\u00edv\u00e1 dal\u0161\u00ed protestn\u00ed v\u00edkend. I tam policist\u00e9 vyu\u017e\u00edvaj\u00ed bojov\u00e9 techniky ur\u010den\u00e9 pro pouli\u010dn\u00ed boje, z\u00e1rove\u0148 zemi vl\u00e1dne dikt\u00e1tor spolupracuj\u00edc\u00ed s NWO. Nikdo nev\u00ed, kdy a jak cel\u00e1 covidom\u00e1nie skon\u010d\u00ed, ale pokud dojde na ob\u010danskou na\u0161tvanost a bude j\u00ed umo\u017en\u011bn pr\u016fchod, mohou se elity typu Macrona ob\u00e1vat o svou budoucnost. Merkelov\u00e1 odch\u00e1z\u00ed do politick\u00e9ho d\u016fchodu, tedy doufejme, p\u0159esto i na ni by mohla ruka spravedlnosti dos\u00e1hnout, proto\u017ee pr\u00e1v\u011b ona je jednou z tv\u00e1\u0159\u00ed tragick\u00fdch zm\u011bn Z\u00e1padu. I se zd\u00e1, \u017ee byla evidentn\u011b manipulov\u00e1na n\u011bk\u00fdm v pozad\u00ed. Proto\u017ee tolik hlouposti se v jedn\u00e9 b\u00fdval\u00e9 svaza\u010dce snad koncentrovat ani nemohlo. Ostatn\u011b i v N\u011bmecku je v ulic\u00edch plno nepokoj\u016f a tamn\u00ed policist\u00e9 nejsou s protestuj\u00edc\u00edmi o nic v\u00edc solid\u00e1rn\u00ed ne\u017e v Austr\u00e1lii. Tedy pokud nejste sou\u010d\u00e1st\u00ed levice a Antify, t\u00e9 proch\u00e1z\u00ed dosud skoro v\u0161e. Na rozd\u00edl od N\u011bmecka a Austr\u00e1lie jsou Francouzov\u00e9 zvykl\u00ed b\u00fdt v ulic\u00edch, a tak \u010dlenov\u00e9 tamn\u00edch komand mus\u00ed ob\u010das hl\u00e1sit \u00fastup a ur\u010dit\u00e9 ztr\u00e1ty pozic.<\/p>\n<p>Pod\u00edv\u00e1me li se do dal\u0161\u00edch st\u00e1t\u016f, pak rakousk\u00e1 policie je vst\u0159\u00edcn\u011bj\u0161\u00ed a dokonce se ob\u010das p\u0159id\u00e1 k davu. Slov\u00e1ci maj\u00ed sm\u016flu a a\u017e na v\u00fdjimky jsou tamn\u00ed zl\u00ed ho\u0161i v uniform\u00e1ch skute\u010dn\u011b agresivn\u00ed a poslu\u0161n\u00ed vl\u00e1d\u011b. U n\u00e1s v zemi \u0160vejk\u016f jsou demonstruj\u00edc\u00ed zm\u011bk\u010dil\u00ed a t\u011b\u017ekood\u011bnci maj\u00ed snadnou \u00falohu. Nav\u00edc vnitrospole\u010densk\u00e1 situace neumo\u017e\u0148uje jednotn\u00fd postup, v dob\u011b covidov\u00e9 jsme unik\u00e1tn\u011b rozt\u0159\u00ed\u0161t\u011bn\u00fd n\u00e1rod. Tak\u017ee p\u0159\u00edpadn\u00e9 demonstrace maj\u00ed relativn\u011b komorn\u00ed charakter a est\u00e9b\u00e1ck\u00e1 historie policejn\u00edch slo\u017eek a n\u011bkter\u00fdch jejich \u010dlen\u016f s nimi um\u00ed pracovat. P\u0159iznejme si v\u0161ak, \u017ee p\u0159edstava toho, jak jsme jako mlad\u00ed st\u00e1li proti kordon\u016fm policist\u016f na N\u00e1rodn\u00ed, by se mohla vr\u00e1tit, je moment\u00e1ln\u011b nerealizovateln\u00e1 a z\u00e1rove\u0148 je zklam\u00e1n\u00edm ze sou\u010dasnosti a z toho, kam jsme to dopracovali.<\/p>\n<p>Svoboda a demokracie se staly pr\u00e1zdn\u00fdmi pojmy a nahradily je takov\u00e1 \u0161\u00edlenstv\u00ed, jak\u00fdmi jsou liberalismus, neomarxismus, Green Deal, Great Reset, spole\u010dn\u00e9 euro, LGBT. BLM, NWO. Vstup do EU byl chybou. Obrovskou. A kup\u00edme dal\u0161\u00ed. Na\u0161i politici vykopali v\u00e1le\u010dnou sekyru s\u00a0Ruskem, B\u011bloruskem, nov\u011b s\u00a0Polskem. Respektive byli p\u0159esv\u011bd\u010deni, a\u0165 to ud\u011blaj\u00ed, a ve sv\u00e9 hami\u017enosti a v\u00a0r\u00e1mci pokrytectv\u00ed to tak\u00e9 u\u010dinili. Doplat\u00edme na to my v\u0161ichni. A\u0165 ti, co s\u00a0t\u00edm souhlas\u00ed, tak i ostatn\u00ed, kte\u0159\u00ed si nad t\u00edm v\u0161\u00edm mohou hlavu ukroutit. \u010cekaj\u00ed n\u00e1s roky nesvobody, chudoby a\u017e hladu, mo\u017en\u00e1 dojde na v\u00e1lky. A to jen proto, \u017ee jsme pohodln\u00ed p\u0159em\u00fd\u0161let, l\u00edn\u00ed n\u011bco ud\u011blat a neschopn\u00ed se vzep\u0159\u00edt. Dob\u0159e n\u00e1m tak.<\/p>\n<\/div>\n<p><a href=\"https:\/\/www.inadhled.cz\/uvaha-dne\/kdo-jim-dal-pravo-\/\">Jind\u0159ich Kulhav\u00fd<\/a><\/p>\n<p>&nbsp;<\/p>\n","protected":false},"excerpt":{"rendered":"<p>D\u011bn\u00ed v\u00a0Austr\u00e1lii mus\u00ed b\u00fdt roz\u010darov\u00e1n\u00edm pro ka\u017ed\u00e9ho, kdo m\u011bl dosud iluze o demokrati\u010dnosti \u017eivota na&#8230;<\/p>\n","protected":false},"author":2,"featured_media":5029,"comment_status":"closed","ping_status":"closed","sticky":false,"template":"","format":"standard","meta":[],"categories":[6],"tags":[23,29,402],"_links":{"self":[{"href":"https:\/\/www.infokuryr.cz\/n\/wp-json\/wp\/v2\/posts\/5028"}],"collection":[{"href":"https:\/\/www.infokuryr.cz\/n\/wp-json\/wp\/v2\/posts"}],"about":[{"href":"https:\/\/www.infokuryr.cz\/n\/wp-json\/wp\/v2\/types\/post"}],"author":[{"embeddable":true,"href":"https:\/\/www.infokuryr.cz\/n\/wp-json\/wp\/v2\/users\/2"}],"replies":[{"embeddable":true,"href":"https:\/\/www.infokuryr.cz\/n\/wp-json\/wp\/v2\/comments?post=5028"}],"version-history":[{"count":0,"href":"https:\/\/www.infokuryr.cz\/n\/wp-json\/wp\/v2\/posts\/5028\/revisions"}],"wp:featuredmedia":[{"embeddable":true,"href":"https:\/\/www.infokuryr.cz\/n\/wp-json\/wp\/v2\/media\/5029"}],"wp:attachment":[{"href":"https:\/\/www.infokuryr.cz\/n\/wp-json\/wp\/v2\/media?parent=5028"}],"wp:term":[{"taxonomy":"category","embeddable":true,"href":"https:\/\/www.infokuryr.cz\/n\/wp-json\/wp\/v2\/categories?post=5028"},{"taxonomy":"post_tag","embeddable":true,"href":"https:\/\/www.infokuryr.cz\/n\/wp-json\/wp\/v2\/tags?post=5028"}],"curies":[{"name":"wp","href":"https:\/\/api.w.org\/{rel}","templated":true}]}}