{"id":50272,"date":"2024-03-26T00:36:32","date_gmt":"2024-03-25T23:36:32","guid":{"rendered":"https:\/\/www.infokuryr.cz\/n\/?p=50272"},"modified":"2024-03-25T16:43:42","modified_gmt":"2024-03-25T15:43:42","slug":"peter-haisenko-co-je-cilem-teroristickeho-utoku-v-moskve","status":"publish","type":"post","link":"https:\/\/www.infokuryr.cz\/n\/2024\/03\/26\/peter-haisenko-co-je-cilem-teroristickeho-utoku-v-moskve\/","title":{"rendered":"Peter Haisenko: Co je c\u00edlem teroristick\u00e9ho \u00fatoku v Moskv\u011b?"},"content":{"rendered":"<div id=\"fb-root\"><\/div>\n<p class=\"bodytext\"><strong>Ji\u017e v\u00edce ne\u017e deset let prob\u00edhaj\u00ed pokusy o destabilizaci Rusk\u00e9 federace. Sankce a embarga nedos\u00e1hly sv\u00e9ho c\u00edle a Rusko je stabiln\u011bj\u0161\u00ed ne\u017e kdy p\u0159edt\u00edm. Je teroristick\u00fd \u00fatok v Moskv\u011b dal\u0161\u00edm stupn\u011bm eskalace?<\/strong><\/p>\n<p class=\"bodytext\"><span>Rusko je multietnick\u00fd st\u00e1t, ve kter\u00e9m se nejrozmanit\u011bj\u0161\u00ed etnick\u00e9 skupiny a n\u00e1bo\u017eenstv\u00ed vz\u00e1jemn\u011b ovliv\u0148uj\u00ed m\u00edrumilovn\u011b a dokonce i p\u0159\u00e1telsky. Stejn\u011b jako S\u00fdrie je Rusko sekul\u00e1rn\u00edm st\u00e1tem, ve kter\u00e9m maj\u00ed sv\u00e9 m\u00edsto v\u0161echna n\u00e1bo\u017eenstv\u00ed. V S\u00fdrii se nezda\u0159il pokus o vytvo\u0159en\u00ed vnitropolitick\u00e9ho konfliktu mezi n\u00e1bo\u017eenstv\u00edmi s pomoc\u00ed IS. Koncept m\u00edrov\u00e9ho sou\u017eit\u00ed n\u00e1bo\u017eenstv\u00ed je v rozporu se z\u00e1padn\u00edm principem \u201erozd\u011bl a panuj\u201c. N\u00e1bo\u017eenstv\u00ed bylo v\u017edy zneu\u017e\u00edv\u00e1no k vytv\u00e1\u0159en\u00ed nen\u00e1visti, a t\u00edm k tomu, aby v\u00e1lka z\u00edskala zvl\u00e1\u0161\u0165 fanatickou slo\u017eku. Co to m\u00e1 spole\u010dn\u00e9ho s teroristick\u00fdm \u00fatokem v Moskv\u011b?<\/span><\/p>\n<p class=\"bodytext\"><span>Velmi rychle, p\u0159\u00edli\u0161 rychle se objevil dopis o odpov\u011bdnosti od IS, ve kter\u00e9m se IS p\u0159ihl\u00e1sil k odpov\u011bdnosti za teror. Tato verze byla ozn\u00e1mena i ve Washingtonu a pr\u00fd to nebyl Kyjev. Americk\u00e1 tajn\u00e1 slu\u017eba varovala sv\u00e9 ob\u010dany, kte\u0159\u00ed st\u00e1le \u017eij\u00ed v Rusku, p\u0159ed \u00fatokem p\u0159es ambas\u00e1du v Moskv\u011b ze 7. b\u0159ezna a doporu\u010dila jim, aby se vyh\u00fdbali velk\u00fdm shrom\u00e1\u017ed\u011bn\u00edm lid\u00ed. Toto varov\u00e1n\u00ed nebylo zasl\u00e1no p\u0159\u00edmo moskevsk\u00fdm \u00fa\u0159ad\u016fm. USA tedy o p\u0159\u00edprav\u00e1ch \u00fatoku n\u011bco v\u011bd\u011bly. Ale kolik toho v\u011bd\u011bli a odkud?<\/span><\/p>\n<p><img decoding=\"async\" loading=\"lazy\" class=\"wp-image-50274 alignleft\" src=\"http:\/\/www.infokuryr.cz\/n\/wp-content\/uploads\/2024\/03\/socha-svobody-300x293.jpg\" alt=\"\" width=\"457\" height=\"446\" srcset=\"https:\/\/www.infokuryr.cz\/n\/wp-content\/uploads\/2024\/03\/socha-svobody-300x293.jpg 300w, https:\/\/www.infokuryr.cz\/n\/wp-content\/uploads\/2024\/03\/socha-svobody.jpg 592w\" sizes=\"(max-width: 457px) 100vw, 457px\" \/><\/p>\n<p class=\"bodytext\"><span style=\"font-size: 18pt;\"><strong>Teror b\u011bhem ramad\u00e1nu?<\/strong><\/span><\/p>\n<p class=\"bodytext\"><span>Odpov\u011bdnost IS je atypick\u00e1. Nyn\u00ed existuje n\u011bkolik \u010d\u00e1st\u00ed IS a ne v\u017edy souhlas\u00ed. Krom\u011b dal\u0161\u00edch nesrovnalost\u00ed jsou nejist\u00e9 informace o tom, kter\u00e9 odd\u011blen\u00ed p\u0159eb\u00edr\u00e1 odpov\u011bdnost. \u010cty\u0159i z pachatel\u016f u\u017e byli dopadeni a pravd\u011bpodobn\u011b kolem sedmi dal\u0161\u00edch, kte\u0159\u00ed s organizac\u00ed pom\u00e1hali. Zaj\u00edmav\u00e9 je, kde byli pachatel\u00e9 dopadeni. V aut\u011b byli na cest\u011b na Ukrajinu. 400 kilometr\u016f od Moskvy a jen asi 100 kilometr\u016f od ukrajinsk\u00fdch hranic. Nemysl\u00edm si, \u017ee to samo o sob\u011b je d\u016fkazem, \u017ee akce byly podniknuty jm\u00e9nem Kyjeva. Kde jinde ne\u017e na Ukrajin\u011b mohli tito \u0159ezn\u00edci naj\u00edt bezpe\u010dn\u00e9 \u00fato\u010di\u0161t\u011b?<\/span><\/p>\n<p class=\"bodytext\"><span>Na rozd\u00edl od toho, jak by to \u0159e\u0161ily USA nebo Francie, dal Putin v\u00fdslovn\u00fd rozkaz zajmout pachatele \u017eiv\u00e9. To bylo \u00fasp\u011b\u0161n\u00e9. Kdo za t\u00edmto \u00fatokem skute\u010dn\u011b stoj\u00ed, se ale od pachatel\u016f nepoda\u0159\u00ed zjistit. Jasn\u00e9 je, \u017ee za sv\u00e9 \u010diny dostali zaplaceno. S ekvivalentem \u017ealostn\u00fdch 5 000 eur. To ukazuje, \u017ee poch\u00e1zej\u00ed z chud\u00fdch pom\u011br\u016f. Je tam zm\u00edn\u011bn T\u00e1d\u017eikist\u00e1n. Pro m\u011b by byla novinka, \u017ee tam je frakce IS. Pro \u00fatoky IS a obecn\u011b pro \u00fatoky islamist\u016f je tak\u00e9 netypick\u00e9, \u017ee pachatel\u00e9 utekli. \u201eNorm\u00e1ln\u011b\u201c pachatel\u00e9 IS jsou sebevra\u017eedn\u00ed pachatel\u00e9, kte\u0159\u00ed se pak t\u011b\u0161\u00ed do sv\u00e9ho r\u00e1je se spoustou panen. A co v\u00edc, je ramad\u00e1n a muslimov\u00e9 b\u011bhem tohoto posv\u00e1tn\u00e9ho \u010dasu nep\u00e1chaj\u00ed \u017e\u00e1dn\u00e9 \u00fatoky. Existuje tedy mnoho nesrovnalost\u00ed.<\/span><\/p>\n<p class=\"bodytext\"><span style=\"font-size: 18pt;\"><strong>Kdo z toho t\u011b\u017e\u00ed?<\/strong><\/span><\/p>\n<p class=\"bodytext\"><span>Mus\u00edme se tedy znovu pt\u00e1t, \u010deho bylo c\u00edlem tohoto \u00fatoku dos\u00e1hnout. Poda\u0159ilo se dos\u00e1hnout jednoho c\u00edle, a to \u0161\u00ed\u0159en\u00ed strachu mezi obyvatelstvem. D\u00e1le bude pos\u00edlena d\u0159\u00edve sp\u00ed\u0161e nen\u00e1padn\u00e1 p\u0159\u00edtomnost policejn\u00edch slo\u017eek. N\u00e1sil\u00ed nevyhnuteln\u011b vy\u017eaduje protin\u00e1sil\u00ed a to se Rus\u016fm nebude l\u00edbit. Ale to nen\u00ed v\u0161echno. Za t\u00edmto \u00fa\u010delem uva\u017eujme o vnit\u0159n\u00edm stavu Rusk\u00e9 federace. \u017dije tam kolem dvaceti milion\u016f muslim\u016f, zejm\u00e9na v ji\u017en\u00edch \u010d\u00e1stech zem\u011b. V n\u011bkter\u00fdch republik\u00e1ch tvo\u0159\u00ed v\u011bt\u0161inu populace. Pot\u00e9, co v\u0161echny pokusy obr\u00e1tit rusk\u00e9 obyvatelstvo proti jejich vl\u00e1d\u011b nebo dokonce proti sob\u011b zat\u00edm selhaly a m\u011bly dokonce opa\u010dn\u00fd \u00fa\u010dinek, nabral nyn\u00ed tento \u00fatok nov\u00fd sm\u011br.<\/span><\/p>\n<p class=\"bodytext\"><span>Okam\u017eit\u00e9 pojmenov\u00e1n\u00ed pachatel\u016f tohoto masakru jako pachatel\u016f IS, tedy muslim\u016f, m\u00e1 naru\u0161it a naru\u0161it vztah s muslimy v Rusk\u00e9 federaci. Mezi rusk\u00fdmi k\u0159es\u0165any a muslimy by m\u011bla vzniknout nen\u00e1vist. Vzpome\u0148me jen na dv\u011b \u010de\u010densk\u00e9 v\u00e1lky, 1994 a\u017e 1996 a 1999 a\u017e 2009. Nyn\u00ed je dob\u0159e zn\u00e1mo, \u017ee tyto dv\u011b v\u00e1lky vyrobila CIA s p\u0159\u00edslu\u0161n\u00fdm c\u00edlem vylomit dal\u0161\u00ed \u010d\u00e1st z Rusk\u00e9 federace a ve druh\u00e9 \u010d\u00e1sti Putin destabilizovat. Vzpome\u0148me tak\u00e9 na 23. \u0159\u00edjen 2002. Jak asi 50 \u010ce\u010denc\u016f vzalo do sv\u00e9 moci 850 rukojm\u00edch v moskevsk\u00e9m divadle Dubrovka, co\u017e tak\u00e9 st\u00e1lo \u017eivot asi 130 lid\u00ed. Nelze zapomenout na zajet\u00ed 1100 student\u016f v Beslanu v z\u00e1\u0159\u00ed 2004, p\u0159i kter\u00e9m zem\u0159elo 331 rukojm\u00edch. CIA v\u0161ak i tehdy minula sv\u016fj c\u00edl. K \u010de\u010densk\u00fdm muslim\u016fm nebyla \u017e\u00e1dn\u00e1 nen\u00e1vist. Tedy krom\u011b svat\u00e9ho Navaln\u00e9ho, \u200b\u200bkter\u00fd jim \u0159\u00edkal \u0161v\u00e1bi a cht\u011bl je v\u0161echny rozdrtit.<\/span><\/p>\n<p class=\"bodytext\"><span style=\"font-size: 18pt;\"><strong>Teroristick\u00fdm \u00fatok\u016fm nelze zabr\u00e1nit<\/strong><\/span><\/p>\n<p class=\"bodytext\"><span>\u00datok\u016fm na divadla, fotbalov\u00e9 stadiony nebo koncerty je prakticky nemo\u017en\u00e9 zabr\u00e1nit, pokud nechcete z\u0159\u00eddit policejn\u00ed st\u00e1t nebo prom\u011bnit celou zemi v \u201ebezpe\u010dnostn\u00ed z\u00f3nu\u201c, jako jsou leti\u0161t\u011b. Vzpome\u0148me, jak RAF zm\u011bnila \u017eivoty, a to nejen v N\u011bmecku. Kdo si pamatuje, kdy byla leti\u0161t\u011b kdysi otev\u0159en\u00fdmi plochami bez plot\u016f a p\u00e1sov\u00fdch prohl\u00eddek? Teror je v\u017edy n\u00e1strojem k postupn\u00e9 p\u0159em\u011bn\u011b d\u0159\u00edve svobodn\u00e9 spole\u010dnosti ve st\u00e1t, v n\u011bm\u017e ob\u010dan\u00e9 maj\u00ed v\u011b\u0159it, \u017ee je pouze pro jejich dobro, kdy\u017e se s ka\u017ed\u00fdm mus\u00ed zach\u00e1zet jako se zlo\u010dincem, ne\u017e jim bude dovoleno nastoupit do letadla. Tato metoda byla pou\u017eita i v S\u00fdrii. Byl zaveden teror a vl\u00e1da pak nem\u011bla jinou mo\u017enost, ne\u017e reagovat represemi. A pak se kauzalita obrac\u00ed a tvrd\u00ed, \u017ee p\u0159\u00ed\u010dinou byla brut\u00e1ln\u00ed vl\u00e1da. Osv\u011bd\u010den\u00e1 metoda svr\u017een\u00ed nepopul\u00e1rn\u00ed vl\u00e1dy.<\/span><\/p>\n<p class=\"bodytext\"><span>V tomto smyslu klasifikuji sou\u010dasn\u00fd masakr v Moskv\u011b. Pot\u00e9, co se nepoda\u0159ilo destabilizovat Rusko na dom\u00e1c\u00ed \u00farovni prost\u0159ednictv\u00edm sankc\u00ed, je nyn\u00ed c\u00edlem vyvolat nen\u00e1vist mezi etniky a n\u00e1bo\u017eenstv\u00edmi. Svobodn\u00fd \u017eivot v Rusku by m\u011bl b\u00fdt tak\u00e9 omezen st\u00e1lou p\u0159\u00edtomnost\u00ed policie a dok\u00e1zat tak, \u017ee Rusko je dikt\u00e1torsk\u00fd policejn\u00ed st\u00e1t, proti kter\u00e9mu se budou ob\u010dan\u00e9 bou\u0159it. To je ale nad mo\u017enosti a c\u00edle IS. Rusov\u00e9 maj\u00ed tak\u00e9 jinou mentalitu ne\u017e obyvatel\u00e9 Z\u00e1padu. Rusov\u00e9 rozli\u0161uj\u00ed mezi samotn\u00fdmi lidmi a jejich vl\u00e1dami. Stejn\u011b jako d\u011blaj\u00ed rozd\u00edl mezi b\u011b\u017en\u00fdmi muslimy a radik\u00e1ln\u00edmi islamisty. Obyvatel\u00e9 Rusk\u00e9 federace se nenechaj\u00ed postavit proti sob\u011b.<\/span><\/p>\n<p class=\"bodytext\"><span style=\"font-size: 18pt;\"><strong>Kdo za t\u00edm stoj\u00ed?<\/strong><\/span><\/p>\n<p class=\"bodytext\"><span>Ukrajina se jm\u00e9nem NATO u\u017e deset let sna\u017e\u00ed provokovat Moskvu \u00fatoky na civilisty a opl\u00e1cet ji natur\u00e1li\u00ed. Fale\u0161n\u00e9 teroristick\u00e9 \u00fatoky Ruska na Ukrajinu by se tak m\u011bly st\u00e1t prokazatelnou realitou. S\u00e1m Putin ale jasn\u011b prohl\u00e1sil, \u017ee Rusko na takovou \u00farove\u0148 nep\u016fjde a dr\u017e\u00ed se j\u00ed. Vezm\u011bte si, \u017ee na kyjevsk\u00e9 Ukrajin\u011b b\u011bhem dvou let v\u00e1lky zem\u0159elo sotva 200 civilist\u016f, a to je st\u00e1le v kontrastu se 14 000 mrtv\u00fdmi civilisty zabit\u00fdmi kyjevsk\u00fdmi vrahy na odtr\u017een\u00fdch v\u00fdchodn\u00edch \u00fazem\u00edch. Tato okolnost je pro Kreml vnitropolitick\u00fdm probl\u00e9mem, proto\u017ee b\u011b\u017en\u00ed ob\u010dan\u00e9 cht\u011bj\u00ed tvrd\u0161\u00ed reakce. Ale to by ot\u0159\u00e1slo z\u00e1kladn\u00ed ruskou filozofi\u00ed a to je p\u0159esn\u011b to, co Putin nechce.<\/span><\/p>\n<p class=\"bodytext\"><span style=\"font-size: 18pt;\"><strong>Islamist\u00e9 nevra\u017ed\u00ed, ani\u017e by chv\u00e1lili All\u00e1ha<\/strong><\/span><\/p>\n<p class=\"bodytext\"><span>Nejsiln\u011bj\u0161\u00edm argumentem proti odpov\u011bdnosti IS nebo jin\u00fdch islamistick\u00fdch skupin je, \u017ee neexistuj\u00ed \u017e\u00e1dn\u00e9 zpr\u00e1vy ani videoz\u00e1znamy terorist\u016f k\u0159i\u010d\u00edc\u00edch \u201eAll\u00e1hu akbar\u201c. Kdo tedy z\u016fstal str\u016fjcem tohoto teroristick\u00e9ho \u00fatoku? Ot\u00e1zka zn\u00ed: Do\u0161lo n\u011bkdy k teroristick\u00fdm akc\u00edm, akc\u00edm, kter\u00e9 podkop\u00e1vaj\u00ed st\u00e1t, na kter\u00fdch se CIA nepod\u00edlela? Pro\u010d by tedy nyn\u00ed m\u011blo b\u00fdt v\u0161echno jinak? Kyjev sv\u00fdmi pokra\u010duj\u00edc\u00edmi \u00fatoky na civilisty v rusk\u00e9 vlasti, nap\u0159\u00edklad v B\u011blgorodu, dlouhodob\u011b prov\u00e1d\u00ed teroristick\u00e9 \u00fatoky na Rusko. Abych nezapomn\u011bl na vra\u017edy lid\u00ed v Moskv\u011b. Z\u00e1pad doufal, \u017ee Putin dostane ve volb\u00e1ch lekci. Stal se opak, a tak je logick\u00e9, \u017ee \u00fatok \u2013 kter\u00fd byl pravd\u011bpodobn\u011b ji\u017e p\u0159ipraven \u2013 byl nyn\u00ed proveden.<\/span><\/p>\n<p class=\"bodytext\"><span>Kyjev u\u017e v\u00e1lku prohr\u00e1l a Washington to tak\u00e9 v\u00ed. V\u0161echny pokusy destabilizovat ruskou vl\u00e1du a obr\u00e1tit obyvatelstvo proti Putinovi tak\u00e9 selhaly. Tak\u017ee to vid\u00edm jako posledn\u00ed pokus o vytvo\u0159en\u00ed nesouladu mezi k\u0159es\u0165any a muslimy v Rusku s masakrem v Moskv\u011b s c\u00edlem vnit\u0159n\u011b destabilizovat Rusko. P\u0159esn\u011b to d\u011bl\u00e1 CIA v cel\u00e9m isl\u00e1msk\u00e9m sv\u011bt\u011b po \u00fatoc\u00edch na Sv\u011btov\u00e9 obchodn\u00ed centrum v New Yorku v roce 2001. Nen\u00ed pochyb o tom, \u017ee CIA v Kyjev\u011b m\u00e1 \u200b\u200bvelmi ochotn\u00e9 komplice, pokud jde o c\u00edlen\u00ed na Rusko. Za dal\u0161\u00ed le\u017e ze strany \u0158\u00ed\u0161e l\u017e\u00ed pova\u017euji snahu Z\u00e1padu obvinit IS nebo jin\u00e9 islamisty jako pachatele teroristick\u00e9ho \u00fatoku v Moskv\u011b. Putin tomu nepropadne, ale nyn\u00ed tvrd\u011bji zakro\u010d\u00ed proti vojensk\u00fdm c\u00edl\u016fm v Kyjev\u011b na Ukrajin\u011b a p\u0159edev\u0161\u00edm tam konkr\u00e9tn\u011b zni\u010d\u00ed zahrani\u010dn\u00ed \u017eold\u00e1ky a voj\u00e1ky NATO.\u00a0<\/span><\/p>\n<p><a href=\"https:\/\/www.anderweltonline.com\/klartext\/klartext-20241\/welches-ziel-verfolgt-der-terroranschlag-in-moskau\/\">Peter Haisenko<\/a><\/p>\n<p>&nbsp;<\/p>\n","protected":false},"excerpt":{"rendered":"<p>Ji\u017e v\u00edce ne\u017e deset let prob\u00edhaj\u00ed pokusy o destabilizaci Rusk\u00e9 federace. Sankce a embarga nedos\u00e1hly&#8230;<\/p>\n","protected":false},"author":2,"featured_media":50273,"comment_status":"closed","ping_status":"closed","sticky":false,"template":"","format":"standard","meta":[],"categories":[7],"tags":[7018,22,3128],"_links":{"self":[{"href":"https:\/\/www.infokuryr.cz\/n\/wp-json\/wp\/v2\/posts\/50272"}],"collection":[{"href":"https:\/\/www.infokuryr.cz\/n\/wp-json\/wp\/v2\/posts"}],"about":[{"href":"https:\/\/www.infokuryr.cz\/n\/wp-json\/wp\/v2\/types\/post"}],"author":[{"embeddable":true,"href":"https:\/\/www.infokuryr.cz\/n\/wp-json\/wp\/v2\/users\/2"}],"replies":[{"embeddable":true,"href":"https:\/\/www.infokuryr.cz\/n\/wp-json\/wp\/v2\/comments?post=50272"}],"version-history":[{"count":1,"href":"https:\/\/www.infokuryr.cz\/n\/wp-json\/wp\/v2\/posts\/50272\/revisions"}],"predecessor-version":[{"id":50275,"href":"https:\/\/www.infokuryr.cz\/n\/wp-json\/wp\/v2\/posts\/50272\/revisions\/50275"}],"wp:featuredmedia":[{"embeddable":true,"href":"https:\/\/www.infokuryr.cz\/n\/wp-json\/wp\/v2\/media\/50273"}],"wp:attachment":[{"href":"https:\/\/www.infokuryr.cz\/n\/wp-json\/wp\/v2\/media?parent=50272"}],"wp:term":[{"taxonomy":"category","embeddable":true,"href":"https:\/\/www.infokuryr.cz\/n\/wp-json\/wp\/v2\/categories?post=50272"},{"taxonomy":"post_tag","embeddable":true,"href":"https:\/\/www.infokuryr.cz\/n\/wp-json\/wp\/v2\/tags?post=50272"}],"curies":[{"name":"wp","href":"https:\/\/api.w.org\/{rel}","templated":true}]}}