{"id":50257,"date":"2024-03-25T05:56:55","date_gmt":"2024-03-25T04:56:55","guid":{"rendered":"https:\/\/www.infokuryr.cz\/n\/?p=50257"},"modified":"2024-03-25T05:56:55","modified_gmt":"2024-03-25T04:56:55","slug":"michael-svatos-sok-kyjev-najal-a-vyzbrojil-dzihadisty-aby-rozvraceli-rusko-vyvraceli-v-nem-krestanstvi","status":"publish","type":"post","link":"https:\/\/www.infokuryr.cz\/n\/2024\/03\/25\/michael-svatos-sok-kyjev-najal-a-vyzbrojil-dzihadisty-aby-rozvraceli-rusko-vyvraceli-v-nem-krestanstvi\/","title":{"rendered":"Michael Svato\u0161: \u0160OK! Kyjev najal a vyzbrojil d\u017eih\u00e1disty, aby rozvraceli Rusko, vyvraceli v n\u011bm k\u0159es\u0165anstv\u00ed&#8230;"},"content":{"rendered":"<div id=\"fb-root\"><\/div>\n<p><span style=\"font-size: 18pt; color: #993366;\"><strong>\u0160OK! Kyjev najal a vyzbrojil d\u017eih\u00e1disty, aby rozvraceli Rusko, vyvraceli v n\u011bm k\u0159es\u0165anstv\u00ed a v\u0161ude na dobyt\u00e9m \u00fazem\u00ed z\u0159izovali pravov\u011brn\u00e9 kalif\u00e1ty! Kdo vlastn\u011b nyn\u00ed tah\u00e1 za nitky sv\u011btov\u00e9ho terorismu!?<\/strong><\/span><\/p>\n<p>Teroristick\u00fd \u00fatok na\u00a0<a href=\"https:\/\/en.wikipedia.org\/wiki\/Crocus_City_Mall\">nejv\u011bt\u0161\u00ed rusk\u00e9 obchodn\u00ed a n\u00e1kupn\u00ed st\u0159edisko Crocus<\/a>\u00a0je zaj\u00edmav\u00fd z \u0159ady aspekt\u016f, a ty v\u0161echny ukazuj\u00ed, \u017ee se nejsp\u00ed\u0161 jedn\u00e1 o velice dalekos\u00e1hlou tajnou operaci, uskute\u010dn\u011bnou islamistick\u00fdmi teroristy ISIL p\u0159esn\u011b v dob\u011b, kdy kyjevsk\u00fd re\u017eim hromadn\u011b najal a vyzbrojil islamistick\u00e9 d\u017eih\u00e1disty ISIL, a jejich v\u016fdc\u016fm ud\u011blil ukrajinskou st\u00e1tn\u00ed p\u0159\u00edslu\u0161nost, a jmenoval je plukovn\u00edky, a vyslal je i s jejich tlupami na hranice s Ruskem. A n\u011bjakou n\u00e1hodou zrovna pobl\u00ed\u017e m\u00edsta, kudy se cht\u011bli z Ruska evakuovat terorist\u00e9 z moskevsk\u00e9ho Crocusu. T\u011bch n\u00e1hod je a\u017e p\u0159esp\u0159\u00edli\u0161, aby nebyly alarmuj\u00edc\u00ed. A je tak na\u010dase, se na celou z\u00e1le\u017eitost pod\u00edvat bl\u00ed\u017ee.<\/p>\n<p>\u010cesk\u00e1 i\u00a0<a href=\"https:\/\/www.theguardian.com\/world\/live\/2024\/mar\/22\/moscow-concert-attack-crocus-city-hall-shooting-russia-live-updates?filterKeyEvents=false#liveblog-navigation\">z\u00e1padn\u00ed mainstreamov\u00e1 m\u00e9dia<\/a>\u00a0za\u010dala jedno p\u0159es druh\u00e9 o v\u00edkendu hlasit\u011b v\u0159\u00edskat, \u017ee je jasn\u00e9, \u017ee teroristick\u00fd \u00fatok na moskevsk\u00fd Crocus provedli d\u017eih\u00e1dist\u00e9 ze skupiny ISIL-K, \u017ee zapojen\u00ed Ukrajiny nebo Z\u00e1padu do \u00fatok\u016f je vylou\u010deno, a dokonce,\u00a0<a href=\"https:\/\/www.theguardian.com\/world\/2024\/mar\/24\/did-ukraine-war-russian-security-services-neglect-islamist-threat-moscow\">\u017ee se jedn\u00e1 o \u00fatok pod fale\u0161nou vlajkou sp\u00e1chan\u00fd Putinem!<\/a>\u00a0Komedi\u00e1ln\u00ed Forum-24 dokonce t\u00edm,\u00a0<a href=\"https:\/\/www.forum24.cz\/proc-rosgvardija-dorazila-az-za-hodinu-kdyz-to-mela-pet-minut-cesty-pribyva-otazek-o-teroristickem-utoku\">\u017ee obvinilo Putinovy bezpe\u010dnostn\u00ed s\u00edly<\/a>\u00a0\u2013 \u017ee se na m\u00edsto teroristick\u00e9ho \u00fatoku dostavily podez\u0159ele a\u017e hodinu po jeho za\u010d\u00e1tku, a tak daly najevo, kdo za \u00fatokem stoj\u00ed \u2013 v\u0161em \u010cech\u016fm odhalilo, kdo st\u00e1l za st\u0159elbou na pra\u017esk\u00e9 Filozofick\u00e9 fakult\u011b, proto\u017ee i tam se Raku\u0161anovy bezpe\u010dnost\u00ed s\u00edly n\u011bjakou n\u00e1hodou dostavily se zna\u010dn\u00fdm zpo\u017ed\u011bn\u00edm.<\/p>\n<p>Letos 7. b\u0159ezna US gener\u00e1l Michael Kurilla na sly\u0161en\u00ed v Kongresu p\u0159iznal, \u017ee Pentagon nyn\u00ed d\u011bl\u00e1 v\u0161e proto, aby zajat\u00ed terorist\u00e9 ISIS poch\u00e1zej\u00edc\u00ed ze zem\u00ed St\u0159edn\u00ed Asie byli, co nejrychleji propu\u0161t\u011bni ze zadr\u017eovac\u00edch t\u00e1bor\u016f v americk\u00e9 okupa\u010dn\u00ed z\u00f3n\u011b v S\u00fdrii a Ir\u00e1ku, a odesl\u00e1n\u00ed do T\u00e1d\u017eikist\u00e1nu, Kyrgyzst\u00e1nu, Uzbekist\u00e1nu a Kazachst\u00e1nu!<a href=\"https:\/\/web.archive.org\/web\/20190904004048\/https:\/\/www.washingtonpost.com\/world\/at-a-sprawling-tent-camp-in-syria-isis-women-impose-a-brutal-rule\/2019\/09\/03\/3fcdfd14-c4ea-11e9-8bf7-cde2d9e09055_story.html\">\u00a0Gener\u00e1l Kurilla se na sly\u0161en\u00ed pochv\u00e1lil<\/a>, \u017ee se jen v t\u00e1bo\u0159e Al-Hawl v obsazen\u00e9 \u010d\u00e1sti S\u00fdrie u\u017e poda\u0159ilo sn\u00ed\u017eit po\u010det zadr\u017een\u00fdch stoupenc\u016f ISIT ze 70 tis\u00edc na aktu\u00e1ln\u00edch 43 tis\u00edc. T\u00e1bor Al-Hawl spravuj\u00ed Kurdov\u00e9 slou\u017e\u00edc\u00ed USA. V t\u00e1bo\u0159e plat\u00ed p\u0159\u00edsn\u00e9 vynucov\u00e1n\u00ed pravidel \u0161ar\u00edi, a ka\u017ed\u00fd,<a href=\"https:\/\/web.archive.org\/web\/20190904004048\/https:\/\/www.washingtonpost.com\/world\/at-a-sprawling-tent-camp-in-syria-isis-women-impose-a-brutal-rule\/2019\/09\/03\/3fcdfd14-c4ea-11e9-8bf7-cde2d9e09055_story.html\">\u00a0kdo by cht\u011bl pravidla poru\u0161ovat je ihned zavra\u017ed\u011bn.<\/a><\/p>\n<p>Gener\u00e1l Kurilla, hlavn\u00ed expert Pentagonu na sly\u0161en\u00ed \u0159ekl, \u017ee ISIS se op\u011bt chyst\u00e1 dob\u00edjet sv\u011bt, \u017ee p\u0159edstavuje hrozbu hlavn\u011b USA u Z\u00e1padu, a \u017ee do 6 m\u011bs\u00edc\u016f na n\u00e1s za\u00fato\u010d\u00ed. Podrobn\u011bj\u0161\u00ed informace o chystan\u00e9m \u00fatoku terorist\u016f ISIS, ale odm\u00edtl kongresman\u016fm sd\u011blit!\u00a0<a href=\"https:\/\/www.centcom.mil\/MEDIA\/Transcripts\/Article\/3700887\/senate-armed-services-committee-hearing-posture-of-united-states-central-comman\/\">Sly\u0161en\u00ed se \u00fa\u010dastnil i gener\u00e1l Michael Langley<\/a>, hlavn\u00ed expert Pentagonu na zadr\u017eov\u00e1n\u00ed Rus\u016f a \u010c\u00ed\u0148an\u016f v Africe, a ten p\u0159iznal, \u017ee ob\u011b mocnosti i Ir\u00e1n t\u011b\u017e\u00ed z toho, \u017ee USA nyn\u00ed prohr\u00e1vaj\u00ed sv\u016fj boj teroristy ISIS, a aktu\u00e1ln\u011b Rusko deklasuje USA v Severn\u00ed Africe 12 ku 1, a hroz\u00ed, \u017ee cel\u00fd region jim padne do rukou. Oba gener\u00e1lov\u00e9 se shodli, \u017ee terorist\u00e9 ISIS nyn\u00ed pro Z\u00e1pad p\u0159edstavuj\u00ed hrozbu, a hodlaj\u00ed na n\u00e1s op\u011bt \u00fato\u010dit, stejn\u011b jako v letech 2015 \u2013 2018, ale \u017ee Rusko a \u010c\u00edna p\u0159edstavuj\u00ed v\u011bt\u0161\u00ed hrozbu, proto\u017ee mohou ovl\u00e1dnout Severn\u00ed Afriku a Bl\u00edzk\u00fd v\u00fdchod.<\/p>\n<p><a href=\"https:\/\/stranapro.cz\/\"><img decoding=\"async\" loading=\"lazy\" class=\"alignnone  wp-image-40285 aligncenter\" src=\"http:\/\/www.infokuryr.cz\/n\/wp-content\/uploads\/2023\/11\/11pro-300x79.png\" alt=\"\" width=\"627\" height=\"165\" srcset=\"https:\/\/www.infokuryr.cz\/n\/wp-content\/uploads\/2023\/11\/11pro-300x79.png 300w, https:\/\/www.infokuryr.cz\/n\/wp-content\/uploads\/2023\/11\/11pro.png 363w\" sizes=\"(max-width: 627px) 100vw, 627px\" \/><\/a><\/p>\n<p>Hlavn\u00ed expert na teroristickou skupinu ISIS-K, kter\u00e1 m\u011bla podle Z\u00e1padu \u00fatok na moskevsk\u00fd Crocus sp\u00e1chat, dr. Dr. Uran Botobekov ,\u00a0<a href=\"https:\/\/moderndiplomacy.eu\/\">CEO Modern Diplomacy EU<\/a>, ve sv\u00e9 podrobn\u00e9 anal\u00fdze posledn\u00edho v\u00fdvoje skupiny ISIS-K dolo\u017eil, \u017ee skupina v posledn\u00edch m\u011bs\u00edc\u00edch zna\u010dn\u011b zm\u011bnila svoji r\u00e9toriku, a m\u00edsto v\u0161eobecn\u00e9ho \u201cboje proti \u017did\u016fm a nev\u011b\u0159\u00edc\u00edm\u201d za\u010dala hl\u00e1sit hlavn\u011b konkr\u00e9tn\u00ed nen\u00e1vist v\u016f\u010di USA.\u00a0<a href=\"https:\/\/www.hstoday.us\/featured\/new-isis-khorasan-propaganda-tactics-target-united-states\/\">Podle Botobekovy anal\u00fdzy se<\/a>\u00a0ISIS-K d\u016frazn\u011b zam\u011b\u0159ila na vykreslov\u00e1n\u00ed selh\u00e1n\u00ed Joe Bidena, por\u00e1\u017eek USA, a na dal\u0161\u00ed velmi konkr\u00e9tn\u00ed americk\u00e1 a evropsk\u00e1 t\u00e9mata, kter\u00e1 \u0161\u00ed\u0159\u00ed pomoc\u00ed sv\u00fdch medi\u00e1ln\u00edch platforem. Botobekov tvrd\u00ed, \u017ee se ISIS-K za\u010dal tak\u0159ka v\u00fdhradn\u011b zam\u011b\u0159ovat na z\u00edsk\u00e1v\u00e1n\u00ed stoupenc\u016f mezi vzd\u011blan\u00fdmi ob\u010dany st\u0159edoasijsk\u00fdch republik, zejm\u00e9na mezi t\u011bmi, kte\u0159\u00ed maj\u00ed schopnost \u017e\u00edt nepozorovan\u011b na Z\u00e1pad\u011b, a nebo tam u\u017e \u017eij\u00ed. Podle Botobekova ISIS-K soust\u0159e\u010fuje nyn\u00ed hlavn\u00ed \u00fasil\u00ed proti USA a Z\u00e1padu, kde\u017eto \u010dinnost proti Rusku a Turecku a Ir\u00e1nu utlumuje.\u00a0<a href=\"https:\/\/www.hstoday.us\/subject-matter-areas\/counterterrorism\/isis-mocks-chinese-spy-balloon-phobia-says-response-show-u-s-vulnerable-to-another-9-11-styled-heavy-blow\/\">Dokonce ISIS-K za\u010dal roz\u0161i\u0159ovat, \u017ee modloslu\u017eebn\u00edky Bidena \u010dek\u00e1 nov\u00fd 11-9<\/a>.<\/p>\n<p>Pokud srovn\u00e1me slova experta Botobekova, a obou US gener\u00e1l\u016f, je na prvn\u00ed pohled nelogick\u00e9, pro\u010d v\u0161ichni t\u0159i shodn\u011b varuj\u00ed, \u017ee ISIS-K je z\u00e1padu nebezpe\u010dn\u00fd, ohro\u017euje ho a chyst\u00e1 se opakovat velk\u00e9 teroristick\u00e9 \u00fatoky, kter\u00fdmi se v minulosti proslavil! Ale sou\u010dasn\u011b gener\u00e1l Kurilla dokl\u00e1d\u00e1 kongresman\u016fm, jak se mu nyn\u00ed da\u0159\u00ed tis\u00edce bojovn\u00edk\u016f ISIS-K \u00fasp\u011b\u0161n\u011b propou\u0161t\u011bt ze zadr\u017eovac\u00edch t\u00e1bor\u016f na svobodu!! Odpov\u011b\u010f d\u00e1v\u00e1 gener\u00e1l Langley \u2013 USA prohr\u00e1vaj\u00ed hybridn\u00ed v\u00e1lku s Ruskem a s \u010c\u00ednou, a n\u011bkte\u0159\u00ed propu\u0161t\u011bn\u00ed bojovn\u00edci proti Rus\u016fm v minulosti bojovali. V hybridn\u00ed v\u00e1lce, je ka\u017ed\u00e1 zbra\u0148 dobr\u00e1, \u017ee?<\/p>\n<p>\u201c<em>Jsem islamista. M\u00fdm c\u00edlem je v cel\u00e9m sv\u011bt\u011b zav\u00e9st n\u00e1bo\u017eenstv\u00ed All\u00e1ha, aby se podle p\u0159edpis\u016f All\u00e1ha \u017eilo v\u0161ude.<\/em>\u201c,\u00a0<a href=\"https:\/\/theintercept.com\/2016\/09\/03\/in-turkey-a-chechen-commander-makes-plans-for-war-in-syria\/\">p\u0159iznal \u0161okovan\u00fdm americk\u00fdm novin\u00e1\u0159\u016fm na tajn\u00e9 sch\u016fzce konan\u00e9 v okrajov\u00e9 istanbulsk\u00e9 \u010dtvrti Basaksehir<\/a>, kter\u00e1 je pova\u017eovan\u00e1 za hlavn\u00ed \u00fato\u010di\u0161t\u011b islamistick\u00fdch terorist\u016f v Turecku,\u00a0 jeden z hlavn\u00edch v\u016fdc\u016f teroristick\u00e9 organizace ISIS, zn\u00e1m\u00fd jako Abdul Hakim, kter\u00fd po por\u00e1\u017ece od Rus\u016f opustil S\u00fdrii, a potvrdil, \u017ee pr\u00e1v\u011b v \u00fakrytu na bezpe\u010dn\u00e9m m\u00edst\u011b chyst\u00e1 i se sv\u00fdmi stoupenci nov\u00e9 pl\u00e1ny na odvetu proti nev\u011b\u0159\u00edc\u00edm.\u00a0<a href=\"https:\/\/www.france24.com\/en\/video\/20230109-notorious-chechen-commander-leaves-syria-and-joins-ukrainian-army-to-fight-russia\">9. ledna 2023 televize France 24 ozn\u00e1mila<\/a>, \u017ee terorista Abdul Hakim byl spat\u0159en v Kyjevu, a dal se i se sv\u00fdmi bojovn\u00edky do slu\u017eeb Ukrajiny.\u00a0<a href=\"https:\/\/www.gazeta.ru\/army\/news\/2023\/01\/09\/19443901.shtml?updated\">Od Ukrajiny dokonce obdr\u017eel ob\u010danstv\u00ed<\/a>. 14. b\u0159ezna 2024 byl Abdul Hakim\u00a0<a href=\"https:\/\/lenta.ru\/news\/2024\/03\/14\/abdulhakim\/\">vyfotografov\u00e1n v ukrajinsk\u00e9 vojensk\u00e9 uniform\u011b<\/a>, jak ve spole\u010dnosti islamist\u016f s n\u00e1pisy \u201cAnsar\u201d na uniform\u00e1ch \u0159\u00edd\u00ed \u00fatoky proti rusk\u00fdm vesnic\u00edm v belgorodsk\u00e9 oblasti.\u00a0 V S\u00fdrii byl p\u0159itom Abdul Hakim jedn\u00edm z hlavn\u00edch v\u016fdc\u016f tzv. Arm\u00e1dy dobyvatel\u016f \u2013 Jaish al-Fatah \u2013<a href=\"https:\/\/en.wikipedia.org\/wiki\/Ajnad_al-Kavkaz\">\u00a0kter\u00e1 dobyla syrsk\u00e9 m\u011bsto Idlib, a sp\u00e1chala na jeho obyvatel\u00edch ty nejohavn\u011bj\u0161\u00ed zlo\u010diny jak\u00e9 si lze p\u0159edstavit<\/a>. Abdul Hakim osobn\u011b \u0159\u00eddil dobyt\u00ed m\u011bsta, a je zn\u00e1mo, \u017ee jeho bojovnici v pr\u016fb\u011bhu bitvy se syrsk\u00fdmi jednotkami pou\u017e\u00edvali americkou raketovou v\u00fdzbroj. Vzhledem k hr\u016fz\u00e1m a vra\u017ed\u011bn\u00ed civilist\u016f i zajatc\u016f, kter\u00e9 bojovn\u00edci Abdula Hakima p\u00e1chali, byli ozna\u010deni za jasn\u00e9 teroristy.<\/p>\n<p>Nen\u00ed tak asi \u017e\u00e1dnou n\u00e1hodou, \u017ee nyn\u00ed\u00a0<a href=\"https:\/\/stolica-s.su\/archives\/359059\">jeden z v\u016fdc\u016f teroristick\u00e9 organizace ISIS<\/a>\u00a0\u2013 Abdul Hakim, a jeho terorist\u00e9 op\u011bt \u00fato\u010d\u00ed na Rusko, tentokr\u00e1te sice v ukrajinsk\u00fdch uniform\u00e1ch, ale op\u011bt s americk\u00fdmi a z\u00e1padn\u00edmi zbran\u011bmi! Vyzbrojit teroristy, kte\u0159\u00ed vra\u017edili civilisty v S\u00fdrii na potk\u00e1n\u00ed, a jejich\u017e v\u016fdce sn\u00ed, \u017ee po cel\u00e9m sv\u011bt\u011b pomoc\u00ed zbran\u00ed roz\u0161\u00ed\u0159\u00ed Isl\u00e1m, jako jedin\u00e9 n\u00e1bo\u017eenstv\u00ed, mohou jenom naprosto \u0161\u00edlen\u00ed politici a gener\u00e1lov\u00e9. A kdy\u017e potom rusk\u00e9 bezpe\u010dnostn\u00ed s\u00edly zadr\u017e\u00ed teroristy ISIS na jejich \u00fat\u011bku z Moskvy, p\u0159\u00edmo na d\u00e1lnici, vedouc\u00ed na ukrajinskou hranici, a do m\u00edst, odkud zrovna jin\u00ed terorist\u00e9 ISIS \u00fato\u010d\u00ed na rusk\u00e9 vesnice a m\u011bsta, je na pr\u016f\u0161vih zad\u011bl\u00e1no! A m\u00e9dia to nep\u0159ek\u0159i\u010d\u00ed!<\/p>\n<p>V ka\u017ed\u00e9m p\u0159\u00edpad\u011b je v\u0161ak okam\u017eit\u011b, podle varov\u00e1n\u00ed gener\u00e1la Kurilly, naprosto nutn\u00e9 zatarasit hranice, a p\u0159estat p\u0159es n\u011b pou\u0161t\u011bt uprchl\u00edky. To je jedin\u00e1 cesta, jak zabr\u00e1nit podobn\u00fdm teroristick\u00fdm \u00fatok\u016fm i v Evrop\u011b! \u0158adu z t\u011bchto \u00fatok\u016f, jak m\u00e1me na pam\u011bti sp\u00e1chali pr\u00e1v\u011b terorist\u00e9 zam\u00edchan\u00ed mezi uprchl\u00edky. Orb\u00e1n se pou\u010dil, a zatarasil hranice. Nezb\u00fdv\u00e1 ne\u017e i v \u010cesku a na Slovensku volit do funkc\u00ed pouze na\u0161e Orb\u00e1ny! (Pokra\u010dov\u00e1n\u00ed z\u00edtra)<\/p>\n<p><a href=\"https:\/\/www.michalapetr.com\/map-1947-sok-kyjev-najal-a-vyzbrojil-dzihadisty-aby-rozvraceli-rusko-vyvraceli-v-nem-krestanstvi-a-vsude-na-dobytem-uzemi-zrizovali-pravoverne-kalifaty-kdo-vlastne-nyni-taha-za-nitky-svetoveho-ter\/\">Michael Svato\u0161<\/a><\/p>\n<p><img decoding=\"async\" loading=\"lazy\" class=\"alignnone size-full wp-image-27204\" src=\"http:\/\/www.infokuryr.cz\/n\/wp-content\/uploads\/2023\/05\/Michael_Svatos.png\" alt=\"\" width=\"180\" height=\"180\" srcset=\"https:\/\/www.infokuryr.cz\/n\/wp-content\/uploads\/2023\/05\/Michael_Svatos.png 180w, https:\/\/www.infokuryr.cz\/n\/wp-content\/uploads\/2023\/05\/Michael_Svatos-150x150.png 150w\" sizes=\"(max-width: 180px) 100vw, 180px\" \/><\/p>\n<p>&nbsp;<\/p>\n","protected":false},"excerpt":{"rendered":"<p>\u0160OK! Kyjev najal a vyzbrojil d\u017eih\u00e1disty, aby rozvraceli Rusko, vyvraceli v n\u011bm k\u0159es\u0165anstv\u00ed a v\u0161ude&#8230;<\/p>\n","protected":false},"author":2,"featured_media":50258,"comment_status":"closed","ping_status":"closed","sticky":false,"template":"","format":"standard","meta":[],"categories":[6],"tags":[1042,246,22,3128,26],"_links":{"self":[{"href":"https:\/\/www.infokuryr.cz\/n\/wp-json\/wp\/v2\/posts\/50257"}],"collection":[{"href":"https:\/\/www.infokuryr.cz\/n\/wp-json\/wp\/v2\/posts"}],"about":[{"href":"https:\/\/www.infokuryr.cz\/n\/wp-json\/wp\/v2\/types\/post"}],"author":[{"embeddable":true,"href":"https:\/\/www.infokuryr.cz\/n\/wp-json\/wp\/v2\/users\/2"}],"replies":[{"embeddable":true,"href":"https:\/\/www.infokuryr.cz\/n\/wp-json\/wp\/v2\/comments?post=50257"}],"version-history":[{"count":0,"href":"https:\/\/www.infokuryr.cz\/n\/wp-json\/wp\/v2\/posts\/50257\/revisions"}],"wp:featuredmedia":[{"embeddable":true,"href":"https:\/\/www.infokuryr.cz\/n\/wp-json\/wp\/v2\/media\/50258"}],"wp:attachment":[{"href":"https:\/\/www.infokuryr.cz\/n\/wp-json\/wp\/v2\/media?parent=50257"}],"wp:term":[{"taxonomy":"category","embeddable":true,"href":"https:\/\/www.infokuryr.cz\/n\/wp-json\/wp\/v2\/categories?post=50257"},{"taxonomy":"post_tag","embeddable":true,"href":"https:\/\/www.infokuryr.cz\/n\/wp-json\/wp\/v2\/tags?post=50257"}],"curies":[{"name":"wp","href":"https:\/\/api.w.org\/{rel}","templated":true}]}}