{"id":50245,"date":"2024-03-25T05:01:07","date_gmt":"2024-03-25T04:01:07","guid":{"rendered":"https:\/\/www.infokuryr.cz\/n\/?p=50245"},"modified":"2024-03-25T05:01:07","modified_gmt":"2024-03-25T04:01:07","slug":"vladimir-chomjakov-kdo-zmackl-spoust-v-crocusu-ukrajinsky-velvyslanec-verbuje-tadziky-do-valky-s-rusy","status":"publish","type":"post","link":"https:\/\/www.infokuryr.cz\/n\/2024\/03\/25\/vladimir-chomjakov-kdo-zmackl-spoust-v-crocusu-ukrajinsky-velvyslanec-verbuje-tadziky-do-valky-s-rusy\/","title":{"rendered":"Vladim\u00edr Chomjakov: Kdo zm\u00e1\u010dkl spou\u0161\u0165 v Crocusu? Ukrajinsk\u00fd velvyslanec verbuje T\u00e1d\u017eiky do v\u00e1lky s Rusy"},"content":{"rendered":"<div id=\"fb-root\"><\/div>\n<section class=\"perex\"><strong>Terorist\u00e9 v Crocusu nebyli \u017e\u00e1dn\u00ed propagandou zblbnut\u00ed diletanti, kte\u0159\u00ed souhlasili se zab\u00edjen\u00edm za sm\u011b\u0161nou \u010d\u00e1stku p\u016fl milionu rubl\u016f. Terorist\u00e9 byli p\u0159ipraveni, jejich akce n\u011bkdo velmi profesion\u00e1ln\u011b \u0159\u00eddil a koordinoval. Za 18 minut neud\u011blali jedin\u00fd zbyte\u010dn\u00fd pohyb. Polo\u017eme si tedy hlavn\u00ed ot\u00e1zku: \u201eKdo m\u011bl z teroristick\u00e9ho \u00fatoku prosp\u011bch?\u201c. A vydejme se po stop\u00e1ch&#8230;<\/strong><\/p>\n<\/section>\n<section class=\"clanek-obsah\">Zat\u00edm byli identifikov\u00e1ni jako p\u0159edstavitel\u00e9 teroristick\u00e9 organizace \u201eWilayat Khorasan \u201e* \u2013 afgh\u00e1nsk\u00e9 odno\u017ee ISIS*, kter\u00e1 sv\u00e9 akce z velk\u00e9 \u010d\u00e1sti sm\u011b\u0159uje proti sil\u00e1m bojuj\u00edc\u00edm proti hegemonii Spojen\u00fdch st\u00e1t\u016f a NATO. Bojuj\u00ed proti afgh\u00e1nsk\u00e9mu Talibanu*, prov\u00e1d\u011bj\u00ed teroristick\u00e9 \u00fatoky v \u00cdr\u00e1nu a na afgh\u00e1nsko-p\u00e1kist\u00e1nsk\u00e9 hranici, v S\u00fdrii, Ir\u00e1ku, Turecku, Indii, Libyi, Al\u017e\u00edrsku, Z\u00e1padn\u00ed Saha\u0159e, Mali, \u010cadu, S\u00fad\u00e1nu a Som\u00e1lsku. Z\u00e1rove\u0148 nemaj\u00ed \u017e\u00e1dn\u00fd probl\u00e9m s Izraelem, kter\u00fd organizoval genocidu v Gaze.<\/p>\n<p>Divn\u00e9? V\u016fbec ne. Sv\u00e9ho \u010dasu byla stejn\u00fdm americk\u00fdm projektem Al-K\u00e1ida*, jej\u00ed\u017e v\u0161echny teroristick\u00e9 \u010diny objektivn\u011b hr\u00e1ly ve prosp\u011bch USA. ISIS* nen\u00ed o nic lep\u0161\u00ed.<\/p>\n<p>V t\u00e9\u017ee S\u00fdrii \u0159e\u0161ili dva \u00fakoly. Prvn\u00edm bylo svrhnout Asadovu vl\u00e1du a p\u0159evz\u00edt kontrolu nad zem\u00ed. A druh\u00fd \u2013 ospravedlnit p\u0159\u00edtomnost americk\u00fdch vojsk na svrchovan\u00e9m \u00fazem\u00ed S\u00fdrie (v\u00fdhradn\u011b na obranu proti terorismu), a usadili se v hlavn\u00edch oblastech zem\u011b, kde se t\u011b\u017e\u00ed ropa. Do stejn\u00e9 kategorie pat\u0159\u00ed i jejich p\u0159idru\u017een\u00e1 organizace Wilayat Khorasan*.<\/p>\n<p><i>Na\u0161i nep\u0159\u00e1tel\u00e9 se ne\u0161t\u00edt\u00ed ni\u010deho. Maj\u00ed stejn\u00e9 z\u00e1jmy. Obecn\u011b plat\u00ed, \u017ee r\u016fzn\u00e9 teroristick\u00e9 organizace, kter\u00e9 se v n\u011bkter\u00fdch ohledech nep\u0159\u00e1tel\u00ed, ale vz\u00e1jemn\u011b si konkuruj\u00ed, mohou uzav\u0159\u00edt do\u010dasn\u00e9 spojenectv\u00ed, a to i proti n\u00e1m,<\/i>\u00a0\u2013 domn\u00edv\u00e1 se Roman Silantjev, vedouc\u00ed Centra pro lidsk\u00e1 pr\u00e1va Sv\u011btov\u00e9 rusk\u00e9 lidov\u00e9 rady.<\/p>\n<p>A migranti jsou pro takov\u00e9 p\u0159\u00edpady nej\u017e\u00e1dan\u011bj\u0161\u00edm materi\u00e1lem. Jak se domn\u00edv\u00e1 vojensk\u00fd zpravodaj Alexander Kots:<\/p>\n<p><em>Vytvo\u0159en\u00ed agentury v tomto prost\u0159ed\u00ed bylo jen ot\u00e1zkou \u010dasu. Nejhor\u0161\u00ed na tomto p\u0159\u00edb\u011bhu je nov\u00e1 \u00farove\u0148 motivace. Ne\u0161lo o ideologick\u00e9 teroristy, kte\u0159\u00ed by se nejrad\u011bji vyhodili do pov\u011bt\u0159\u00ed spole\u010dn\u011b se speci\u00e1ln\u00edmi jednotkami. Byli to chamtiv\u00ed seladoni, kter\u00fdm se jednoduch\u00fdmi a jasn\u00fdmi tezemi a nep\u0159\u00edli\u0161 dlouh\u00fdm rubem \u0159\u00edkalo, jak budou \u017e\u00edt pot\u00e9, co zabij\u00ed p\u00e1r stovek nev\u011b\u0159\u00edc\u00edch.<\/em><\/p>\n<div class=\"karta\" style=\"text-align: center;\">\n<figure><img decoding=\"async\" loading=\"lazy\" class=\"aligncenter\" src=\"https:\/\/zvedavec.news\/images\/24\/kdo-zmackl-spoust-1.jpg\" alt=\"[Teorie o a...]\" width=\"701\" height=\"394\" \/><figcaption><em><br \/>\nTeorie o autorstv\u00ed ISIS je pochybn\u00e1. Za cel\u00e1 ta l\u00e9ta, co s nimi bojujeme v Syrii, se v Rusku nic takov\u00e9ho nestalo.<\/em><\/figcaption><\/figure>\n<\/div>\n<h2>Ukrajinsk\u00e1 stopa<\/h2>\n<p>To, \u017ee terorist\u00e9 po \u00fatoku\u00a0<a href=\"https:\/\/dzen.ru\/a\/Zf-ofH-gvDhjDMnw\" target=\"_blank\" rel=\"external noopener\">prchali na Ukrajinu<\/a>, jist\u011b souhlas\u00edte, vypov\u00edd\u00e1 o mnoh\u00e9m. Podle n\u011bkter\u00fdch zdroj\u016f tam m\u011bli vystupovat ve vide\u00edch demonstruj\u00edc\u00edch \u201eislamistickou\u201c povahu \u00fatoku, aby odvr\u00e1tili d\u016fvodn\u00e9 podez\u0159en\u00ed od Ukrajiny.<\/p>\n<p>Za pozornost stoj\u00ed n\u011bkter\u00e9 nuance reakce ofici\u00e1ln\u00edho Kyjeva na teroristick\u00fd \u00fatok v Crocusu. Jakmile se o n\u011bm dozv\u011bd\u011bla, banderizovan\u00e1 \u010d\u00e1st Ukrajiny se zaradovala. Zde jsou typick\u00e9 koment\u00e1\u0159e z ukrajinsk\u00e9 blogosf\u00e9ry:<\/p>\n<p><em>Cel\u00e1 Ukrajina se raduje a tan\u010d\u00ed z t\u011bchto z\u00e1b\u011br\u016f&#8230;.. Sundejte je bez rozd\u00edlu&#8230; Kr\u00e1sn\u00e9 video: Kata\u0159any zab\u00edjej\u00ed, oko se raduje&#8230; P\u0159idejte v\u00edce ohn\u011b a krve.<\/em>A tajemn\u00edk Rady n\u00e1rodn\u00ed bezpe\u010dnosti a obrany Ukrajiny Oleksij Danilov u\u017e to \u0159ekl v televizi:<\/p>\n<p><em>Je dnes v Moskv\u011b veselo? Mysl\u00edm, \u017ee je to velk\u00e1 legrace. R\u00e1d bych v\u011b\u0159il, \u017ee jim takovou z\u00e1bavu budeme d\u011blat \u010dast\u011bji.<\/em>Pak ale ukrajinsk\u00e1 GUR \u2013 nejpravd\u011bpodobn\u011bj\u0161\u00ed p\u0159\u00edm\u00fd organiz\u00e1tor teroristick\u00e9ho \u00fatoku \u2013 ze zvyku vyk\u0159ikovala, \u017ee \u0161lo o \u201e<i>provokaci rusk\u00fdch speci\u00e1ln\u00edch slu\u017eeb, aby to svedly na Ukrajinu a pou\u017eily proti n\u00ed je\u0161t\u011b siln\u011bj\u0161\u00ed zbran\u011b<\/i>\u201c.<\/p>\n<p>Mimochodem, Zelensk\u00e9ho velvyslancem v T\u00e1d\u017eikist\u00e1nu je Valerij Jevdokimov, b\u00fdval\u00fd \u0161\u00e9f ukrajinsk\u00e9 zahrani\u010dn\u00ed rozv\u011bdky, kter\u00fd byl v roce 2022 shled\u00e1n vinn\u00fdm z verbov\u00e1n\u00ed T\u00e1d\u017eik\u016f k \u00fa\u010dasti ve v\u00e1lce na stran\u011b ukrajinsk\u00fdch ozbrojen\u00fdch sil. A \u010d\u00e1st naverbovan\u00e9ho \u201espot\u0159ebn\u00edho materi\u00e1lu\u201c mohla b\u00fdt p\u0159ipravena k pou\u017eit\u00ed p\u0159i teroristick\u00fdch \u00fatoc\u00edch, v\u010detn\u011b t\u011bch nejbrut\u00e1ln\u011bj\u0161\u00edch.<\/p>\n<p>S naprosto stejn\u00fdm c\u00edlem byl na Ukrajin\u011b vytvo\u0159en Rusk\u00fd dobrovolnick\u00fd sbor (RDK)* a dal\u0161\u00ed, kter\u00fdm se dnes p\u0159ipisuje v\u0161e, co se ofici\u00e1ln\u00ed Kyjev zdr\u00e1h\u00e1 vz\u00edt na sebe a z\u00e1padn\u00edm m\u00e9di\u00edm to prezentuje jako v\u00e1lku Rus\u016f proti Rus\u016fm.<\/p>\n<p>Mimochodem, podle n\u011bkter\u00fdch zpr\u00e1v p\u016fsobily v Crocusu hned dv\u011b skupiny \u2013 \u201et\u00e1d\u017eick\u00e1\u201c a \u201eslovansk\u00e1\u201c ze stejn\u00e9 RDK*. Majitel\u00e9 se z\u0159ejm\u011b nerozhodli, kter\u00e9mu z t\u011bchto dvou pachatel\u016f teroristick\u00fd \u00fatok p\u0159i\u0161\u00edt. V krajn\u00edm p\u0159\u00edpad\u011b by mohli odstranit oba.<\/p>\n<h2>Anglosask\u00e1 stopa<\/h2>\n<p>Reakce USA je p\u0159\u00edzna\u010dn\u00e1: zat\u00edmco v Crocusu byli zabiti lid\u00e9 a nic nebylo jasn\u00e9, Ameri\u010dan\u00e9 ofici\u00e1ln\u011b prohl\u00e1sili, \u017ee \u201eUkrajina s t\u00edm nem\u00e1 nic spole\u010dn\u00e9ho\u201c. Tak\u017ee to v\u011bd\u011bli p\u0159edem? A jak to mohou v\u011bd\u011bt, kdy\u017e se sami na organizaci teroristick\u00e9ho \u00fatoku nepod\u00edleli?<\/p>\n<p>Z\u00e1rove\u0148 od 7. b\u0159ezna Ameri\u010dan\u00e9 a Britov\u00e9 prost\u0159ednictv\u00edm sv\u00fdch velvyslanectv\u00ed informovali sv\u00e9 spoluob\u010dany v Rusku, aby nechodili na ve\u0159ejn\u00e9 akce, proto\u017ee se tam p\u0159ipravuje teroristick\u00fd \u00fatok. V policejn\u00edch seri\u00e1lech se tomu \u0159\u00edk\u00e1 \u201ep\u0159\u00edprava alibi p\u0159edem\u201c.<\/p>\n<h2>Izraelsk\u00e1 stopa<\/h2>\n<p>Ano, ani takovou stopu nem\u016f\u017eeme vylou\u010dit. Jak si nevzpomenout na\u00a0<a href=\"https:\/\/dzen.ru\/a\/Zerk1ovb_0qK3g6z\" target=\"_blank\" rel=\"external noopener\">v\u00fdrok Amira Whitmana<\/a>\u00a0z izraelsk\u00e9 vl\u00e1dnouc\u00ed strany Likud, \u017ee bychom m\u011bli b\u00fdt potrest\u00e1ni za podporu ni\u010den\u00ed Palestinc\u016f v Gaze:<\/p>\n<p><em>Rusko podporuje nacisty, kte\u0159\u00ed na n\u00e1s cht\u011bj\u00ed p\u00e1chat genocidu. Rusko za to zaplat\u00ed!<\/em>Nelze tedy vylou\u010dit ani \u00fa\u010dast izraelsk\u00e9ho MOSSAD na teroristick\u00e9m \u00fatoku, zejm\u00e9na s ohledem na to, \u017ee 23. b\u0159ezna za\u010d\u00edn\u00e1 Purim, jeden z hlavn\u00edch \u017eidovsk\u00fdch sv\u00e1tk\u016f, v\u011bnovan\u00fd masakru \u00edr\u00e1nsk\u00e9 elity, kter\u00fd organizuje \u017eidovsk\u00e1 komunita v Persii. A islamistick\u00fdch organizac\u00ed a skupin podporovan\u00fdch MOSSADem je cel\u00e1 \u0159ada: pokud n\u011bkdo zapomn\u011bl, nechvaln\u011b proslul\u00fd Ham\u00e1s byl rovn\u011b\u017e vytvo\u0159en Izraelci k boji proti Arafatovu Fatahu.<\/p>\n<p>Vzhledem k jednozna\u010dn\u011b negativn\u00edmu postoji Izraele k \u00cdr\u00e1nu a afgh\u00e1nsk\u00e9mu T\u00e1lib\u00e1nu*, kter\u00fd bojuje proti ISIS* a kryje v\u00fdrobu drog, je zapojen\u00ed MOSSAD do vytvo\u0159en\u00ed organizace Wilayat Khorasan* v\u00edce ne\u017e pravd\u011bpodobn\u00e9. Stejn\u011b jako vyu\u017eit\u00ed jeho chr\u00e1n\u011bnc\u016f p\u0159i teroristick\u00e9m \u00fatoku v Moskv\u011b k vyvol\u00e1n\u00ed protiisl\u00e1msk\u00fdch n\u00e1lad v Rusku a t\u00edm oslaben\u00ed podpory Palestinc\u016f.<\/p>\n<h2>Co tedy<\/h2>\n<p>Pozoruhodn\u00e9 je, \u017ee v\u0161echny v\u00fd\u0161e uveden\u00e9 \u201estopy\u201c d\u00e1vaj\u00ed dohromady jeden konzistentn\u00ed obraz. Pro kyjevsk\u00fd re\u017eim je \u017e\u00e1douc\u00ed zastavit na\u0161i ofenzivu a prodlou\u017eit jej\u00ed ag\u00f3nii. USA a Anglie si velmi p\u0159ej\u00ed porazit Rusko zevnit\u0159, kdy\u017e tam za\u0159\u00eddily zmatek, nejl\u00e9pe na mezietnick\u00e9 a mezin\u00e1bo\u017eensk\u00e9 p\u016fd\u011b. Za t\u00edmto \u00fa\u010delem p\u0159edem dovezen\u00ed teroristi\u010dt\u00ed migranti sp\u00e1chaj\u00ed v Moskv\u011b demonstrativn\u00ed masovou vra\u017edu, kterou pravd\u011bpodobn\u011b provede ukrajinsk\u00e1 GUR pod veden\u00edm britsk\u00fdch \u201eJames Bond\u016f\u201c.<\/p>\n<p>Z \u010deho\u017e vyu\u017eij\u00ed toho, \u017ee pachatel\u00e9 jsou T\u00e1d\u017eikov\u00e9, a vyvolaj\u00ed mezietnick\u00e9 konflikty a zapoj\u00ed do nich 10 milion\u016f migrant\u016f, aby \u201epomohli sv\u00fdm souv\u011brc\u016fm\u201c. Co bude n\u00e1sledovat, je jasn\u00e9: pot\u00e9 Rusko nebude p\u0159ipraveno na ofenz\u00edvu a p\u00e1t\u00e1 kolona op\u011bt nastol\u00ed ot\u00e1zku \u201em\u00edrov\u00fdch rozhovor\u016f\u201c, po nich\u017e na Ukrajinu vstoup\u00ed vojska NATO, aby u\u017e nedo\u0161lo k \u017e\u00e1dn\u00fdm SWO a \u201edenacifikaci\u201c.<\/p>\n<p>Jak\u00fd je z\u00e1v\u011br? Te\u010f je d\u016fle\u017eit\u00e9 ned\u011blat ve v\u011bcech nepo\u0159\u00e1dek (i kdy\u017e bychom opravdu cht\u011bli!), proto\u017ee pr\u00e1v\u011b k tomu se n\u00e1s sna\u017e\u00ed dotla\u010dit t\u00edmto teroristick\u00fdm \u00fatokem. Nechme pracovat speci\u00e1ln\u00ed slu\u017eby, kter\u00e9 maxim\u00e1ln\u011b vyu\u017eij\u00ed sv\u00e9 pravomoci k likvidaci spolupachatel\u016f terorismu kdekoli na sv\u011bt\u011b. Dejte \u010das veden\u00ed zem\u011b (kter\u00e9 si nem\u016f\u017ee neuv\u011bdomit, \u017ee sranda skon\u010dila a je tu v\u00e1lka, a to teroristick\u00e1), aby p\u0159ijalo opat\u0159en\u00ed adekv\u00e1tn\u00ed situaci. Nejl\u00e9pe v duchu \u201eoko za oko\u201c.<\/p>\n<div class=\"podcarou\">\n<p><a href=\"https:\/\/tsargrad.tv\/articles\/kto-nazhal-na-kurok-v-krokuse-posol-ukrainy-verbuet-tadzhikov-na-vojnu-s-russkimi_977719\" target=\"_blank\" rel=\"external noopener\">\u041a\u0422\u041e \u041d\u0410\u0416\u0410\u041b \u041d\u0410 \u041a\u0423\u0420\u041e\u041a \u0412 &#8222;\u041a\u0420\u041e\u041a\u0423\u0421\u0415&#8220;: \u041f\u041e\u0421\u041e\u041b \u0423\u041a\u0420\u0410\u0418\u041d\u042b \u0412\u0415\u0420\u0411\u0423\u0415\u0422 \u0422\u0410\u0414\u0416\u0418\u041a\u041e\u0412 \u041d\u0410 \u0412\u041e\u0419\u041d\u0423 \u0421 \u0420\u0423\u0421\u0421\u041a\u0418\u041c\u0418<\/a> vy\u0161el 24.3.2024 na tsargrad.tv. P\u0159eklad\u00a0<a href=\"https:\/\/zvedavec.news\/komentare\/2024\/03\/10026-kdo-zmackl-spoust-v-crocusu.htm\">Zvedavec.org<\/a><\/p>\n<\/div>\n<p>&nbsp;<\/p>\n<\/section>\n","protected":false},"excerpt":{"rendered":"<p>Terorist\u00e9 v Crocusu nebyli \u017e\u00e1dn\u00ed propagandou zblbnut\u00ed diletanti, kte\u0159\u00ed souhlasili se zab\u00edjen\u00edm za sm\u011b\u0161nou \u010d\u00e1stku&#8230;<\/p>\n","protected":false},"author":2,"featured_media":50246,"comment_status":"closed","ping_status":"closed","sticky":false,"template":"","format":"standard","meta":[],"categories":[7],"tags":[246,3128,26,365],"_links":{"self":[{"href":"https:\/\/www.infokuryr.cz\/n\/wp-json\/wp\/v2\/posts\/50245"}],"collection":[{"href":"https:\/\/www.infokuryr.cz\/n\/wp-json\/wp\/v2\/posts"}],"about":[{"href":"https:\/\/www.infokuryr.cz\/n\/wp-json\/wp\/v2\/types\/post"}],"author":[{"embeddable":true,"href":"https:\/\/www.infokuryr.cz\/n\/wp-json\/wp\/v2\/users\/2"}],"replies":[{"embeddable":true,"href":"https:\/\/www.infokuryr.cz\/n\/wp-json\/wp\/v2\/comments?post=50245"}],"version-history":[{"count":0,"href":"https:\/\/www.infokuryr.cz\/n\/wp-json\/wp\/v2\/posts\/50245\/revisions"}],"wp:featuredmedia":[{"embeddable":true,"href":"https:\/\/www.infokuryr.cz\/n\/wp-json\/wp\/v2\/media\/50246"}],"wp:attachment":[{"href":"https:\/\/www.infokuryr.cz\/n\/wp-json\/wp\/v2\/media?parent=50245"}],"wp:term":[{"taxonomy":"category","embeddable":true,"href":"https:\/\/www.infokuryr.cz\/n\/wp-json\/wp\/v2\/categories?post=50245"},{"taxonomy":"post_tag","embeddable":true,"href":"https:\/\/www.infokuryr.cz\/n\/wp-json\/wp\/v2\/tags?post=50245"}],"curies":[{"name":"wp","href":"https:\/\/api.w.org\/{rel}","templated":true}]}}