{"id":50211,"date":"2024-03-25T00:47:31","date_gmt":"2024-03-24T23:47:31","guid":{"rendered":"https:\/\/www.infokuryr.cz\/n\/?p=50211"},"modified":"2024-03-24T18:06:12","modified_gmt":"2024-03-24T17:06:12","slug":"cina-je-pripravena-prijmout-rozhodna-opatreni-v-reakci-na-provokace-filipin","status":"publish","type":"post","link":"https:\/\/www.infokuryr.cz\/n\/2024\/03\/25\/cina-je-pripravena-prijmout-rozhodna-opatreni-v-reakci-na-provokace-filipin\/","title":{"rendered":"\u010c\u00edna je p\u0159ipravena p\u0159ijmout rozhodn\u00e1 opat\u0159en\u00ed v reakci na provokace Filip\u00edn"},"content":{"rendered":"<div id=\"fb-root\"><\/div>\n<p class=\"lead\"><strong>\u010c\u00edna p\u0159ijme r\u00e1zn\u00e1 opat\u0159en\u00ed v reakci na provokace Filip\u00edn na ochranu sv\u00e9 \u00fazemn\u00ed suverenity, n\u00e1mo\u0159n\u00edch pr\u00e1v a z\u00e1jm\u016f. Uvedl to ofici\u00e1ln\u00ed z\u00e1stupce ministerstva obrany \u010c\u00ednsk\u00e9 lidov\u00e9 republiky Wu Qian.<\/strong><\/p>\n<p><em>&#8222;Pokud budou Filip\u00edny nad\u00e1le zpochyb\u0148ovat pozici \u010d\u00ednsk\u00e9 strany, \u010c\u00edna odpov\u00ed p\u0159ijet\u00edm rozhodn\u00fdch opat\u0159en\u00ed na ochranu sv\u00e9 \u00fazemn\u00ed suverenity, n\u00e1mo\u0159n\u00edch pr\u00e1v a z\u00e1jm\u016f,&#8220; dodal.<span class=\"after-quote\"> \u2014 cituj\u00ed medi\u00e1ln\u00ed agentury z prohl\u00e1\u0161en\u00ed z\u00e1stupce \u010d\u00ednsk\u00e9ho vojensk\u00e9ho odd\u011blen\u00ed.<\/span><\/em><\/p>\n<p><span>Peking pova\u017euje vstup filip\u00ednsk\u00fdch z\u00e1sobovac\u00edch plavidel a lod\u00ed pob\u0159e\u017en\u00ed str\u00e1\u017ee do sporn\u00fdch vod \u00fatesu Renai (Ayungin) v Jiho\u010d\u00ednsk\u00e9m mo\u0159i za provokaci.<\/span><\/p>\n<p><span>Ji\u017e d\u0159\u00edve filip\u00ednsk\u00e9 ozbrojen\u00e9 s\u00edly ozn\u00e1mily, \u017ee lod\u011b \u010d\u00ednsk\u00e9 pob\u0159e\u017en\u00ed str\u00e1\u017ee pou\u017e\u00edvaly vodn\u00ed d\u011bla proti filip\u00ednsk\u00fdm z\u00e1sobovac\u00edm lod\u00edm v oblasti sporn\u00e9 m\u011bl\u010diny v Jiho\u010d\u00ednsk\u00e9m mo\u0159i.<\/span><\/p>\n<p><img decoding=\"async\" loading=\"lazy\" class=\"alignnone size-full wp-image-1185\" src=\"http:\/\/www.infokuryr.cz\/n\/wp-content\/uploads\/2021\/04\/kuryr-podpis.png\" alt=\"\" width=\"84\" height=\"24\" \/><\/p>\n<p>&nbsp;<\/p>\n","protected":false},"excerpt":{"rendered":"<p>\u010c\u00edna p\u0159ijme r\u00e1zn\u00e1 opat\u0159en\u00ed v reakci na provokace Filip\u00edn na ochranu sv\u00e9 \u00fazemn\u00ed suverenity, n\u00e1mo\u0159n\u00edch&#8230;<\/p>\n","protected":false},"author":2,"featured_media":50212,"comment_status":"closed","ping_status":"closed","sticky":false,"template":"","format":"standard","meta":[],"categories":[7],"tags":[30,3986,716],"_links":{"self":[{"href":"https:\/\/www.infokuryr.cz\/n\/wp-json\/wp\/v2\/posts\/50211"}],"collection":[{"href":"https:\/\/www.infokuryr.cz\/n\/wp-json\/wp\/v2\/posts"}],"about":[{"href":"https:\/\/www.infokuryr.cz\/n\/wp-json\/wp\/v2\/types\/post"}],"author":[{"embeddable":true,"href":"https:\/\/www.infokuryr.cz\/n\/wp-json\/wp\/v2\/users\/2"}],"replies":[{"embeddable":true,"href":"https:\/\/www.infokuryr.cz\/n\/wp-json\/wp\/v2\/comments?post=50211"}],"version-history":[{"count":0,"href":"https:\/\/www.infokuryr.cz\/n\/wp-json\/wp\/v2\/posts\/50211\/revisions"}],"wp:featuredmedia":[{"embeddable":true,"href":"https:\/\/www.infokuryr.cz\/n\/wp-json\/wp\/v2\/media\/50212"}],"wp:attachment":[{"href":"https:\/\/www.infokuryr.cz\/n\/wp-json\/wp\/v2\/media?parent=50211"}],"wp:term":[{"taxonomy":"category","embeddable":true,"href":"https:\/\/www.infokuryr.cz\/n\/wp-json\/wp\/v2\/categories?post=50211"},{"taxonomy":"post_tag","embeddable":true,"href":"https:\/\/www.infokuryr.cz\/n\/wp-json\/wp\/v2\/tags?post=50211"}],"curies":[{"name":"wp","href":"https:\/\/api.w.org\/{rel}","templated":true}]}}