{"id":50166,"date":"2024-03-24T05:07:12","date_gmt":"2024-03-24T04:07:12","guid":{"rendered":"https:\/\/www.infokuryr.cz\/n\/?p=50166"},"modified":"2024-03-24T05:07:12","modified_gmt":"2024-03-24T04:07:12","slug":"v-peti-regionech-ukrajiny-byl-vyhlasen-letecky-poplach-3","status":"publish","type":"post","link":"https:\/\/www.infokuryr.cz\/n\/2024\/03\/24\/v-peti-regionech-ukrajiny-byl-vyhlasen-letecky-poplach-3\/","title":{"rendered":"V p\u011bti regionech Ukrajiny byl vyhl\u00e1\u0161en leteck\u00fd poplach"},"content":{"rendered":"<div id=\"fb-root\"><\/div>\n<p class=\"lead\"><strong>Podle \u00fadaj\u016f z online mapy ukrajinsk\u00e9ho ministerstva pro digit\u00e1ln\u00ed transformaci zn\u00ed v\u00fdstraha p\u0159ed n\u00e1letem v \u010cernovick\u00e9, Chmelnick\u00e9, Vinnyck\u00e9, \u010cerkask\u00e9 a Nikolajevsk\u00e9 oblasti na Ukrajin\u011b.<\/strong><\/p>\n<p><span>Podle online mapy byl poplachov\u00fd sign\u00e1l vyhl\u00e1\u0161en v Mykolajivsk\u00e9 oblasti ve 02:05 evropsk\u00e9ho \u010dasu a o \u0161est minut pozd\u011bji v \u010cernovick\u00e9 oblasti. D\u0159\u00edve v 02:40 byl vyhl\u00e1\u0161en poplach v Chmelnick\u00e9 oblasti, v 01:35 &#8211; ve Vinnyck\u00e9 oblasti je poplach v \u010cerkask\u00e9 oblasti vyhl\u00e1\u0161en od 03.01.<\/span><\/p>\n<p><span>Rusk\u00e9 ozbrojen\u00e9 s\u00edly za\u010daly ude\u0159it na ukrajinskou infrastrukturu 10. \u0159\u00edjna 2022, dva dny po teroristick\u00e9m \u00fatoku na Krymsk\u00fd most, kter\u00fd podle rusk\u00fdch \u00fa\u0159ad\u016f st\u00e1l za ukrajinsk\u00fdmi speci\u00e1ln\u00edmi slu\u017ebami. V cel\u00e9 zemi prob\u00edhaj\u00ed \u00fadery proti energetice, obrann\u00e9mu pr\u016fmyslu, vojensk\u00e9mu velitelstv\u00ed a komunika\u010dn\u00edm za\u0159\u00edzen\u00edm. Od t\u00e9 doby jsou v ukrajinsk\u00fdch regionech, n\u011bkdy i v cel\u00e9 zemi, ka\u017ed\u00fd den vyhla\u0161ov\u00e1ny leteck\u00e9 poplachy.<\/span><\/p>\n<p><img decoding=\"async\" loading=\"lazy\" class=\"alignnone size-full wp-image-1185\" src=\"http:\/\/www.infokuryr.cz\/n\/wp-content\/uploads\/2021\/04\/kuryr-podpis.png\" alt=\"\" width=\"84\" height=\"24\" \/><\/p>\n<p>&nbsp;<\/p>\n<p>&nbsp;<\/p>\n","protected":false},"excerpt":{"rendered":"<p>Podle \u00fadaj\u016f z online mapy ukrajinsk\u00e9ho ministerstva pro digit\u00e1ln\u00ed transformaci zn\u00ed v\u00fdstraha p\u0159ed n\u00e1letem v&#8230;<\/p>\n","protected":false},"author":2,"featured_media":22281,"comment_status":"closed","ping_status":"closed","sticky":false,"template":"","format":"standard","meta":[],"categories":[7],"tags":[4375,3535,26],"_links":{"self":[{"href":"https:\/\/www.infokuryr.cz\/n\/wp-json\/wp\/v2\/posts\/50166"}],"collection":[{"href":"https:\/\/www.infokuryr.cz\/n\/wp-json\/wp\/v2\/posts"}],"about":[{"href":"https:\/\/www.infokuryr.cz\/n\/wp-json\/wp\/v2\/types\/post"}],"author":[{"embeddable":true,"href":"https:\/\/www.infokuryr.cz\/n\/wp-json\/wp\/v2\/users\/2"}],"replies":[{"embeddable":true,"href":"https:\/\/www.infokuryr.cz\/n\/wp-json\/wp\/v2\/comments?post=50166"}],"version-history":[{"count":0,"href":"https:\/\/www.infokuryr.cz\/n\/wp-json\/wp\/v2\/posts\/50166\/revisions"}],"wp:featuredmedia":[{"embeddable":true,"href":"https:\/\/www.infokuryr.cz\/n\/wp-json\/wp\/v2\/media\/22281"}],"wp:attachment":[{"href":"https:\/\/www.infokuryr.cz\/n\/wp-json\/wp\/v2\/media?parent=50166"}],"wp:term":[{"taxonomy":"category","embeddable":true,"href":"https:\/\/www.infokuryr.cz\/n\/wp-json\/wp\/v2\/categories?post=50166"},{"taxonomy":"post_tag","embeddable":true,"href":"https:\/\/www.infokuryr.cz\/n\/wp-json\/wp\/v2\/tags?post=50166"}],"curies":[{"name":"wp","href":"https:\/\/api.w.org\/{rel}","templated":true}]}}