{"id":50067,"date":"2024-03-23T06:56:15","date_gmt":"2024-03-23T05:56:15","guid":{"rendered":"https:\/\/www.infokuryr.cz\/n\/?p=50067"},"modified":"2024-03-23T09:39:03","modified_gmt":"2024-03-23T08:39:03","slug":"smrt-za-smrt-teroriste-musi-byt-nemilosrdne-zniceni","status":"publish","type":"post","link":"https:\/\/www.infokuryr.cz\/n\/2024\/03\/23\/smrt-za-smrt-teroriste-musi-byt-nemilosrdne-zniceni\/","title":{"rendered":"\u201eSmrt za smrt\u201c: Terorist\u00e9 mus\u00ed b\u00fdt \u201enemilosrdn\u011b zni\u010deni\u201c"},"content":{"rendered":"<div id=\"fb-root\"><\/div>\n<p><span style=\"font-size: 18pt;\"><strong>B\u00fdval\u00fd rusk\u00fd prezident reagoval na \u00fatok na radnici Crocus<\/strong><\/span><\/p>\n<p><strong>Pachatel\u00e9 a organiz\u00e1to\u0159i<\/strong> p\u00e1te\u010dn\u00edho teroristick\u00e9ho \u00fatoku na moskevsk\u00e9m koncertn\u00edm m\u00edst\u011b mus\u00ed b\u00fdt bez milosti dohn\u00e1ni, trval na tom b\u00fdval\u00fd rusk\u00fd prezident Dmitrij Medved\u011bv.<\/p>\n<p>Nejm\u00e9n\u011b 93 lid\u00ed bylo zabito a v\u00edce ne\u017e 145 zran\u011bno, kdy\u017e n\u011bkolik mu\u017e\u016f vyzbrojen\u00fdch \u00fato\u010dn\u00fdmi pu\u0161kami zah\u00e1jilo palbu uvnit\u0159 Crocus City Hall a pot\u00e9 zap\u00e1lili m\u00edsto koncertu.<\/p>\n<p>Medved\u011bv je v sou\u010dasnosti m\u00edstop\u0159edsedou Rady n\u00e1rodn\u00ed bezpe\u010dnosti.\u00a0V p\u00e1tek ve\u010der v\u00a0<a href=\"https:\/\/t.me\/medvedev_telegram\/471\">telegramu<\/a>\u00a0vyj\u00e1d\u0159il soustrast rodin\u00e1m zabit\u00fdch a povzbudil p\u0159\u00edbuzn\u00e9 zran\u011bn\u00fdch.<\/p>\n<p><em>\u201eTerorist\u00e9 ch\u00e1pou pouze teror jako odpov\u011b\u010f.\u00a0\u017d\u00e1dn\u00e9 soudy ani vy\u0161et\u0159ov\u00e1n\u00ed nepomohou, pokud se nebr\u00e1n\u00ed s\u00edle silou a proti \u00famrt\u00edm poprav\u00e1m terorist\u016f a z\u00e1tah\u016fm proti jejich rodin\u00e1m,\u201c<\/em>\u00a0napsal s t\u00edm, \u017ee toto je\u00a0<em>\u201ecesta sv\u011bta\u201c.<\/em><\/p>\n<p><strong><em>\u201ePokud se uk\u00e1\u017ee, \u017ee tito terorist\u00e9 jsou kyjevsk\u00fdm re\u017eimem, nem\u016f\u017eeme s nimi a jejich ideologick\u00fdmi inspir\u00e1tory jednat jinak.\u00a0V\u0161ichni mus\u00ed b\u00fdt nalezeni a nemilosrdn\u011b zni\u010deni jako terorist\u00e9 \u2013 v\u010detn\u011b p\u0159edstavitel\u016f st\u00e1tu, kter\u00fd takov\u00e9 zv\u011brstvo sp\u00e1chal,\u201c<\/em><\/strong>\u00a0dodal.<\/p>\n<p><strong><em>&#8222;Smrt za smrt.&#8220;<\/em><\/strong><\/p>\n<p>Medved\u011bvova slova odr\u00e1\u017eela linii rusk\u00e9ho prezidenta Vladimira Putina, kterou vyslovil v roce 1999, kdy\u017e byl nov\u011b jmenovan\u00fdm premi\u00e9rem a chystal se zah\u00e1jit protiteroristickou operaci na severn\u00edm Kavkaze.<\/p>\n<p><em>&#8222;Budeme pron\u00e1sledovat teroristy v\u0161ude,&#8220;<\/em>\u00a0\u0159ekl tehdy Putin.\u00a0<em>&#8222;Pokud je najdeme na z\u00e1chod\u011b, vyhod\u00edme je i s n\u00edm.&#8220;<\/em><\/p>\n<p>Putin na to v roce 2011 vzpom\u00ednal a \u0159ekl, \u017ee fr\u00e1ze, kterou pou\u017eil, mohla b\u00fdt\u00a0<em>\u201enep\u0159\u00edjemn\u00e1\u201c,<\/em>\u00a0ale sentiment za t\u00edm byl up\u0159\u00edmn\u00fd a spr\u00e1vn\u00fd.<\/p>\n<p><img decoding=\"async\" loading=\"lazy\" class=\"alignnone size-full wp-image-1185\" src=\"http:\/\/www.infokuryr.cz\/n\/wp-content\/uploads\/2021\/04\/kuryr-podpis.png\" alt=\"\" width=\"84\" height=\"24\" \/><\/p>\n<p>&nbsp;<\/p>\n","protected":false},"excerpt":{"rendered":"<p>B\u00fdval\u00fd rusk\u00fd prezident reagoval na \u00fatok na radnici Crocus Pachatel\u00e9 a organiz\u00e1to\u0159i p\u00e1te\u010dn\u00edho teroristick\u00e9ho \u00fatoku&#8230;<\/p>\n","protected":false},"author":2,"featured_media":11938,"comment_status":"closed","ping_status":"closed","sticky":false,"template":"","format":"standard","meta":[],"categories":[7],"tags":[214,474,835],"_links":{"self":[{"href":"https:\/\/www.infokuryr.cz\/n\/wp-json\/wp\/v2\/posts\/50067"}],"collection":[{"href":"https:\/\/www.infokuryr.cz\/n\/wp-json\/wp\/v2\/posts"}],"about":[{"href":"https:\/\/www.infokuryr.cz\/n\/wp-json\/wp\/v2\/types\/post"}],"author":[{"embeddable":true,"href":"https:\/\/www.infokuryr.cz\/n\/wp-json\/wp\/v2\/users\/2"}],"replies":[{"embeddable":true,"href":"https:\/\/www.infokuryr.cz\/n\/wp-json\/wp\/v2\/comments?post=50067"}],"version-history":[{"count":0,"href":"https:\/\/www.infokuryr.cz\/n\/wp-json\/wp\/v2\/posts\/50067\/revisions"}],"wp:featuredmedia":[{"embeddable":true,"href":"https:\/\/www.infokuryr.cz\/n\/wp-json\/wp\/v2\/media\/11938"}],"wp:attachment":[{"href":"https:\/\/www.infokuryr.cz\/n\/wp-json\/wp\/v2\/media?parent=50067"}],"wp:term":[{"taxonomy":"category","embeddable":true,"href":"https:\/\/www.infokuryr.cz\/n\/wp-json\/wp\/v2\/categories?post=50067"},{"taxonomy":"post_tag","embeddable":true,"href":"https:\/\/www.infokuryr.cz\/n\/wp-json\/wp\/v2\/tags?post=50067"}],"curies":[{"name":"wp","href":"https:\/\/api.w.org\/{rel}","templated":true}]}}