{"id":50063,"date":"2024-03-23T06:49:39","date_gmt":"2024-03-23T05:49:39","guid":{"rendered":"https:\/\/www.infokuryr.cz\/n\/?p=50063"},"modified":"2024-03-23T06:49:39","modified_gmt":"2024-03-23T05:49:39","slug":"velky-teroristicky-utok-v-moskevske-koncertni-sini-co-zatim-vime","status":"publish","type":"post","link":"https:\/\/www.infokuryr.cz\/n\/2024\/03\/23\/velky-teroristicky-utok-v-moskevske-koncertni-sini-co-zatim-vime\/","title":{"rendered":"Velk\u00fd teroristick\u00fd \u00fatok v moskevsk\u00e9 koncertn\u00ed s\u00edni: Co zat\u00edm v\u00edme"},"content":{"rendered":"<div id=\"fb-root\"><\/div>\n<p><span style=\"font-size: 18pt;\"><strong>Ozbrojenci zabili a zranili des\u00edtky lid\u00ed, kte\u0159\u00ed se z\u00fa\u010dastnili koncertu nedaleko rusk\u00e9 metropole<\/strong><\/span><\/p>\n<p><span>Rusko v p\u00e1tek za\u017eilo jeden z nejhor\u0161\u00edch teroristick\u00fdch \u00fatok\u016f ve sv\u00e9 novodob\u00e9 historii.\u00a0Nejm\u00e9n\u011b 40 lid\u00ed bylo zabito a mnoho zran\u011bno skupinou ozbrojenc\u016f, kte\u0159\u00ed za\u00fato\u010dili na velk\u00e9 hudebn\u00ed m\u00edsto nedaleko Moskvy.<\/span><\/p>\n<p><span>Podrobnosti se st\u00e1le objevuj\u00ed, ale zd\u00e1 se, \u017ee \u00fatok byl dob\u0159e p\u0159ipraven a navr\u017een tak, aby maximalizoval ztr\u00e1ty.\u00a0Zde je to, co je dosud zn\u00e1mo.<\/span><\/p>\n<h2><span>Nabit\u00e9 m\u00edsto<\/span><\/h2>\n<p><span>Terorist\u00e9 za\u00fato\u010dili na radnici Crocus, koncertn\u00ed m\u00edsto v Krasnogorsku, osad\u011b na z\u00e1padn\u00edm okraji rusk\u00e9 metropole.\u00a0Je sou\u010d\u00e1st\u00ed v\u011bt\u0161\u00edho z\u00e1bavn\u00edho komplexu otev\u0159en\u00e9ho v roce 2009, jeho\u017e sou\u010d\u00e1st\u00ed je tak\u00e9 n\u00e1kupn\u00ed centrum a hotel.<\/span><\/p>\n<p><span>Koncertn\u00ed s\u00e1l pojme a\u017e 7500 lid\u00ed a byl t\u00e9m\u011b\u0159 p\u0159epln\u011bn\u00fd, kdy\u017e terorist\u00e9 zah\u00e1jili \u00fatok.\u00a0Vystoupit m\u011bla popul\u00e1rn\u00ed rockov\u00e1 skupina Picnic.<\/span><\/p>\n<h2><span>St\u0159eleck\u00e9 \u0159\u00e1d\u011bn\u00ed<\/span><\/h2>\n<p><span>Podle z\u00e1b\u011br\u016f, kter\u00e9 koluj\u00ed online, se st\u0159elby z\u00fa\u010dastnilo asi p\u011bt ozbrojenc\u016f.\u00a0Zd\u00e1lo se, \u017ee maj\u00ed automatick\u00e9 st\u0159eln\u00e9 zbran\u011b a dal\u0161\u00ed vojensk\u00e9 vybaven\u00ed.<\/span><\/p>\n<p><span>\u00dadajn\u011b zabili bezpe\u010dnostn\u00ed str\u00e1\u017ee \u2013 kte\u0159\u00ed byli neozbrojen\u00ed \u2013 u hlavn\u00edho vchodu do are\u00e1lu a zablokovali jej, ne\u017e pokra\u010dovali v \u0159\u00e1d\u011bn\u00ed uvnit\u0159.<\/span><\/p>\n<h2><span>N\u00e1sleduje velk\u00fd po\u017e\u00e1r<\/span><\/h2>\n<p><span>Jakmile se terorist\u00e9 dostali do koncertn\u00ed s\u00edn\u011b, \u00fadajn\u011b zap\u00e1lili \u017eidle uvnit\u0159.\u00a0Po\u017e\u00e1r se roz\u0161\u00ed\u0159il po cel\u00e9 budov\u011b a dostal se a\u017e na st\u0159echu, ne\u017e s n\u00edm mohli hasi\u010di za\u010d\u00edt bojovat.\u00a0Po \u00fatoku bylo vid\u011bt, jak helikopt\u00e9ry vyl\u00e9valy na budovu velk\u00e9 mno\u017estv\u00ed vody.<\/span><\/p>\n<h2><span>Des\u00edtky zabit\u00fdch<\/span><\/h2>\n<p><span>Rusk\u00e1 Feder\u00e1ln\u00ed bezpe\u010dnostn\u00ed slu\u017eba (FSB) odhadla p\u0159edb\u011b\u017en\u00fd po\u010det ob\u011bt\u00ed \u00fatoku na 70 a dodala, \u017ee kolem 150 lid\u00ed bylo zran\u011bno.<\/span><\/p>\n<p><span>Podle \u00fa\u0159edn\u00edk\u016f bylo na m\u00edsto vysl\u00e1no nejm\u00e9n\u011b 70 sanitek, kter\u00e9 se staraly o zran\u011bn\u00e9.<\/span><\/p>\n<p><span>Seznam zran\u011bn\u00fdch, kter\u00fd zve\u0159ejnilo ministerstvo zdravotnictv\u00ed Moskevsk\u00e9 oblasti, m\u00e1 v\u00edce ne\u017e 140 z\u00e1znam\u016f, z nich\u017e n\u011bkter\u00e9 je\u0161t\u011b nebyly identifikov\u00e1ny jm\u00e9nem.\u00a0Des\u00edtky ob\u011bt\u00ed byly pr\u00fd ve v\u00e1\u017en\u00e9m stavu.<\/span><\/p>\n<p><span>P\u011bt osob na seznamu jsou d\u011bti ve v\u011bku od sedmi let, p\u0159i\u010dem\u017e je uvedena i 11let\u00e1 d\u00edvka.<\/span><\/p>\n<h2><span>Osud pachatel\u016f<\/span><\/h2>\n<p><span>Rusk\u00e9 org\u00e1ny \u010dinn\u00e9 v trestn\u00edm \u0159\u00edzen\u00ed nehl\u00e1sily \u017e\u00e1dn\u00e9 zat\u010den\u00ed po st\u0159elb\u011b.\u00a0Na m\u00edsto byly vysl\u00e1ny jednotky komanda, ale nebylo hned jasn\u00e9, zda se st\u0159etly s ozbrojenci uvnit\u0159.<\/span><\/p>\n<p><span>Nepotvrzen\u00e9 zpr\u00e1vy m\u00e9di\u00ed uvedly, \u017ee n\u011bkolik zam\u011bstnanc\u016f Crocus bylo zadr\u017eeno.<\/span><\/p>\n<h2><span>Identita terorist\u016f<\/span><\/h2>\n<p><span>K \u00fatoku se bezprost\u0159edn\u011b nep\u0159ihl\u00e1sila \u017e\u00e1dn\u00e1 teroristick\u00e1 skupina. Pozd\u011bji se p\u0159ihl\u00e1sil Isl\u00e1msk\u00fd st\u00e1t.\u00a0<\/span><\/p>\n<p><span>Vysok\u00fd ukrajinsk\u00fd \u00fa\u0159edn\u00edk Michail Podoliak zve\u0159ejnil video prohl\u00e1\u0161en\u00ed na soci\u00e1ln\u00edch s\u00edt\u00edch kr\u00e1tce pot\u00e9, co se tato zpr\u00e1va objevila.\u00a0Pobo\u010dn\u00edk prezidenta Vladimira Zelensk\u00e9ho od trag\u00e9die distancoval ukrajinskou vl\u00e1du s t\u00edm, \u017ee Kyjev se ve sv\u00e9m boji proti Rusku neuchyluje k terorismu.<\/span><\/p>\n<h2><span>Reakce ze zahrani\u010d\u00ed<\/span><\/h2>\n<p><span>Mezin\u00e1rodn\u00ed organizace a zahrani\u010dn\u00ed vl\u00e1dy, v\u010detn\u011b t\u011bch, kter\u00e9 Rusko pova\u017euje za nep\u0159\u00e1telsk\u00e9, teroristick\u00fd \u00fatok odsoudily.<\/span><\/p>\n<p><span>Poradce B\u00edl\u00e9ho domu pro n\u00e1rodn\u00ed bezpe\u010dnost pro komunikaci v B\u00edl\u00e9m dom\u011b John Kirby, kter\u00fd m\u011bl kr\u00e1tce po incidentu ka\u017edodenn\u00ed br\u00edfink, nazval sn\u00edmky z m\u00edsta\u00a0<\/span><em><span>\u201et\u011b\u017eko sledovateln\u00e9\u201c<\/span><\/em><span>\u00a0a dodal:\u00a0<\/span><em><span>\u201eNa\u0161e my\u0161lenky budou zjevn\u011b sm\u011b\u0159ovat k ob\u011btem t\u00e9to hrozn\u00e9 ud\u00e1losti , hrozn\u00e9ho st\u0159eleck\u00e9ho \u00fatoku.\u201c<\/span><\/em><\/p>\n<h2><span>Bezpe\u010dnostn\u00ed v\u00fdstrahy v b\u0159eznu<\/span><\/h2>\n<p><span>Za\u010d\u00e1tkem tohoto m\u011bs\u00edce USA vydaly varov\u00e1n\u00ed sv\u00fdm ob\u010dan\u016fm v Rusku a vyzvaly je, aby se vyh\u00fdbali ve\u0159ejn\u00fdm m\u00edst\u016fm a masov\u00fdm shrom\u00e1\u017ed\u011bn\u00edm.\u00a0Velvyslanectv\u00ed tvrdilo, \u017ee\u00a0<\/span><em><span>\u201eextr\u00e9mist\u00e9\u201c<\/span><\/em><span>\u00a0maj\u00ed bezprost\u0159edn\u00ed pl\u00e1ny na \u00fatok v Moskv\u011b.\u00a0N\u011bkolik dal\u0161\u00edch ambas\u00e1d n\u00e1sledovalo p\u0159\u00edklad a vydalo podobn\u00e1 upozorn\u011bn\u00ed.<\/span><\/p>\n<p><span>Kirby zd\u016fraznil, \u017ee Washington nem\u011bl\u00a0<\/span><em><span>\u201e\u017e\u00e1dn\u00e9 pokro\u010dil\u00e9 znalosti\u201c<\/span><\/em><span>\u00a0o p\u00e1te\u010dn\u00ed st\u0159elb\u011b.<\/span><\/p>\n<p><img decoding=\"async\" loading=\"lazy\" class=\"alignnone size-full wp-image-1185\" src=\"http:\/\/www.infokuryr.cz\/n\/wp-content\/uploads\/2021\/04\/kuryr-podpis.png\" alt=\"\" width=\"84\" height=\"24\" \/><\/p>\n<p>&nbsp;<\/p>\n<p>&nbsp;<\/p>\n","protected":false},"excerpt":{"rendered":"<p>Ozbrojenci zabili a zranili des\u00edtky lid\u00ed, kte\u0159\u00ed se z\u00fa\u010dastnili koncertu nedaleko rusk\u00e9 metropole Rusko v&#8230;<\/p>\n","protected":false},"author":2,"featured_media":50064,"comment_status":"closed","ping_status":"closed","sticky":false,"template":"","format":"standard","meta":[],"categories":[7],"tags":[246,6518,3128],"_links":{"self":[{"href":"https:\/\/www.infokuryr.cz\/n\/wp-json\/wp\/v2\/posts\/50063"}],"collection":[{"href":"https:\/\/www.infokuryr.cz\/n\/wp-json\/wp\/v2\/posts"}],"about":[{"href":"https:\/\/www.infokuryr.cz\/n\/wp-json\/wp\/v2\/types\/post"}],"author":[{"embeddable":true,"href":"https:\/\/www.infokuryr.cz\/n\/wp-json\/wp\/v2\/users\/2"}],"replies":[{"embeddable":true,"href":"https:\/\/www.infokuryr.cz\/n\/wp-json\/wp\/v2\/comments?post=50063"}],"version-history":[{"count":0,"href":"https:\/\/www.infokuryr.cz\/n\/wp-json\/wp\/v2\/posts\/50063\/revisions"}],"wp:featuredmedia":[{"embeddable":true,"href":"https:\/\/www.infokuryr.cz\/n\/wp-json\/wp\/v2\/media\/50064"}],"wp:attachment":[{"href":"https:\/\/www.infokuryr.cz\/n\/wp-json\/wp\/v2\/media?parent=50063"}],"wp:term":[{"taxonomy":"category","embeddable":true,"href":"https:\/\/www.infokuryr.cz\/n\/wp-json\/wp\/v2\/categories?post=50063"},{"taxonomy":"post_tag","embeddable":true,"href":"https:\/\/www.infokuryr.cz\/n\/wp-json\/wp\/v2\/tags?post=50063"}],"curies":[{"name":"wp","href":"https:\/\/api.w.org\/{rel}","templated":true}]}}