{"id":50047,"date":"2024-03-23T00:52:11","date_gmt":"2024-03-22T23:52:11","guid":{"rendered":"https:\/\/www.infokuryr.cz\/n\/?p=50047"},"modified":"2024-03-23T09:38:42","modified_gmt":"2024-03-23T08:38:42","slug":"k-teroristickemu-utoku-doslo-v-moskve-pred-koncertem-popularni-kapely","status":"publish","type":"post","link":"https:\/\/www.infokuryr.cz\/n\/2024\/03\/23\/k-teroristickemu-utoku-doslo-v-moskve-pred-koncertem-popularni-kapely\/","title":{"rendered":"K teroristick\u00e9mu \u00fatoku do\u0161lo v Moskv\u011b p\u0159ed koncertem popul\u00e1rn\u00ed kapely"},"content":{"rendered":"<div id=\"fb-root\"><\/div>\n<h1 class=\"article__heading\">V\u00edce ne\u017e 93 ob\u011bt\u00ed st\u0159elby v moskevsk\u00e9m obchodn\u00edm centru<\/h1>\n<p><strong>V p\u00e1tek ve\u010der po 20. hodin\u011b moskevsk\u00e9ho \u010dasu nezn\u00e1m\u00e9 osoby zah\u00e1jily palbu z automatick\u00fdch zbran\u00ed na div\u00e1ky, kte\u0159\u00ed p\u0159i\u0161li na koncert skupiny Piknik na radnici Crocus na severn\u00edm okraji Moskvy.<\/strong><\/p>\n<p>Podle nepotvrzen\u00fdch zpr\u00e1v jsou mezi div\u00e1ky zran\u011bn\u00ed i mrtv\u00ed. Informa\u010dn\u00ed zdroje uv\u00e1d\u011bj\u00ed, \u017ee nejm\u00e9n\u011b 93 lid\u00ed bylo zabito a nejm\u00e9n\u011b 150 a v\u00edce bylo zran\u011bno.<\/p>\n<p>Okam\u017eiky st\u0159elby zaznamenaly telefony o\u010dit\u00fdch sv\u011bdk\u016f. Podle zpr\u00e1v od evakuovan\u00fdch div\u00e1k\u016f na koncertn\u00ed s\u00e1l za\u00fato\u010dilo t\u0159i a\u017e p\u011bt lid\u00ed s vousy a v nepr\u016fst\u0159eln\u00e9 vesty.<\/p>\n<div><iframe loading=\"lazy\" src=\"https:\/\/vk.com\/video_ext.php?oid=-31371206&amp;id=456272162&amp;hash=a15dfbedc974bbe2\" width=\"720\" height=\"420\" frameborder=\"0\" allowfullscreen=\"allowfullscreen\" data-mce-fragment=\"1\"><\/iframe><\/div>\n<p>Po st\u0159elb\u011b za\u010dal v objektu ho\u0159et, na m\u00edsto jsou vysl\u00e1ny v\u0161echny ZZS. Pos\u00e1dky ministerstva pro mimo\u0159\u00e1dn\u00e9 situace zat\u00edm po\u017e\u00e1r nemohou za\u010d\u00edt hasit, proto\u017ee v budov\u011b mohou b\u00fdt terorist\u00e9.<\/p>\n<div><iframe loading=\"lazy\" src=\"https:\/\/vk.com\/video_ext.php?oid=-222182225&amp;id=456239407&amp;hash=50ef2328805b2c9f\" width=\"720\" height=\"420\" frameborder=\"0\" allowfullscreen=\"allowfullscreen\" data-mce-fragment=\"1\"><\/iframe><\/div>\n<p>Zam\u011bstnanci moskevsk\u00e9ho SOBR a OMON byli upozorn\u011bni a tak\u00e9 m\u00ed\u0159\u00ed na m\u00edsto mimo\u0159\u00e1dn\u00e9 ud\u00e1losti. Guvern\u00e9r Moskevsk\u00e9 oblasti Andrej Vorobjov m\u00ed\u0159\u00ed do koncertn\u00ed s\u00edn\u011b. Vzniklo opera\u010dn\u00ed velitelstv\u00ed, sanitky odv\u00e1\u017eej\u00ed ob\u011bti. V\u0161echny ve\u0159ejn\u00e9 akce v Moskevsk\u00e9 oblasti byly zru\u0161eny.<\/p>\n<p>N\u011bkolik vide\u00ed zve\u0159ejn\u011bn\u00fdch v p\u00e1tek ve\u010der na soci\u00e1ln\u00edch s\u00edt\u00edch ukazovalo okam\u017eik masov\u00e9 st\u0159elby v n\u00e1kupn\u00edm centru a koncertn\u00edm m\u00edst\u011b v rusk\u00e9 metropoli.<\/p>\n<p>Podle p\u0159edb\u011b\u017en\u00fdch zpr\u00e1v o\u010dit\u00fdch sv\u011bdk\u016f nejm\u00e9n\u011b dva maskovan\u00ed \u00fato\u010dn\u00edci zah\u00e1jili palbu z automatick\u00fdch pu\u0161ek a pou\u017eili ru\u010dn\u00ed gran\u00e1ty. Ofici\u00e1ln\u00ed informace o incidentu st\u00e1le nejsou k dispozici.<\/p>\n<p>Jedno video ukazovalo, jak se lid\u00e9 uvnit\u0159 p\u0159epln\u011bn\u00e9 koncertn\u00ed s\u00edn\u011b \u2013 sou\u010d\u00e1sti komplexu Crocus City Hall \u2013 za\u010d\u00ednaj\u00ed motat. N\u011bkdo zak\u0159i\u010d\u00ed\u00a0<em>\u201ezav\u0159i dve\u0159e\u201c<\/em>\u00a0t\u011bsn\u011b p\u0159edt\u00edm, ne\u017e se ozve v\u00fdst\u0159ely, a pak za\u010dne k\u0159i\u010det.<\/p>\n<p>Dal\u0161\u00ed video zachytilo zvuky automatick\u00e9 st\u0159elby v n\u00e1kupn\u00edm centru, kter\u00e9 se oz\u00fdvaly z opu\u0161t\u011bn\u00fdch galeri\u00ed.<\/p>\n<div class='videoWrapper'>\r\n\t            <iframe src='https:\/\/rumble.com\/embed\/pj.v4i9u30\/' frameborder='0' allowfullscreen><\/iframe>\r\n\t        <\/div>\n<p>&nbsp;<\/p>\n<p>Objevily se neofici\u00e1ln\u00ed zpr\u00e1vy o nejm\u00e9n\u011b 100 mrtv\u00fdch a 50 zran\u011bn\u00fdch. Na jednom videu, kter\u00e9 ukazovalo nakupuj\u00edc\u00ed, jak se t\u00edsn\u00ed u v\u00fdchod\u016f, bylo vid\u011bt na podlaze nejm\u00e9n\u011b \u010dty\u0159i lidi.<\/p>\n<p>&nbsp;<\/p>\n<div class='videoWrapper'>\r\n\t            <iframe src='https:\/\/rumble.com\/embed\/pj.v4i9s1r\/' frameborder='0' allowfullscreen><\/iframe>\r\n\t        <\/div>\n<p>&nbsp;<\/p>\n<p>\u00dato\u010dn\u00edci ude\u0159ili t\u011bsn\u011b p\u0159ed koncertem rockov\u00e9 skupiny\u00a0<em>\u201ePicnic\u201c,<\/em>\u00a0napl\u00e1novan\u00fdm na p\u00e1tek ve\u010der na jednom konci rozlehl\u00e9ho n\u00e1kupn\u00edho komplexu v Moskevsk\u00e9 oblasti.<\/p>\n<p>&nbsp;<\/p>\n<div class='videoWrapper'>\r\n\t            <iframe src='https:\/\/rumble.com\/embed\/pj.v4i9tq3\/' frameborder='0' allowfullscreen><\/iframe>\r\n\t        <\/div>\n<p>&nbsp;<\/p>\n<p>Podle RIA Novosti nejm\u00e9n\u011b t\u0159i \u00fato\u010dn\u00edci zah\u00e1jili palbu uvnit\u0159 obchodn\u00edho centra a k zalo\u017een\u00ed po\u017e\u00e1ru pou\u017eili z\u00e1palnou bombu.<\/p>\n<p>Na m\u00edst\u011b zasahovala policie a z\u00e1chrann\u00e1 slu\u017eba. O identit\u011b nebo motivech \u00fato\u010dn\u00edk\u016f nejsou \u017e\u00e1dn\u00e9 informace.<\/p>\n<p>Crocus City Hall se nach\u00e1z\u00ed v Moskevsk\u00e9 oblasti, p\u0159\u00edmo mimo administrativn\u00ed hranici rusk\u00e9ho hlavn\u00edho m\u011bsta. Sou\u010d\u00e1st\u00ed komplexu je koncertn\u00ed s\u00ed\u0148, akv\u00e1rium a svatebn\u00ed m\u00edsto spolu s mnoha obchody a restauracemi.<\/p>\n<p><img decoding=\"async\" loading=\"lazy\" class=\"alignnone size-full wp-image-1185\" src=\"http:\/\/www.infokuryr.cz\/n\/wp-content\/uploads\/2021\/04\/kuryr-podpis.png\" alt=\"\" width=\"84\" height=\"24\" \/><\/p>\n<p>&nbsp;<\/p>\n","protected":false},"excerpt":{"rendered":"<p>V\u00edce ne\u017e 93 ob\u011bt\u00ed st\u0159elby v moskevsk\u00e9m obchodn\u00edm centru V p\u00e1tek ve\u010der po 20. hodin\u011b&#8230;<\/p>\n","protected":false},"author":2,"featured_media":50048,"comment_status":"closed","ping_status":"closed","sticky":false,"template":"","format":"standard","meta":[],"categories":[7],"tags":[353,22,3128,5135],"_links":{"self":[{"href":"https:\/\/www.infokuryr.cz\/n\/wp-json\/wp\/v2\/posts\/50047"}],"collection":[{"href":"https:\/\/www.infokuryr.cz\/n\/wp-json\/wp\/v2\/posts"}],"about":[{"href":"https:\/\/www.infokuryr.cz\/n\/wp-json\/wp\/v2\/types\/post"}],"author":[{"embeddable":true,"href":"https:\/\/www.infokuryr.cz\/n\/wp-json\/wp\/v2\/users\/2"}],"replies":[{"embeddable":true,"href":"https:\/\/www.infokuryr.cz\/n\/wp-json\/wp\/v2\/comments?post=50047"}],"version-history":[{"count":1,"href":"https:\/\/www.infokuryr.cz\/n\/wp-json\/wp\/v2\/posts\/50047\/revisions"}],"predecessor-version":[{"id":50049,"href":"https:\/\/www.infokuryr.cz\/n\/wp-json\/wp\/v2\/posts\/50047\/revisions\/50049"}],"wp:featuredmedia":[{"embeddable":true,"href":"https:\/\/www.infokuryr.cz\/n\/wp-json\/wp\/v2\/media\/50048"}],"wp:attachment":[{"href":"https:\/\/www.infokuryr.cz\/n\/wp-json\/wp\/v2\/media?parent=50047"}],"wp:term":[{"taxonomy":"category","embeddable":true,"href":"https:\/\/www.infokuryr.cz\/n\/wp-json\/wp\/v2\/categories?post=50047"},{"taxonomy":"post_tag","embeddable":true,"href":"https:\/\/www.infokuryr.cz\/n\/wp-json\/wp\/v2\/tags?post=50047"}],"curies":[{"name":"wp","href":"https:\/\/api.w.org\/{rel}","templated":true}]}}