{"id":5001,"date":"2021-09-26T05:50:33","date_gmt":"2021-09-26T03:50:33","guid":{"rendered":"http:\/\/www.infokuryr.cz\/n\/?p=5001"},"modified":"2021-09-26T05:50:33","modified_gmt":"2021-09-26T03:50:33","slug":"polsko-a-cesko-budou-pristi-tyden-pokracovat-v-jednani-o-dolu-turow","status":"publish","type":"post","link":"https:\/\/www.infokuryr.cz\/n\/2021\/09\/26\/polsko-a-cesko-budou-pristi-tyden-pokracovat-v-jednani-o-dolu-turow\/","title":{"rendered":"Polsko a \u010cesko budou p\u0159\u00ed\u0161t\u00ed t\u00fdden pokra\u010dovat v jedn\u00e1n\u00ed o dolu Tur\u00f3w"},"content":{"rendered":"<div id=\"fb-root\"><\/div>\n<p><strong>\u010cesk\u00e1 republika a Polsko budou v p\u0159\u00ed\u0161t\u00edm t\u00fddnu pokra\u010dovat v jedn\u00e1n\u00ed o dolu Tur\u00f3w, prohl\u00e1sil n\u00e1m\u011bstek polsk\u00e9ho ministerstva zdravotnictv\u00ed Pavel Jablonski.<\/strong><\/p>\n<p>Jablonski je \u010dlenem polsk\u00e9ho jednac\u00edho t\u00fdmu o osudu sporn\u00e9ho polsk\u00e9ho dolu. \u201eDal\u0161\u00ed kolo \u010desko-polsk\u00e9ho jedn\u00e1n\u00ed skon\u010dilo. Podle v\u00fdsledk\u016f dne\u0161n\u00edho jedn\u00e1n\u00ed m\u016f\u017eeme \u0159\u00edci, \u017ee se n\u00e1m poda\u0159ilo dos\u00e1hnout jist\u00e9ho pokroku v jedn\u00e1n\u00ed. Sou\u010dasn\u011b s t\u00edm nen\u00ed mo\u017en\u00e9 \u0159\u00edci, \u017ee ot\u00e1zka byla vy\u0159e\u0161ena. P\u0159\u00ed\u0161t\u00ed t\u00fdden budeme pokra\u010dovat v jedn\u00e1n\u00ed,\u201c \u0159ekl Jablonski v p\u0159\u00edm\u00e9m p\u0159enosu polsk\u00e9 televize.<\/p>\n<p>\u201eExistuje mnoho d\u016fle\u017eit\u00fdch moment\u016f v \u010dele s energetickou bezpe\u010dnost\u00ed Polska. My tak\u00e9 nezapom\u00edn\u00e1me na to, \u017ee okolo dolu vzniklo mnoho ot\u00e1zek. M\u00e1me mnoho r\u016fzn\u00fdch hodnocen\u00ed t\u00e9to situace po obou stran\u00e1ch hranice. P\u0159\u00edstup polsk\u00e9 vl\u00e1dy byl od sam\u00e9ho za\u010d\u00e1tku takov\u00fd, aby bylo nalezeno \u0159e\u0161en\u00ed, kter\u00e9 se op\u00edr\u00e1 na dialog, naj\u00edt \u0159e\u0161en\u00ed, kter\u00e9 bude odpov\u00eddat t\u011bm obav\u00e1m, kter\u00e9 existuj\u00ed, zvl\u00e1\u0161\u0165 na \u010desk\u00e9 stran\u011b.\u00a0Polsko\u00a0je od za\u010d\u00e1tku na to p\u0159ipraven\u00e9,\u201c uvedl n\u00e1m\u011bstek polsk\u00e9ho ministra. Polsko pr\u00fd nechce kazit vz\u00e1jemn\u00e9 vztahy kv\u016fli tomuto dolu.<\/p>\n<p>\u201eMy chceme s \u010ceskem zachovat dobr\u00e9 vztahy. Jsme partnery v r\u00e1mci vz\u00e1jemn\u00fdch vztah\u016f, v r\u00e1mci NATO, v r\u00e1mci EU, v \u0159ad\u011b dal\u0161\u00edch projekt\u016f. Po\u010d\u00edt\u00e1me s t\u00edm, \u017ee takov\u00fd p\u0159\u00edstup n\u00e1m umo\u017en\u00ed tento spor vy\u0159e\u0161it za kr\u00e1tkou dobu,\u201c uvedl Jablonski. Jedn\u00e1n\u00ed podle jeho slov jdou t\u011b\u017ece, \u201ep\u0159\u00edpad nad\u00e1le z\u016fst\u00e1v\u00e1 velmi slo\u017eit\u00fd\u201c.<\/p>\n<p><strong>Vyj\u00e1d\u0159en\u00ed Babi\u0161e<\/strong><\/p>\n<p>K situaci se pro \u010desk\u00e1 m\u00e9dia\u00a0vyj\u00e1d\u0159il\u00a0tak\u00e9 premi\u00e9r Andrej Babi\u0161. \u201ePolsk\u00e1 strana m\u011bla dostatek \u010dasu na to, aby tento probl\u00e9m \u0159e\u0161ila, bohu\u017eel ho necht\u011bla \u0159e\u0161it,\u201d sd\u011blil s t\u00edm, \u017ee pr\u00e1v\u011b z d\u016fvod\u016f absence polsk\u00e9 aktivity se \u010cesko nakonec obr\u00e1tilo k evropsk\u00fdm org\u00e1n\u016fm.<\/p>\n<p>P\u0159edseda vl\u00e1dy tak\u00e9 dodal, \u017ee spory okolo dolu Tur\u00f3w nemohou naru\u0161it dobr\u00e9 vz\u00e1jemn\u00e9 vztahy s Polskem, a to ani v r\u00e1mci Visegr\u00e1dsk\u00e9 skupiny.<\/p>\n<p><strong>\u201eVn\u00edm\u00e1m posun\u201c<\/strong><\/p>\n<p>Ministr \u017eivotn\u00edho prost\u0159ed\u00ed Richard Brabec uvedl, \u017ee v jedn\u00e1n\u00ed s polskou stranou vid\u00ed krok vp\u0159ed.<\/p>\n<p>\u201eDokud nen\u00ed domluveno v\u0161echno, nen\u00ed domluveno nic. Nicm\u00e9n\u011b bylo n\u011bkolik bod\u016f, kter\u00e9 byly v\u00fdznamn\u011b sporn\u00e9 celou dobu. Dnes po jedn\u00e1n\u00ed vn\u00edm\u00e1m posun v n\u011bkter\u00fdch a uvid\u00edme. Nechci konkretizovat,\u201d prohl\u00e1sil.<\/p>\n<p><strong>Tur\u00f3w<\/strong><\/p>\n<p>Mezi Polskem a \u010ceskem v posledn\u00ed dob\u011b rezonuje spor ohledn\u011b dolu Tur\u00f3w. Soudy EU na za\u010d\u00e1tku t\u00fddne ulo\u017eily Polsku pokutu ve v\u00fd\u0161i p\u016fl milionu euro denn\u011b. D\u016fvod je ten, \u017ee zem\u011b nezastavila t\u011b\u017ebu v\u00a0dole Tur\u00f3w, kter\u00fd se nach\u00e1z\u00ed bezprost\u0159edn\u011b na \u010desk\u00fdch hranic\u00edch. Pokuta p\u0159itom pob\u011b\u017e\u00ed do t\u00e9 doby, dokud zem\u011b t\u011b\u017ebu v dolu skute\u010dn\u011b nezastav\u00ed.<\/p>\n<p>Polsk\u00e1 strana se rozhodnut\u00ed soudu odm\u00edtla pod\u0159\u00eddit se slovy o tom, \u017ee zastaven\u00ed t\u011b\u017eby by ohrozilo energetickou bezpe\u010dnost zem\u011b a tis\u00edce pracovn\u00edch m\u00edst. Elektr\u00e1rna z\u00e1sobovan\u00e1 dolem Tur\u00f3w toti\u017e vyr\u00e1b\u00ed a\u017e 7 % energie v zemi. Jej\u00edm uzav\u0159en\u00edm by hrozily v\u00fdpadky v polsk\u00e9m energetick\u00e9m syst\u00e9mu a r\u016fstem cen pro spot\u0159ebitele.\u00a0Vl\u00e1da\u00a0p\u0159itom tak\u00e9 uvedla, \u017ee se jedn\u00e1 o jedin\u00fd zdroj tepla pro m\u011bsto Bogatynia a jeho okol\u00ed.<\/p>\n<p>Jedn\u00e1n\u00ed o osudu dolu vedou expertn\u00ed skupiny z \u010ceska a Polska. Usiluj\u00ed o vytvo\u0159en\u00ed dohody mezi vl\u00e1dami, kter\u00e1 by vedla k vy\u0159e\u0161en\u00ed sporu.<\/p>\n<p><a href=\"https:\/\/cz.sputniknews.com\/20210924\/polsko-a-cesko-budou-pristi-tyden-pokracovat-v-jednani-o-dolu-turow-15943513.html\">ZDROJ<\/a><\/p>\n<p>&nbsp;<\/p>\n","protected":false},"excerpt":{"rendered":"<p>\u010cesk\u00e1 republika a Polsko budou v p\u0159\u00ed\u0161t\u00edm t\u00fddnu pokra\u010dovat v jedn\u00e1n\u00ed o dolu Tur\u00f3w, prohl\u00e1sil&#8230;<\/p>\n","protected":false},"author":2,"featured_media":5002,"comment_status":"closed","ping_status":"closed","sticky":false,"template":"","format":"standard","meta":[],"categories":[6],"tags":[76,31,431],"_links":{"self":[{"href":"https:\/\/www.infokuryr.cz\/n\/wp-json\/wp\/v2\/posts\/5001"}],"collection":[{"href":"https:\/\/www.infokuryr.cz\/n\/wp-json\/wp\/v2\/posts"}],"about":[{"href":"https:\/\/www.infokuryr.cz\/n\/wp-json\/wp\/v2\/types\/post"}],"author":[{"embeddable":true,"href":"https:\/\/www.infokuryr.cz\/n\/wp-json\/wp\/v2\/users\/2"}],"replies":[{"embeddable":true,"href":"https:\/\/www.infokuryr.cz\/n\/wp-json\/wp\/v2\/comments?post=5001"}],"version-history":[{"count":0,"href":"https:\/\/www.infokuryr.cz\/n\/wp-json\/wp\/v2\/posts\/5001\/revisions"}],"wp:featuredmedia":[{"embeddable":true,"href":"https:\/\/www.infokuryr.cz\/n\/wp-json\/wp\/v2\/media\/5002"}],"wp:attachment":[{"href":"https:\/\/www.infokuryr.cz\/n\/wp-json\/wp\/v2\/media?parent=5001"}],"wp:term":[{"taxonomy":"category","embeddable":true,"href":"https:\/\/www.infokuryr.cz\/n\/wp-json\/wp\/v2\/categories?post=5001"},{"taxonomy":"post_tag","embeddable":true,"href":"https:\/\/www.infokuryr.cz\/n\/wp-json\/wp\/v2\/tags?post=5001"}],"curies":[{"name":"wp","href":"https:\/\/api.w.org\/{rel}","templated":true}]}}