{"id":49981,"date":"2024-03-22T07:47:28","date_gmt":"2024-03-22T06:47:28","guid":{"rendered":"https:\/\/www.infokuryr.cz\/n\/?p=49981"},"modified":"2024-03-22T07:47:28","modified_gmt":"2024-03-22T06:47:28","slug":"migranti-prolomili-bezpecnostni-barieru-na-hranici-s-usa","status":"publish","type":"post","link":"https:\/\/www.infokuryr.cz\/n\/2024\/03\/22\/migranti-prolomili-bezpecnostni-barieru-na-hranici-s-usa\/","title":{"rendered":"Migranti prolomili bezpe\u010dnostn\u00ed bari\u00e9ru na hranici s USA"},"content":{"rendered":"<div id=\"fb-root\"><\/div>\n<p><span style=\"font-size: 18pt;\"><strong>Velk\u00fd dav prolomil dr\u00e1t\u011bn\u00e9 oplocen\u00ed a st\u0159etl se s jednotkami Texask\u00e9 n\u00e1rodn\u00ed gardy<\/strong><\/span><\/p>\n<p><span>Dav migrant\u016f strhl bari\u00e9ru z harmonikov\u00e9ho dr\u00e1tu a prolomil linii jednotek Texask\u00e9 n\u00e1rodn\u00ed gardy p\u0159i pokusu o p\u0159echod do USA z Mexika.\u00a0K patov\u00e9 situaci do\u0161lo b\u011bhem zv\u00fd\u0161en\u00e9 debaty o bezpe\u010dnosti hranic, kdy republik\u00e1ni obvinili prezidenta Joea Bidena z poru\u0161ov\u00e1n\u00ed povinnost\u00ed.\u00a0<\/span><\/p>\n<p><span>Z\u00e1b\u011bry incidentu zve\u0159ejn\u011bn\u00e9 ve \u010dtvrtek na internetu ukazuj\u00ed, jak migranti t\u00e1hnou dol\u016f \u010d\u00e1st bari\u00e9ry a skupina p\u011bti p\u0159\u00edslu\u0161n\u00edk\u016f n\u00e1rodn\u00ed gardy tvo\u0159\u00ed linii a sna\u017e\u00ed se je zastavit.<\/span><\/p>\n<p><span>Mnoho mu\u017e\u016f zvedlo ruce a nazna\u010dilo voj\u00e1k\u016fm, aby je nest\u0159\u00edleli, ale o n\u011bkolik sekund pozd\u011bji se migranti prod\u00edraj\u00ed, sr\u00e1\u017eej\u00ed voj\u00e1ky v siln\u00e9 p\u0159esile a b\u011b\u017e\u00ed k hrani\u010dn\u00ed br\u00e1n\u011b.<\/p>\n<p><\/span><\/p>\n<div class=\"rtcode\">\n<div class=\"twitter-tweet twitter-tweet-rendered\"><iframe id=\"twitter-widget-0\" class=\"\" title=\"P\u0159\u00edsp\u011bvek X\" src=\"https:\/\/platform.twitter.com\/embed\/Tweet.html?creatorScreenName=RT_com&amp;dnt=false&amp;embedId=twitter-widget-0&amp;features=eyJ0ZndfdGltZWxpbmVfbGlzdCI6eyJidWNrZXQiOltdLCJ2ZXJzaW9uIjpudWxsfSwidGZ3X2ZvbGxvd2VyX2NvdW50X3N1bnNldCI6eyJidWNrZXQiOnRydWUsInZlcnNpb24iOm51bGx9LCJ0ZndfdHdlZXRfZWRpdF9iYWNrZW5kIjp7ImJ1Y2tldCI6Im9uIiwidmVyc2lvbiI6bnVsbH0sInRmd19yZWZzcmNfc2Vzc2lvbiI6eyJidWNrZXQiOiJvbiIsInZlcnNpb24iOm51bGx9LCJ0ZndfZm9zbnJfc29mdF9pbnRlcnZlbnRpb25zX2VuYWJsZWQiOnsiYnVja2V0Ijoib24iLCJ2ZXJzaW9uIjpudWxsfSwidGZ3X21peGVkX21lZGlhXzE1ODk3Ijp7ImJ1Y2tldCI6InRyZWF0bWVudCIsInZlcnNpb24iOm51bGx9LCJ0ZndfZXhwZXJpbWVudHNfY29va2llX2V4cGlyYXRpb24iOnsiYnVja2V0IjoxMjA5NjAwLCJ2ZXJzaW9uIjpudWxsfSwidGZ3X3Nob3dfYmlyZHdhdGNoX3Bpdm90c19lbmFibGVkIjp7ImJ1Y2tldCI6Im9uIiwidmVyc2lvbiI6bnVsbH0sInRmd19kdXBsaWNhdGVfc2NyaWJlc190b19zZXR0aW5ncyI6eyJidWNrZXQiOiJvbiIsInZlcnNpb24iOm51bGx9LCJ0ZndfdXNlX3Byb2ZpbGVfaW1hZ2Vfc2hhcGVfZW5hYmxlZCI6eyJidWNrZXQiOiJvbiIsInZlcnNpb24iOm51bGx9LCJ0ZndfdmlkZW9faGxzX2R5bmFtaWNfbWFuaWZlc3RzXzE1MDgyIjp7ImJ1Y2tldCI6InRydWVfYml0cmF0ZSIsInZlcnNpb24iOm51bGx9LCJ0ZndfbGVnYWN5X3RpbWVsaW5lX3N1bnNldCI6eyJidWNrZXQiOnRydWUsInZlcnNpb24iOm51bGx9LCJ0ZndfdHdlZXRfZWRpdF9mcm9udGVuZCI6eyJidWNrZXQiOiJvbiIsInZlcnNpb24iOm51bGx9fQ%3D%3D&amp;frame=false&amp;hideCard=false&amp;hideThread=false&amp;id=1770886341879885952&amp;lang=cs&amp;origin=https%3A%2F%2Fswentr.site%2Fnews%2F594651-migrants-breach-texas-border-barrier%2F&amp;sessionId=10149924ba83210f96b65047dc053e83d3eb10b0&amp;siteScreenName=RT_com&amp;theme=light&amp;widgetsVersion=2615f7e52b7e0%3A1702314776716&amp;width=550px\" frameborder=\"0\" scrolling=\"no\" allowfullscreen=\"allowfullscreen\" data-tweet-id=\"1770886341879885952\" data-mce-fragment=\"1\"><\/iframe><\/div>\n<\/div>\n<p><span><br \/>\nThe New York Post, kter\u00fd m\u011bl na m\u00edst\u011b report\u00e9ra, uvedl, \u017ee k incidentu do\u0161lo na hrani\u010dn\u00edm p\u0159echodu v El Pasu v Texasu.\u00a0Asi 600 migrant\u016f se shrom\u00e1\u017edilo na mexick\u00e9 stran\u011b, ne\u017e byla odtr\u017eena \u010d\u00e1st hrani\u010dn\u00ed bari\u00e9ry.\u00a0Kdy\u017e se mu\u017ei hnali k hrani\u010dn\u00ed br\u00e1n\u011b, k\u0159i\u010deli na voj\u00e1ky na druh\u00e9 stran\u011b.\u00a0Nezn\u00e1m\u00fd zdroj den\u00edku \u0159ekl, \u017ee skupina byla zatla\u010dena zp\u011bt na mexickou stranu hranice.<\/span><\/p>\n<p><span>Texask\u00e1 n\u00e1rodn\u00ed garda byla nasazena jako sou\u010d\u00e1st z\u00e1sahu guvern\u00e9ra Grega Abbotta\u00a0<\/span><em><span>\u201eOperace Lone Star\u201c v<\/span><\/em><span>\u00a0hodnot\u011b 12 miliard dolar\u016f , aby zastavila toky migrant\u016f, kte\u0159\u00ed neleg\u00e1ln\u011b p\u0159ech\u00e1zej\u00ed do st\u00e1tu.\u00a0Bidenova administrativa podala proti Texasu \u017ealoby, kter\u00e9 zpochyb\u0148uj\u00ed st\u00e1tn\u00ed autoritu stav\u011bt bari\u00e9ry a hl\u00eddat dopravu migrant\u016f.<\/span><\/p>\n<p><span>Feder\u00e1ln\u00ed vl\u00e1da m\u00e1 norm\u00e1ln\u011b jurisdikci nad bezpe\u010dnost\u00ed hranic, ale Abbott se odvolal na \u00fastavn\u00ed pr\u00e1vo st\u00e1tu na sebeobranu a tvrdil, \u017ee Bidenovo zanedb\u00e1n\u00ed povinnost\u00ed spustilo \u201einvazi migrant\u016f\u00a0<\/span><em><span>\u201c.\u00a0<\/span><\/em><span>Za\u010d\u00e1tkem tohoto t\u00fddne feder\u00e1ln\u00ed soud, kter\u00fd projedn\u00e1v\u00e1 jednu z washingtonsk\u00fdch pr\u00e1vn\u00edch v\u00fdzev, do\u010dasn\u011b pozastavil implementaci nov\u00e9ho texask\u00e9ho z\u00e1kona, kter\u00fd by st\u00e1tn\u00edm \u00fa\u0159ad\u016fm umo\u017enil zat\u00fdkat a deportovat neleg\u00e1ln\u00ed migranty.<\/span><\/p>\n<p><span>Rostouc\u00ed ileg\u00e1ln\u00ed imigrace zat\u00ed\u017eila Bidenovo hodnocen\u00ed schv\u00e1len\u00ed, kdy\u017e se hl\u00e1s\u00ed ke znovuzvolen\u00ed koncem tohoto roku.\u00a0Sc\u00e9ny jako \u010dtvrte\u010dn\u00ed prolomen\u00ed hranic by mohly podkopat jeho snahu p\u0159esv\u011bd\u010dit voli\u010de, \u017ee za rekordn\u00ed p\u0159\u00edlivy neleg\u00e1ln\u00edch migrant\u016f, drog a podez\u0159el\u00fdch terorist\u016f mohou republik\u00e1ni.<\/span><\/p>\n<p><em><span>&#8222;Dne\u0161n\u00ed \u00fatok n\u00e1m uk\u00e1zal, \u017ee ano, je to n\u00e1siln\u00e1 invaze,&#8220;<\/span><\/em><span>\u00a0uvedl konzervativn\u00ed koment\u00e1tor Mike Cernovich v p\u0159\u00edsp\u011bvku na X (d\u0159\u00edve Twitter).\u00a0<\/span><em><span>\u201eSkute\u010dn\u00e1 povaha byla skryta, kdy\u017e re\u017eim nechal hranici otev\u0159enou.\u00a0Nyn\u00ed to nelze pop\u0159\u00edt.&#8220;<\/span><\/em><\/p>\n<p><img decoding=\"async\" loading=\"lazy\" class=\"alignnone size-full wp-image-1185\" src=\"http:\/\/www.infokuryr.cz\/n\/wp-content\/uploads\/2021\/04\/kuryr-podpis.png\" alt=\"\" width=\"84\" height=\"24\" \/><\/p>\n<p>&nbsp;<\/p>\n","protected":false},"excerpt":{"rendered":"<p>Velk\u00fd dav prolomil dr\u00e1t\u011bn\u00e9 oplocen\u00ed a st\u0159etl se s jednotkami Texask\u00e9 n\u00e1rodn\u00ed gardy Dav migrant\u016f&#8230;<\/p>\n","protected":false},"author":2,"featured_media":49982,"comment_status":"closed","ping_status":"closed","sticky":false,"template":"","format":"standard","meta":[],"categories":[7],"tags":[804,989,2642],"_links":{"self":[{"href":"https:\/\/www.infokuryr.cz\/n\/wp-json\/wp\/v2\/posts\/49981"}],"collection":[{"href":"https:\/\/www.infokuryr.cz\/n\/wp-json\/wp\/v2\/posts"}],"about":[{"href":"https:\/\/www.infokuryr.cz\/n\/wp-json\/wp\/v2\/types\/post"}],"author":[{"embeddable":true,"href":"https:\/\/www.infokuryr.cz\/n\/wp-json\/wp\/v2\/users\/2"}],"replies":[{"embeddable":true,"href":"https:\/\/www.infokuryr.cz\/n\/wp-json\/wp\/v2\/comments?post=49981"}],"version-history":[{"count":0,"href":"https:\/\/www.infokuryr.cz\/n\/wp-json\/wp\/v2\/posts\/49981\/revisions"}],"wp:featuredmedia":[{"embeddable":true,"href":"https:\/\/www.infokuryr.cz\/n\/wp-json\/wp\/v2\/media\/49982"}],"wp:attachment":[{"href":"https:\/\/www.infokuryr.cz\/n\/wp-json\/wp\/v2\/media?parent=49981"}],"wp:term":[{"taxonomy":"category","embeddable":true,"href":"https:\/\/www.infokuryr.cz\/n\/wp-json\/wp\/v2\/categories?post=49981"},{"taxonomy":"post_tag","embeddable":true,"href":"https:\/\/www.infokuryr.cz\/n\/wp-json\/wp\/v2\/tags?post=49981"}],"curies":[{"name":"wp","href":"https:\/\/api.w.org\/{rel}","templated":true}]}}