{"id":49889,"date":"2024-03-21T04:45:12","date_gmt":"2024-03-21T03:45:12","guid":{"rendered":"https:\/\/www.infokuryr.cz\/n\/?p=49889"},"modified":"2024-03-21T04:45:12","modified_gmt":"2024-03-21T03:45:12","slug":"ukrajinska-armada-znovu-zabijela-a-mrzacila-civilisty-v-belgorodu-za-pouziti-ceskeho-raketometu","status":"publish","type":"post","link":"https:\/\/www.infokuryr.cz\/n\/2024\/03\/21\/ukrajinska-armada-znovu-zabijela-a-mrzacila-civilisty-v-belgorodu-za-pouziti-ceskeho-raketometu\/","title":{"rendered":"Ukrajinsk\u00e1 arm\u00e1da znovu zab\u00edjela a mrza\u010dila civilisty v Belgorodu za pou\u017eit\u00ed \u010desk\u00e9ho raketometu&#8230;"},"content":{"rendered":"<div id=\"fb-root\"><\/div>\n<h4>Ukrajinsk\u00e1 arm\u00e1da znovu zab\u00edjela a mrza\u010dila civilisty v Belgorodu za pou\u017eit\u00ed \u010desk\u00e9ho raketometu RM-70 Vampire a gubern\u00e1tor na\u0159\u00eddil evakuaci pohrani\u010dn\u00edch vesnic a t\u00e9m\u011b\u0159 10 000 d\u011bt\u00ed! K teroristick\u00fdm \u00fatok\u016fm jsou vyu\u017e\u00edv\u00e1ny \u010desk\u00e9 raketomety proto, \u017ee Kyjev m\u00e1 pouze od \u010desk\u00e9 vl\u00e1dy tich\u00fd souhlas k pou\u017eit\u00ed \u010desk\u00fdch zbran\u00ed k \u00fatok\u016fm v rusk\u00e9m vnitrozem\u00ed!<\/h4>\n<p>Prvn\u00ed kan\u00e1l rusk\u00e9 st\u00e1tn\u00ed televize p\u0159inesl v \u00fater\u00fd ot\u0159esnou report\u00e1\u017e\u00a0<strong>[<a href=\"https:\/\/href.li\/?https:\/\/www.1tv.ru\/news\/2024-03-19\/473064-ukrainskie_terroristy_udarili_po_belgorodu_cheshskimi_raketami\" target=\"_blank\" rel=\"nofollow noopener\">1<\/a>]<\/strong>\u00a0z rusk\u00e9ho pohrani\u010dn\u00edho m\u011bsta Belgorod, kde op\u011bt zab\u00edjel lidi a d\u011bti \u010desk\u00fd raketomet RM-70 Vampire. Jsou to jedin\u00e9 raketomety, kter\u00e9 mohou Ukrajinci pou\u017e\u00edvat pro \u00fatoky do vnitrozem\u00ed Ruska. \u017d\u00e1dn\u00e1 jin\u00e1 vl\u00e1da jin\u00e9 z\u00e1padn\u00ed zem\u011b nedovoluje Ukrajinc\u016fm pou\u017e\u00edvat jejich zbran\u011b proti rusk\u00e9mu vnitrozem\u00ed. Pouze \u010desk\u00e1 vl\u00e1da dovolila Ukrajinc\u016fm st\u0159\u00edlet dovnit\u0159 Ruska dodan\u00fdmi \u010desk\u00fdmi zbran\u011bmi. Proto je Fialova vl\u00e1da vy\u0161et\u0159ov\u00e1nu ruskou gener\u00e1ln\u00ed prokuraturou pro podez\u0159en\u00ed ze spolupod\u00edlnictv\u00ed na ukrajinsk\u00e9m terorismu v Rusku. Nejde jen o raketomety Vampire, ale i o \u010desk\u00e9 drony.<\/p>\n<p>Ob\u011bt\u00ed \u00fatern\u00edho \u00fatoku na Belgorod se stalo 5 lid\u00ed a dal\u0161\u00ed byli zran\u011bni a zmrza\u010deni.\u00a0<strong>Ukrajinci sv\u00e9 ne\u00fasp\u011bchy na frontov\u00e9 linii pot\u0159ebuj\u00ed n\u011bjak kompenzovat, a tak se rozhodli op\u011bt obnovit \u00fadery na rusk\u00e9 m\u011bkk\u00e9 c\u00edle v rusk\u00e9m pohrani\u010d\u00ed, tedy \u00fadery na rusk\u00e9 reziden\u010dn\u00ed z\u00f3ny v Belgorodu.\u00a0<\/strong>Toto u\u017e nem\u00e1 nic spole\u010dn\u00e9ho s v\u00e1lkou, to je mezin\u00e1rodn\u00ed terorismus, proto\u017ee v Belgorodu nejsou \u017e\u00e1dn\u00e1 rozm\u00edst\u011bn\u00e1 vojska Rusk\u00e9 arm\u00e1dy, ani muni\u010dn\u00ed sklady, ani vojensk\u00e9 instalace. Ukrajinci v\u0161ak do tohoto m\u011bsta st\u0159\u00edl\u00ed rakety kv\u016fli jedin\u00e9 v\u011bci, a to je \u0161\u00ed\u0159en\u00ed teroru, tedy p\u0159esn\u011b to, co ukrajinsk\u00e1 arm\u00e1da prov\u00e1d\u011bla a\u017e do osvobozen\u00ed Avd\u011bjevky ka\u017ed\u00fd den v Don\u011bcku, kdy\u017e d\u011blost\u0159eleck\u00e9 baterie ukrajinsk\u00e9 arm\u00e1dy rozm\u00edst\u011bn\u00e9 u Avd\u011bjevky st\u0159\u00edlely na bytovky a panel\u00e1ky v Don\u011bcku.<\/p>\n<p>&nbsp;<\/p>\n<div id=\"rumble_v4hv0db\">\n<div id=\"vid_v4hv0db\" class=\"rumble_v4hv0db-Rumble-cls\" tabindex=\"-1\">\n<div class=\"bigPlayUI ctp\"><div class='videoWrapper'>\r\n\t            <iframe src='https:\/\/rumble.com\/embed\/pj.v4hv0db\/' frameborder='0' allowfullscreen><\/iframe>\r\n\t        <\/div><\/p>\n<div class=\"bigPlayUIInner ctp\"><\/div>\n<\/div>\n<\/div>\n<\/div>\n<p>&nbsp;<\/p>\n<p>Avd\u011bjevka padla a ukrajinsk\u00e1 arm\u00e1da ji\u017e nem\u016f\u017ee tak snadno st\u0159\u00edlet na Don\u011bck z vybudovan\u00fdch palebn\u00fdch pozic, kter\u00e9 v Avd\u011bjevce m\u011bla od roku 2015. A tak do\u0161lo ke zm\u011bn\u011b m\u011bsta. Te\u010f u\u017e se nest\u0159\u00edl\u00ed prim\u00e1rn\u011b na Don\u011bck, proto\u017ee to u\u017e te\u010f nejde tak dob\u0159e, ale st\u0159\u00edl\u00ed se na Belgorod, co\u017e je m\u011bsto vzd\u00e1len\u00e9 od ukrajinsk\u00fdch hranic p\u0159ibli\u017en\u011b 30 km vzdu\u0161nou \u010darou. Gubern\u00e1tor Vja\u010deslav Vladkov ji\u017e nem\u016f\u017ee d\u00e1l tuto situaci ignorovat, a proto na\u0159\u00eddili evakuaci \u0159ady vesnic v Belgorodsk\u00e9 oblasti, kter\u00e9 jsou nejbl\u00ed\u017ee k ukrajinsk\u00fdm hranic\u00edm a lid\u00e9 z t\u00e9to z\u00f3ny jsou evakuov\u00e1ni.<\/p>\n<p>Rovn\u011b\u017e byla na\u0159\u00edzena evakuace t\u00e9m\u011b\u0159 10 000 d\u011bt\u00ed z oblasti do vzd\u00e1len\u011bj\u0161\u00edch m\u011bst po cel\u00e9m Rusku. P\u0159esto\u017ee rusk\u00e1 PVO zachycuje pom\u011brn\u011b dost ukrajinsk\u00fdch raket, v\u017edycky jich p\u00e1r proklouzne, proto\u017ee je nemo\u017en\u00e9 zachytit \u00fapln\u011b v\u0161echny, a to zvl\u00e1\u0161t\u011b v situaci, kdy jsou rakety vyp\u00e1leny v salv\u011b ze salvov\u00e9ho raketometu jako je pr\u00e1v\u011b \u010desk\u00fd RM-70 Vampire.<\/p>\n<h6><span style=\"font-size: 18pt;\">Gubern\u00e1tor na\u0159\u00eddil evakuaci vesnic a t\u00e9m\u011b\u0159 10 000 d\u011bt\u00ed p\u0159ed \u00fadery \u010desk\u00fdch raketomet\u016f<\/span><\/h6>\n<p>Z rusk\u00e9 Belgorodsk\u00e9 oblasti na hranic\u00edch s Ukrajinou bude evakuov\u00e1no p\u0159ibli\u017en\u011b 9 000 d\u011bt\u00ed v d\u016fsledku zv\u00fd\u0161en\u00fdch pokus\u016f kyjevsk\u00fdch sil o \u00fadery na c\u00edle za frontovou lini\u00ed, ozn\u00e1mil v \u00fater\u00fd m\u00edstn\u00ed gubern\u00e1tor Vja\u010deslav Gladkov. Prvn\u00ed skupina 1 200 d\u011bt\u00ed bude z nebezpe\u010dn\u00fdch oblast\u00ed p\u0159evezena 22. b\u0159ezna a bude p\u0159em\u00edst\u011bna hloub\u011bji do Ruska do Penzy, Tambova a Kalugy, uvedl Gladkov.\u00a0<strong>\u201c<em>Ji\u017e nyn\u00ed p\u0159em\u00eds\u0165ujeme lidi z velk\u00e9ho po\u010dtu vesnic. Nyn\u00ed pl\u00e1nujeme evakuovat asi 9 000 d\u011bt\u00ed z Belgorodu a dal\u0161\u00edch okoln\u00edch region\u016f, \u0160ebekinsk\u00e9ho a Grayvoronsk\u00e9ho okresu<\/em>,\u201d<\/strong>\u00a0dodal.<\/p>\n<figure id=\"attachment_55779\" class=\"wp-caption aligncenter\" style=\"width: 694px;\"><a href=\"https:\/\/aeronet.news\/wp-content\/uploads\/VjaceslavGladkov.jpg\"><img decoding=\"async\" loading=\"lazy\" class=\"wp-image-55779 \" src=\"https:\/\/aeronet.news\/wp-content\/uploads\/VjaceslavGladkov-1024x682.jpg\" sizes=\"(max-width: 700px) 100vw, 700px\" srcset=\"https:\/\/aeronet.news\/wp-content\/uploads\/VjaceslavGladkov-1024x682.jpg 1024w, https:\/\/aeronet.news\/wp-content\/uploads\/VjaceslavGladkov-300x200.jpg 300w, https:\/\/aeronet.news\/wp-content\/uploads\/VjaceslavGladkov-768x512.jpg 768w, https:\/\/aeronet.news\/wp-content\/uploads\/VjaceslavGladkov-700x466.jpg 700w, https:\/\/aeronet.news\/wp-content\/uploads\/VjaceslavGladkov-536x357.jpg 536w, https:\/\/aeronet.news\/wp-content\/uploads\/VjaceslavGladkov-725x483.jpg 725w, https:\/\/aeronet.news\/wp-content\/uploads\/VjaceslavGladkov.jpg 1280w\" alt=\"\" width=\"694\" height=\"462\" \/><\/a><figcaption class=\"wp-caption-text\">Vja\u010deslav Gladkov, gubern\u00e1tor Belgorodsk\u00e9 oblasti<\/figcaption><\/figure>\n<p>Toto ozn\u00e1men\u00ed p\u0159i\u0161lo den pot\u00e9, co prezident Vladimir Putin prohl\u00e1sil, \u017ee Rusko chce vytvo\u0159it n\u00e1razn\u00edkovou z\u00f3nu, kter\u00e1 by chr\u00e1nila pohrani\u010dn\u00ed regiony a civilisty p\u0159ed d\u00e1lkov\u00fdmi ukrajinsk\u00fdmi \u00fadery a p\u0159eshrani\u010dn\u00edmi n\u00e1lety, kter\u00e9 v posledn\u00edch m\u011bs\u00edc\u00edch zes\u00edlily. Civiln\u00ed oblasti Belgorodu byly v posledn\u00edch t\u00fddnech zasahov\u00e1ny st\u00e1le \u010dast\u011bji.\u00a0<strong>P\u0159esto\u017ee rusk\u00e1 protivzdu\u0161n\u00e1 obrana sest\u0159elila velk\u00e9 mno\u017estv\u00ed raket, bylo podle Gladkova za posledn\u00ed t\u00fdden zabito 16 lid\u00ed a 98 jich bylo zran\u011bno.<\/strong>\u00a0Od pond\u011bl\u00ed bylo v do\u010dasn\u00fdch ubytovac\u00edch za\u0159\u00edzen\u00edch asi 600 lid\u00ed, kte\u0159\u00ed byli evakuov\u00e1ni ze sv\u00fdch domov\u016f, dodal gubern\u00e1tor.<\/p>\n<p><a href=\"https:\/\/stranapro.cz\/\"><img decoding=\"async\" loading=\"lazy\" class=\"alignnone  wp-image-40285 aligncenter\" src=\"http:\/\/www.infokuryr.cz\/n\/wp-content\/uploads\/2023\/11\/11pro-300x79.png\" alt=\"\" width=\"608\" height=\"160\" srcset=\"https:\/\/www.infokuryr.cz\/n\/wp-content\/uploads\/2023\/11\/11pro-300x79.png 300w, https:\/\/www.infokuryr.cz\/n\/wp-content\/uploads\/2023\/11\/11pro.png 363w\" sizes=\"(max-width: 608px) 100vw, 608px\" \/><\/a><\/p>\n<p>V sobotu Gladkov kv\u016fli situaci na\u0159\u00eddil na n\u011bkolik dn\u00ed uzav\u0159\u00edt n\u00e1kupn\u00ed centra a \u0161koly. V \u00fater\u00fd byli po ukrajinsk\u00e9m ost\u0159elov\u00e1n\u00ed Belgorodu v\u00e1\u017en\u011b zran\u011bni t\u0159i lid\u00e9, v\u010detn\u011b dosp\u00edvaj\u00edc\u00edho chlapce, zat\u00edmco den p\u0159edt\u00edm zem\u0159eli \u010dty\u0159i \u010dlenov\u00e9 jedn\u00e9 rodiny p\u0159i raketov\u00e9m \u00fatoku na obec Nikolskoje, uvedl gubern\u00e1tor. Rusk\u00e9 ministerstvo obrany minul\u00fd t\u00fdden ozn\u00e1milo, \u017ee arm\u00e1da zma\u0159ila ukrajinsk\u00fd vp\u00e1d do Belgorodsk\u00e9 a Kursk\u00e9 oblasti a zabila 30 bojovn\u00edk\u016f. \u0160koln\u00ed pr\u00e1zdniny pro d\u011bti z p\u0159\u00edhrani\u010dn\u00edch oblast\u00ed v Belgorodsk\u00e9 oblasti za\u010dnou ve st\u0159edu, tedy d\u0159\u00edve, ne\u017e bylo pl\u00e1nov\u00e1no, zat\u00edmco vysok\u00e9 \u0161koly a univerzity p\u0159ejdou na online v\u00fduku, ozn\u00e1mil Gladkov.<\/p>\n<h6><span style=\"font-size: 18pt;\">N\u00e1razn\u00edkov\u00e1 z\u00f3na by na Ukrajin\u011b m\u011bla sahat do hloubky 150 kilometr\u016f od rusk\u00e9 hranice<\/span><\/h6>\n<p>Ru\u0161t\u00ed novin\u00e1\u0159i z\u00e1rove\u0148 ji\u017e zjistili dal\u0161\u00ed podrobnosti o pl\u00e1novan\u00e9 n\u00e1razn\u00edkov\u00e9 z\u00f3n\u011b pod\u00e9l hranice.\u00a0<strong>Ta by m\u011bla b\u00fdt \u0161irok\u00e1 a\u017e 150 kilometr\u016f do hloubi Ukrajiny, co\u017e by znamenalo obsazen\u00ed Charkova, kter\u00fd je od rusk\u00e9 hranice vzd\u00e1len jen zhruba 20 kilometr\u016f<\/strong>\u00a0a na operaci by se m\u011bly pod\u00edlet jednotky uvoln\u011bn\u00e9 v Z\u00e1poro\u017esk\u00e9m a Chersonsk\u00e9m sm\u011bru. Zat\u00edm v\u0161ak nepadlo definitivn\u00ed rozhodnut\u00ed, proto\u017ee situace na Ukrajin\u011b se dynamicky m\u011bn\u00ed ka\u017ed\u00fdm dnem, a to ve prosp\u011bch Rusk\u00e9 arm\u00e1dy, p\u0159i\u010dem\u017e ukrajinsk\u00e9 \u00fatoky na Belgorod a Kurskou oblast nep\u0159es\u00e1hly dosud kritickou mez \u00fanosnosti.<\/p>\n<p>Jedn\u00e1 se zat\u00edm st\u00e1le jen o jednotliv\u00e9 \u00fatoky, po\u010dty mrtv\u00fdch v jednotk\u00e1ch, co\u017e nen\u00ed dostate\u010dn\u00e9 ohro\u017een\u00ed pro vynucen\u00ed v\u011bt\u0161\u00ed rusk\u00e9 operace. Ka\u017edop\u00e1dn\u011b evakuace lid\u00ed z vesnic je preventivn\u00ed opat\u0159en\u00ed p\u0159ed hrozbou \u00fanos\u016f rusk\u00fdch rodin na Ukrajinu, \u017ee by n\u011bkter\u00e9 diverzn\u00ed skupiny operuj\u00edc\u00ed z Ukrajiny mohly prov\u00e9st teroristick\u00e9 \u00fanosy Rus\u016f s n\u00e1sledn\u00fdm c\u00edlem vyd\u00edrat Kreml, \u017ee pokud neprovede sta\u017een\u00ed vojsk odn\u011bkud, tak ty zajat\u00e9 Rusy prost\u011b Ukrajinci zast\u0159el\u00ed.<\/p>\n<figure id=\"attachment_58985\" class=\"wp-caption aligncenter\" style=\"width: 702px;\"><a href=\"https:\/\/aeronet.news\/wp-content\/uploads\/BelgorodShrapnelSpots.jpg\"><img decoding=\"async\" loading=\"lazy\" class=\"wp-image-58985 \" src=\"https:\/\/aeronet.news\/wp-content\/uploads\/BelgorodShrapnelSpots-1024x576.jpg\" sizes=\"(max-width: 700px) 100vw, 700px\" srcset=\"https:\/\/aeronet.news\/wp-content\/uploads\/BelgorodShrapnelSpots-1024x576.jpg 1024w, https:\/\/aeronet.news\/wp-content\/uploads\/BelgorodShrapnelSpots-300x169.jpg 300w, https:\/\/aeronet.news\/wp-content\/uploads\/BelgorodShrapnelSpots-768x432.jpg 768w, https:\/\/aeronet.news\/wp-content\/uploads\/BelgorodShrapnelSpots-700x394.jpg 700w, https:\/\/aeronet.news\/wp-content\/uploads\/BelgorodShrapnelSpots-635x357.jpg 635w, https:\/\/aeronet.news\/wp-content\/uploads\/BelgorodShrapnelSpots-859x483.jpg 859w, https:\/\/aeronet.news\/wp-content\/uploads\/BelgorodShrapnelSpots.jpg 1280w\" alt=\"\" width=\"702\" height=\"395\" \/><\/a><figcaption class=\"wp-caption-text\">Ukrajinci pou\u017eili rakety s kazetovou munic\u00ed, stopy po kuli\u010dkov\u00fdch lo\u017eisc\u00edch jsou patrn\u00e9 na t\u00e9to kachli\u010dkov\u00e9 fas\u00e1d\u011b<\/figcaption><\/figure>\n<p>Zat\u00edm k n\u011b\u010demu takov\u00e9mu nedo\u0161lo, ale nen\u00ed to vylou\u010deno, proto\u017ee ukrajinsk\u00e9 arm\u00e1d\u011b nen\u00ed terorismus a teroristick\u00e9 praktiky ciz\u00ed a kdy\u017e je AFU zoufal\u00e1 na front\u011b, m\u016f\u017ee za\u010d\u00edt d\u011blat zoufal\u00e9 kroky. Proto do\u0161lo k evakuaci vesni\u010dek v nejt\u011bsn\u011bj\u0161\u00edm pohrani\u010d\u00ed s Ukrajinou, proto\u017ee pr\u016fniky AFU tam prost\u011b nejde vylou\u010dit.<\/p>\n<p>P\u0159esto se v\u0161ak jedn\u00e1 pouze o z\u00e1stupn\u00e9 a propaga\u010dn\u00ed \u00fadery proti Rusku, proto\u017ee na tomto sm\u011bru nelze ni\u010deho hmatateln\u00e9ho na Rusech z\u00edskat, mimochodem\u00a0<strong>v Belgorodsk\u00e9 oblasti z\u00edskal Vladimir Putin p\u0159es 90% hlas\u016f [<a href=\"https:\/\/href.li\/?https:\/\/en.wikipedia.org\/wiki\/2024_Russian_presidential_election\" target=\"_blank\" rel=\"nofollow noopener\">2<\/a>]\u00a0<\/strong>a ukrajinsk\u00e9 \u00fatoky, kter\u00e9 na region prob\u00edhaj\u00ed ji\u017e t\u0159et\u00edm rokem, se nijak na podpo\u0159e Vladimira Putina neprojevily, mo\u017en\u00e1 pr\u00e1v\u011b naopak je\u0161t\u011b v\u00edce pos\u00edlily jeho pozici, proto\u017ee v roce 2018 v Belgorodsk\u00e9 oblasti dostal Putin jen necel\u00fdch 80% hlas\u016f\u00a0<strong>[<a href=\"https:\/\/href.li\/?https:\/\/en.wikipedia.org\/wiki\/2018_Russian_presidential_election\" target=\"_blank\" rel=\"nofollow noopener\">3<\/a>]<\/strong>. Pos\u00edlil tedy v regionu o v\u00edce ne\u017e 10% hlas\u016f.<\/p>\n<h6><span style=\"font-size: 18pt;\">Velitel\u00e9 ji\u017e pr\u00fd sonduj\u00ed p\u0159\u00edpadn\u00fd z\u00e1jem voj\u00e1k\u016f A\u010cR pro m\u00edrovou misi na Ukrajin\u011b. Informace ji\u017e unikaj\u00ed i k politik\u016fm SPD a Hnut\u00ed ANO<\/span><\/h6>\n<p>Co je v\u0161ak naprosto zdrcuj\u00edc\u00ed, to je uv\u011bdom\u011bn\u00ed si, co se to proboha stalo s \u010ceskou republikou. B\u00fdvala to zem\u011b, kter\u00e1 po roce 1989 razila rozumnou a vyv\u00e1\u017eenou politiku v\u00fdchod-z\u00e1pad a \u010ce\u0161i byli v\u017edy m\u00edrov\u00fdm a pota\u017emo pacifistick\u00fdm n\u00e1rodem. Ub\u011bhlo 35 let a najednou v rusk\u00e9 televizi vid\u00edme, jak \u010desk\u00e9 raketomety \u0161\u00ed\u0159\u00ed teror mezi civiln\u00edmi ob\u011btmi v Belgorodu a p\u0159itom \u010de\u0161t\u00ed politici vyz\u00fdvaj\u00ed do dal\u0161\u00edho zbrojen\u00ed a vyzbrojov\u00e1n\u00ed Ukrajiny, a to s neskr\u00fdvanou a a\u017e bizarn\u011b deformovanou rusofobi\u00ed.<\/p>\n<p>A tento proces se \u0161\u00ed\u0159\u00ed ve \u0161kolstv\u00ed, prostupuje m\u00e9dii a ze shora se indukuje do nejni\u017e\u0161\u00edch pater spole\u010dnosti. Je naprosto logick\u00e9, \u017ee rusk\u00e1 gener\u00e1ln\u00ed prokuratura za\u010dala vy\u0161et\u0159ovat vl\u00e1du Petra Fialy pro podez\u0159en\u00ed, \u017ee jeho vl\u00e1da podporuje a financuje mezin\u00e1rodn\u00ed terorismus, a to mnoha formami, st\u00e1tn\u00edmi pen\u011bzi, ale i soukrom\u00fdmi sb\u00edrkami, nad kter\u00fdmi ale \u010desk\u00e9 st\u00e1tn\u00ed org\u00e1ny p\u0159eb\u00edraj\u00ed z\u00e1\u0161tity a patron\u00e1ty\u00a0<strong>[<a href=\"https:\/\/aeronet.news\/ubehlo-85-let-od-zahajeni-nemecke-okupace-ii-republiky-a-cesi-si-nechavaji-psat-sva-darcovska-jmena-na-drony-ktere-potom-ukrajinci-pouzivaji-k-zabijeni-nejen-ruskych-vojaku-ale-i-civilistu-a-deti\/\">4<\/a>]<\/strong>, jako t\u0159eba je sb\u00edrka na drony, kter\u00e9 potom ukrajinsk\u00e1 arm\u00e1da pou\u017e\u00edv\u00e1 k teroristick\u00fdm \u00fatok\u016fm proti civiln\u00edm c\u00edl\u016fm v rusk\u00e9m vnitrozem\u00ed.<\/p>\n<figure id=\"attachment_58169\" class=\"wp-caption aligncenter\" style=\"width: 702px;\"><a href=\"https:\/\/aeronet.news\/wp-content\/uploads\/RM-70-Vampire_Tatra.jpg\"><img decoding=\"async\" loading=\"lazy\" class=\"wp-image-58169 \" src=\"https:\/\/aeronet.news\/wp-content\/uploads\/RM-70-Vampire_Tatra-1024x682.jpg\" sizes=\"(max-width: 700px) 100vw, 700px\" srcset=\"https:\/\/aeronet.news\/wp-content\/uploads\/RM-70-Vampire_Tatra-1024x682.jpg 1024w, https:\/\/aeronet.news\/wp-content\/uploads\/RM-70-Vampire_Tatra-300x200.jpg 300w, https:\/\/aeronet.news\/wp-content\/uploads\/RM-70-Vampire_Tatra-768x512.jpg 768w, https:\/\/aeronet.news\/wp-content\/uploads\/RM-70-Vampire_Tatra-700x466.jpg 700w, https:\/\/aeronet.news\/wp-content\/uploads\/RM-70-Vampire_Tatra-536x357.jpg 536w, https:\/\/aeronet.news\/wp-content\/uploads\/RM-70-Vampire_Tatra-725x483.jpg 725w, https:\/\/aeronet.news\/wp-content\/uploads\/RM-70-Vampire_Tatra.jpg 1280w\" alt=\"\" width=\"702\" height=\"467\" \/><\/a><figcaption class=\"wp-caption-text\">RM-70 Vampire vych\u00e1z\u00ed z koncepce sov\u011btsk\u00e9ho raketometu Grad<\/figcaption><\/figure>\n<p>Na\u0161e redakce sou\u010dasn\u011b obdr\u017eela v posledn\u00edch hodin\u00e1ch znepokojiv\u00e9 informace od n\u011bkolika voj\u00e1k\u016f A\u010cR, kte\u0159\u00ed n\u00e1m pod podm\u00ednkou absolutn\u00edho zaru\u010den\u00ed soukrom\u00ed potvrdili, \u017ee jejich velitel\u00e9 ji\u017e zah\u00e1jili na jejich pos\u00e1dk\u00e1ch proces zji\u0161\u0165ov\u00e1n\u00ed \u201c<em>dobrovoln\u00e9ho z\u00e1jmu o m\u00edrovou misi na Ukrajin\u011b<\/em>\u201d a toto sondov\u00e1n\u00ed za\u010dalo na jejich \u00fatvarech ji\u017e minul\u00fd t\u00fdden.\u00a0<strong>Podle na\u0161ich zdroj\u016f nejde o rozkazy k p\u0159esunu, ale zat\u00edm jen o p\u0159edb\u011b\u017en\u00e9 zji\u0161\u0165ov\u00e1n\u00ed z\u00e1jmu u profesion\u00e1ln\u00edch voj\u00e1k\u016f A\u010cR, zda-li by m\u011bli o misi na Ukrajin\u011b z\u00e1jem v p\u0159\u00edpad\u011b, \u017ee by mise byla v budoucnu schv\u00e1lena.\u00a0<\/strong>P\u0159itom mezi vysok\u00fdmi \u0161ar\u017eemi A\u010cR se ji\u017e mluv\u00ed o tom, \u017ee pouh\u00e9 dod\u00e1vky z\u00e1padn\u00edch zbran\u00ed Ukrajin\u011b nejen v\u00e1lku nevyhraj\u00ed, ale ani nezabr\u00e1n\u00ed Rus\u016fm v dal\u0161\u00edm postupu na Ukrajin\u011b.<\/p>\n<p>Macronova iniciativa tak m\u00e1 hlavu a patu, tedy podle vysok\u00fdch d\u016fstojn\u00edk\u016f. Voj\u00e1ci A\u010cR jsou p\u0159itom obezn\u00e1meni, \u017ee prov\u011b\u0159ov\u00e1n\u00ed z\u00e1jmu voj\u00e1k\u016f o misi je vojensk\u00fd utajovan\u00fd \u00fadaj. Jeliko\u017e se jedn\u00e1 o neskute\u010dn\u011b v\u00fdbu\u0161n\u00e9 informace a zat\u00edm nedisponujeme \u017e\u00e1dn\u00fdm p\u00edsemn\u00fdm materi\u00e1lem, bereme tyto informace zat\u00edm jako neov\u011b\u0159en\u00e9 a chceme m\u00edt absolutn\u00ed jistotu a podklady, \u017ee nejde o hoax nebo dezinformaci, ne\u017e p\u016fjdeme ven s podrobn\u00fdmi informacemi, kter\u00e9 jsme obdr\u017eeli. Ov\u0161em velice n\u00e1s vyd\u011bsilo, \u017ee t\u011bmito informacemi u\u017e zjevn\u011b disponuj\u00ed i n\u011bkte\u0159\u00ed vrcholov\u00ed politici, a to nejen v SPD a ve Hnut\u00ed ANO, ale i v koali\u010dn\u00edch stran\u00e1ch. Tak\u017ee ty informace opravdu nejdou jen k n\u00e1m do redakce, ale i k dal\u0161\u00edm adres\u00e1t\u016fm v m\u00e9di\u00edch a ve vysok\u00e9 politice.<\/p>\n<h6><span style=\"font-size: 18pt;\">Teror se zna\u010dkou \u201cMade in Czech Republic &amp; Inspired by Israel\u201d<\/span><\/h6>\n<p>Nem\u00e1me zat\u00edm \u017e\u00e1dn\u00e9 informace o tom, \u017ee by \u010de\u0161t\u00ed voj\u00e1ci m\u011bli b\u00fdt rozm\u00edst\u011bni v r\u00e1mci mezin\u00e1rodn\u00edho kontingentu na Ukrajin\u011b, pouze se podle na\u0161ich zdroj\u016f prov\u00e1d\u00ed\u00a0<strong><em>prov\u011brky z\u00e1jmu<\/em><\/strong>\u00a0o takovou misi mezi voj\u00e1ky A\u010cR. Nelze se tomu divit ve chv\u00edli, kdy francouzsk\u00fd prezident nevylu\u010duje vysl\u00e1n\u00ed francouzsk\u00fdch voj\u00e1k\u016f na Ukrajinu, a kdy dokonce\u00a0<strong>n\u00e1\u010deln\u00edk gener\u00e1ln\u00edho \u0161t\u00e1bu francouzsk\u00e9 arm\u00e1dy prohl\u00e1sil, \u017ee Francie je na v\u00e1lku p\u0159ipravena [<a href=\"https:\/\/href.li\/?https:\/\/www.rt.com\/news\/594510-french-army-stands-ready\/\" target=\"_blank\" rel=\"nofollow noopener\">5<\/a>]<\/strong>. Kdy\u017e si k tomu p\u0159i\u010dteme \u0161\u00edlen\u00e9 v\u00fdroky Petra Fialy pro \u010desk\u00e1 m\u00e9dia, \u017ee v\u011b\u0159\u00ed, \u017ee ve v\u00e1lce proti Rusku vyhrajeme\u00a0<strong>[<a href=\"https:\/\/href.li\/?https:\/\/www.youtube.com\/watch?v=n_WQkNORjYQ\" target=\"_blank\" rel=\"nofollow noopener\">6<\/a>]<\/strong>, tak je jasn\u00e9, \u017ee n\u00e1\u0161 \u010desk\u00fd n\u00e1rod m\u00e1 v \u010dele vl\u00e1dy psychicky vy\u0161inut\u00e9ho magora.<\/p>\n<p>A nejlep\u0161\u00ed by bylo, kdyby ho vy\u0161et\u0159il psychiatr, proto\u017ee prohl\u00e1sit, \u017ee vyhrajeme v\u00e1lku s Ruskem, kterou nevyhr\u00e1l ani Napoleon a ani Hitler, je jednosm\u011brnou a zaru\u010denou j\u00edzdenkou do p\u0159edn\u00edch frontov\u00fdch lini\u00ed III. sv. v\u00e1lky pro n\u00e1s v\u0161echny, pro celou Evropu. \u010ceskou vl\u00e1du a jej\u00ed podporu ukrajinsk\u00e9mu terorismu lze p\u0159irovnat de facto jen k jedin\u00e9 dal\u0161\u00ed vl\u00e1d\u011b ve sv\u011bt\u011b, a to samoz\u0159ejm\u011b k t\u00e9 izraelsk\u00e9. Ta toti\u017e rovn\u011b\u017e pou\u017e\u00edv\u00e1 terorismus proti palestinsk\u00e9mu civiln\u00edmu obyvatelstvu v Gaze jako ospravedlniteln\u00fd prost\u0159edek sv\u00e9 v\u00e1lky. To sam\u00e9 jako Ukrajinci p\u0159i \u00faderech \u010desk\u00fdmi zbran\u011bmi proti civilist\u016fm v Rusku. Sv\u016fj k sv\u00e9mu. Pod\u00edvejte se na foto n\u00ed\u017ee.<\/p>\n<figure id=\"attachment_57472\" class=\"wp-caption aligncenter\" style=\"width: 700px;\"><a href=\"https:\/\/aeronet.news\/wp-content\/uploads\/FialaBibiHandshake.jpg\"><img decoding=\"async\" loading=\"lazy\" class=\"wp-image-57472 \" src=\"https:\/\/aeronet.news\/wp-content\/uploads\/FialaBibiHandshake-1024x682.jpg\" sizes=\"(max-width: 700px) 100vw, 700px\" srcset=\"https:\/\/aeronet.news\/wp-content\/uploads\/FialaBibiHandshake-1024x682.jpg 1024w, https:\/\/aeronet.news\/wp-content\/uploads\/FialaBibiHandshake-300x200.jpg 300w, https:\/\/aeronet.news\/wp-content\/uploads\/FialaBibiHandshake-768x512.jpg 768w, https:\/\/aeronet.news\/wp-content\/uploads\/FialaBibiHandshake-700x466.jpg 700w, https:\/\/aeronet.news\/wp-content\/uploads\/FialaBibiHandshake-536x357.jpg 536w, https:\/\/aeronet.news\/wp-content\/uploads\/FialaBibiHandshake-725x483.jpg 725w, https:\/\/aeronet.news\/wp-content\/uploads\/FialaBibiHandshake.jpg 1280w\" alt=\"\" width=\"700\" height=\"466\" \/><\/a><figcaption class=\"wp-caption-text\">Petr Fiala a Benjamin Netanyahu<\/figcaption><\/figure>\n<p>\u010cesko nem\u00e1 na to, aby v\u00e1l\u010dilo proti Rusku, a tak podporuje Ukrajince v p\u00e1ch\u00e1n\u00ed teroru v Rusku za pomoci \u010desk\u00fdch zbran\u00ed. Tohle nakonec skon\u010d\u00ed tak, \u017ee Fialova vl\u00e1da bude jednoho dne st\u00e1t p\u0159ed pov\u00e1le\u010dn\u00fdm tribun\u00e1lem a poz\u016fstal\u00ed po ob\u011btech teroru, na kter\u00e9m se \u010desk\u00e1 vl\u00e1da spolu s Ukrajinci spolupod\u00edlela, jim budou l\u00ed\u010dit, jak um\u00edrali jejich d\u011bti, jejich bl\u00edzc\u00ed, kdy\u017e do jejich dom\u016f a byt\u016f padali \u00famysln\u011b sm\u011brovan\u00e9 a \u00famysln\u011b na tyto civiln\u00ed c\u00edle odpalovan\u00e9 rakety a d\u011blost\u0159eleck\u00e9 gran\u00e1ty. Toto nen\u00ed na\u0161e \u010desk\u00e1 vl\u00e1da, toto je pro-v\u00e1le\u010dn\u00e1 junta, kter\u00e1 se ne\u0161t\u00edt\u00ed ve sv\u00e9 rusofobii ti\u0161e p\u0159ihl\u00ed\u017eet a radovat se, jak \u010desk\u00e9 zbran\u011b zab\u00edj\u00ed v rusk\u00fdch m\u011bstech d\u011bti a \u017eeny. A to ne omylem, v d\u016fsledku chybn\u00e9ho m\u00ed\u0159en\u00ed raket na rusk\u00e9 vojensk\u00e9 c\u00edle, nebo kolater\u00e1ln\u00ed \u0161kody, ale prvopl\u00e1nov\u011b a c\u00edlen\u011b za \u00fa\u010delem \u0161\u00ed\u0159en\u00ed teroru mezi Rusy.<\/p>\n<p><a href=\"https:\/\/aeronet.news\/ukrajinska-armada-znovu-zabijela-a-mrzacila-civilisty-v-belgorodu-za-pouziti-ceskeho-raketometu-rm-70-vampire-a-gubernator-naridil-evakuaci-pohranicnich-vesnic-a-temer-10-000-deti\/\">-VK- \u0160\u00e9fredaktor AE News<\/a><\/p>\n<p><img decoding=\"async\" loading=\"lazy\" class=\"wp-image-47634 aligncenter\" src=\"http:\/\/www.infokuryr.cz\/n\/wp-content\/uploads\/2024\/02\/Pozvanka_Praha-_23.3.24-300x229.jpg\" alt=\"\" width=\"770\" height=\"588\" srcset=\"https:\/\/www.infokuryr.cz\/n\/wp-content\/uploads\/2024\/02\/Pozvanka_Praha-_23.3.24-300x229.jpg 300w, https:\/\/www.infokuryr.cz\/n\/wp-content\/uploads\/2024\/02\/Pozvanka_Praha-_23.3.24.jpg 595w\" sizes=\"(max-width: 770px) 100vw, 770px\" \/><\/p>\n","protected":false},"excerpt":{"rendered":"<p>Ukrajinsk\u00e1 arm\u00e1da znovu zab\u00edjela a mrza\u010dila civilisty v Belgorodu za pou\u017eit\u00ed \u010desk\u00e9ho raketometu RM-70 Vampire&#8230;<\/p>\n","protected":false},"author":2,"featured_media":49890,"comment_status":"closed","ping_status":"closed","sticky":false,"template":"","format":"standard","meta":[],"categories":[6],"tags":[1042,80,670,4611,26],"_links":{"self":[{"href":"https:\/\/www.infokuryr.cz\/n\/wp-json\/wp\/v2\/posts\/49889"}],"collection":[{"href":"https:\/\/www.infokuryr.cz\/n\/wp-json\/wp\/v2\/posts"}],"about":[{"href":"https:\/\/www.infokuryr.cz\/n\/wp-json\/wp\/v2\/types\/post"}],"author":[{"embeddable":true,"href":"https:\/\/www.infokuryr.cz\/n\/wp-json\/wp\/v2\/users\/2"}],"replies":[{"embeddable":true,"href":"https:\/\/www.infokuryr.cz\/n\/wp-json\/wp\/v2\/comments?post=49889"}],"version-history":[{"count":0,"href":"https:\/\/www.infokuryr.cz\/n\/wp-json\/wp\/v2\/posts\/49889\/revisions"}],"wp:featuredmedia":[{"embeddable":true,"href":"https:\/\/www.infokuryr.cz\/n\/wp-json\/wp\/v2\/media\/49890"}],"wp:attachment":[{"href":"https:\/\/www.infokuryr.cz\/n\/wp-json\/wp\/v2\/media?parent=49889"}],"wp:term":[{"taxonomy":"category","embeddable":true,"href":"https:\/\/www.infokuryr.cz\/n\/wp-json\/wp\/v2\/categories?post=49889"},{"taxonomy":"post_tag","embeddable":true,"href":"https:\/\/www.infokuryr.cz\/n\/wp-json\/wp\/v2\/tags?post=49889"}],"curies":[{"name":"wp","href":"https:\/\/api.w.org\/{rel}","templated":true}]}}