{"id":49886,"date":"2024-03-21T00:29:42","date_gmt":"2024-03-20T23:29:42","guid":{"rendered":"https:\/\/www.infokuryr.cz\/n\/?p=49886"},"modified":"2024-03-20T19:36:52","modified_gmt":"2024-03-20T18:36:52","slug":"vatikan-odmita-tvrzeni-ze-papez-planuje-navstevu-ruska","status":"publish","type":"post","link":"https:\/\/www.infokuryr.cz\/n\/2024\/03\/21\/vatikan-odmita-tvrzeni-ze-papez-planuje-navstevu-ruska\/","title":{"rendered":"Vatik\u00e1n odm\u00edt\u00e1 tvrzen\u00ed, \u017ee pape\u017e pl\u00e1nuje n\u00e1v\u0161t\u011bvu Ruska"},"content":{"rendered":"<div id=\"fb-root\"><\/div>\n<p><span style=\"font-size: 18pt;\"><strong>Francouzsk\u00fd port\u00e1l Intelligence Online uvedl, \u017ee pape\u017e jedn\u00e1 o mo\u017en\u00e9 cest\u011b do Moskvy<\/strong><\/span><\/p>\n<p><span>Pape\u017e Franti\u0161ek nedostal pozv\u00e1n\u00ed k n\u00e1v\u0161t\u011bv\u011b Ruska a \u017e\u00e1dnou takovou cestu nepl\u00e1nuje, \u0159ekl ve st\u0159edu Vatik\u00e1n agentu\u0159e RIA Novosti.\u00a0Toto vyvr\u00e1cen\u00ed n\u00e1sleduje po tvrzen\u00edch ve francouzsk\u00fdch m\u00e9di\u00edch tento t\u00fdden, \u017ee by pape\u017e mohl odcestovat do Moskvy, aby zprost\u0159edkoval ukrajinsk\u00fd konflikt.<\/span><\/p>\n<p><span>Pape\u017e opakovan\u011b volal po diplomatick\u00e9m \u0159e\u0161en\u00ed konfliktu mezi Ruskem a Ukrajinou a p\u0159i n\u011bkolika p\u0159\u00edle\u017eitostech nab\u00eddl sv\u00e9 slu\u017eby prost\u0159edn\u00edka.\u00a0Ned\u00e1vno tak\u00e9 vyzval Kyjev, aby\u00a0<\/span><em><span>\u201esebral odvahu b\u00edl\u00e9 vlajky\u201c<\/span><\/em><span>\u00a0a zah\u00e1jil jedn\u00e1n\u00ed s Moskvou, \u010d\u00edm\u017e vyvolal p\u0159\u00edval kritiky ze Z\u00e1padu.<\/span><\/p>\n<p><span>V \u00fater\u00fd francouzsk\u00fd port\u00e1l Intelligence Online \u2013 kter\u00fd se ozna\u010duje za nez\u00e1visl\u00fd medi\u00e1ln\u00ed zdroj zam\u011b\u0159en\u00fd na\u00a0<\/span><em><span>\u201eexkluzivn\u00ed\u201c<\/span><\/em><span>\u00a0zpravodajstv\u00ed \u2013 tvrdil, \u017ee pape\u017e pl\u00e1nuje n\u00e1v\u0161t\u011bvu Moskvy v \u010dervnu a \u017ee Vatik\u00e1n ji\u017e o t\u00e9to ot\u00e1zce jedn\u00e1 s rusk\u00fdmi diplomaty.<\/span><\/p>\n<p><span>V rozhovoru pro RIA Novosti ve st\u0159edu Vatik\u00e1n uvedl, \u017ee zpr\u00e1va\u00a0<\/span><em><span>\u201eneodr\u00e1\u017e\u00ed skute\u010dnou situaci\u201c.\u00a0<\/span><\/em><span>Jak\u00e9koli pl\u00e1ny na pape\u017eskou n\u00e1v\u0161t\u011bvu Ruska pop\u0159el i zdroj rusk\u00e9 tiskov\u00e9 agentury.\u00a0Rusk\u00e9 ministerstvo zahrani\u010d\u00ed zat\u00edm zpr\u00e1vu nekomentovalo.<\/span><\/p>\n<p><span>V kv\u011btnu 2023 se Vatik\u00e1n sna\u017eil zm\u00edrnit nap\u011bt\u00ed mezi Ruskem a Ukrajinou prost\u0159ednictv\u00edm mise, kterou vedl kardin\u00e1l Matteo Zuppi.\u00a0Nav\u0161t\u00edvil Kyjev, Moskvu, Washington a Peking, i kdy\u017e v\u00fdsledky mise z\u016fst\u00e1vaj\u00ed nejasn\u00e9.<\/span><\/p>\n<p><span>Za\u010d\u00e1tkem tohoto m\u011bs\u00edce pape\u017e vyzval Kyjev, aby m\u011bl\u00a0<\/span><em><span>\u201eodvahu vyjedn\u00e1vat\u201c,<\/span><\/em><span>\u00a0a dodal, \u017ee to tak\u00e9 znamen\u00e1\u00a0<\/span><em><span>\u201eodvahu nedov\u00e9st zemi k sebevra\u017ed\u011b\u201c.\u00a0<\/span><\/em><span>Jak\u00e1koli vl\u00e1da by m\u011bla p\u0159em\u00fd\u0161let o sv\u00fdch lidech a pt\u00e1t se sama sebe, kolik mrtv\u00fdch mus\u00ed p\u0159ijmout, aby konflikt skon\u010dil, prohl\u00e1sil Franti\u0161ek.<\/span><\/p>\n<p><span>Ukrajina odvol\u00e1n\u00ed okam\u017eit\u011b zam\u00edtla.\u00a0Ministr zahrani\u010d\u00ed Dmitrij Kuleba trval na tom, \u017ee Ukrajina\u00a0<\/span><em><span>\u201enikdy nevyv\u011bs\u00ed \u017e\u00e1dn\u00e9 jin\u00e9 vlajky\u201c<\/span><\/em><span>\u00a0krom\u011b sv\u00e9ho n\u00e1rodn\u00edho standardu.\u00a0Pape\u017eovy v\u00fdroky kritizovali tak\u00e9 nejvy\u0161\u0161\u00ed diplomat EU Josep Borrell a gener\u00e1ln\u00ed tajemn\u00edk NATO Jens Stoltenberg.<\/span><\/p>\n<p><img decoding=\"async\" loading=\"lazy\" class=\"alignnone size-full wp-image-1185\" src=\"http:\/\/www.infokuryr.cz\/n\/wp-content\/uploads\/2021\/04\/kuryr-podpis.png\" alt=\"\" width=\"84\" height=\"24\" \/><\/p>\n<p>&nbsp;<\/p>\n","protected":false},"excerpt":{"rendered":"<p>Francouzsk\u00fd port\u00e1l Intelligence Online uvedl, \u017ee pape\u017e jedn\u00e1 o mo\u017en\u00e9 cest\u011b do Moskvy Pape\u017e Franti\u0161ek&#8230;<\/p>\n","protected":false},"author":2,"featured_media":16880,"comment_status":"closed","ping_status":"closed","sticky":false,"template":"","format":"standard","meta":[],"categories":[7],"tags":[254,22,329],"_links":{"self":[{"href":"https:\/\/www.infokuryr.cz\/n\/wp-json\/wp\/v2\/posts\/49886"}],"collection":[{"href":"https:\/\/www.infokuryr.cz\/n\/wp-json\/wp\/v2\/posts"}],"about":[{"href":"https:\/\/www.infokuryr.cz\/n\/wp-json\/wp\/v2\/types\/post"}],"author":[{"embeddable":true,"href":"https:\/\/www.infokuryr.cz\/n\/wp-json\/wp\/v2\/users\/2"}],"replies":[{"embeddable":true,"href":"https:\/\/www.infokuryr.cz\/n\/wp-json\/wp\/v2\/comments?post=49886"}],"version-history":[{"count":0,"href":"https:\/\/www.infokuryr.cz\/n\/wp-json\/wp\/v2\/posts\/49886\/revisions"}],"wp:featuredmedia":[{"embeddable":true,"href":"https:\/\/www.infokuryr.cz\/n\/wp-json\/wp\/v2\/media\/16880"}],"wp:attachment":[{"href":"https:\/\/www.infokuryr.cz\/n\/wp-json\/wp\/v2\/media?parent=49886"}],"wp:term":[{"taxonomy":"category","embeddable":true,"href":"https:\/\/www.infokuryr.cz\/n\/wp-json\/wp\/v2\/categories?post=49886"},{"taxonomy":"post_tag","embeddable":true,"href":"https:\/\/www.infokuryr.cz\/n\/wp-json\/wp\/v2\/tags?post=49886"}],"curies":[{"name":"wp","href":"https:\/\/api.w.org\/{rel}","templated":true}]}}