{"id":49883,"date":"2024-03-21T00:30:25","date_gmt":"2024-03-20T23:30:25","guid":{"rendered":"https:\/\/www.infokuryr.cz\/n\/?p=49883"},"modified":"2024-03-21T20:21:26","modified_gmt":"2024-03-21T19:21:26","slug":"nedelnik-adama-b-bartose-159-na-co-nezapomenout-po-mirove-konferenci","status":"publish","type":"post","link":"https:\/\/www.infokuryr.cz\/n\/2024\/03\/21\/nedelnik-adama-b-bartose-159-na-co-nezapomenout-po-mirove-konferenci\/","title":{"rendered":"NED\u011aLN\u00cdK ADAMA B. BARTO\u0160E (159) NA CO NEZAPOMENOUT PO M\u00cdROV\u00c9 KONFERENCI"},"content":{"rendered":"<div id=\"fb-root\"><\/div>\n<p>Tak jsme se do\u010dkali. Je tu jaro a za\u010d\u00edn\u00e1 pr\u00e1v\u011b dnes. Sice jsme je\u0161t\u011b v\u010dera museli \u0161kr\u00e1bat zjinovat\u011bl\u00e1 autoskla, ale jinak je neb\u00fdvale teplo a to je fajn. Tak to m\u00e1 b\u00fdt. Pokud existuje n\u011bjak\u00e9 glob\u00e1ln\u00ed oteplen\u00ed, pro n\u00e1s je to jen dob\u0159e. Na zim\u011b nen\u00ed \u2013 alespo\u0148 z m\u00e9ho pohledu \u2013 nic moc zaj\u00edmav\u00e9ho a p\u011bkn\u00e9ho.<span id=\"more-14125\"><\/span><\/p>\n<p>Na\u0161e politick\u00e9 podr\u017eta\u0161ky se ale tak\u00e9 do\u010dkaly. Vypad\u00e1 to, \u017ee v\u00e1lka s Rusem bude a kdy\u017e se k n\u00ed nem\u00e1 on s\u00e1m (Rus), p\u016fjdeme na n\u011bj my, Evropan\u00e9. On sice Rusa je\u0161t\u011b nikdo nikdy neporazil, ale p\u00e1nov\u00e9 Fiala, \u0158ehka a \u010cernochov\u00e1 vlhce sn\u00ed o tom, \u017ee by se to pr\u00e1v\u011b jim pov\u00e9st mohlo.<\/p>\n<p>P\u0159ekvapuje mne, \u017ee na politick\u00e9 sc\u00e9n\u011b je klid po p\u011b\u0161in\u011b, snad vyjma Babi\u0161ova n\u00e1vrhu na m\u00edrovou konferenci v Praze, kter\u00fd nejsp\u00ed\u0161e opsal z m\u00e9ho projevu ur\u010den\u00e9ho Jaltsk\u00e9mu mezin\u00e1rodn\u00edmu f\u00f3ru v Moskv\u011b,\u00a0<a href=\"https:\/\/narodnidemokracie.cz\/nedelnik-adama-b-bartose-150-prepisme-tajne-dohody-z-roku-1989-projev-abb-na-jaltskem-mezinarodnim-foru\/\" target=\"_blank\" rel=\"noopener\"><em><strong>kde jsem navrhoval to sam\u00e9 u\u017e na podzim<\/strong><\/em><\/a>. Jinak se ale nikdo nebou\u0159\u00ed proti zva\u017eovan\u00e9mu vysl\u00e1n\u00ed vojsk na Ukrajinu. P\u0159itom nen\u00ed v\u00e1\u017en\u011bj\u0161\u00ed t\u00e9ma \u2013 tady u\u017e p\u0159est\u00e1v\u00e1 ve\u0161ker\u00e1 legrace. Sankce, pos\u00edl\u00e1n\u00ed zbran\u00ed na Ukrajinu, vyv\u011b\u0161ov\u00e1n\u00ed Putina v pytli na letensk\u00e9 kachl\u00edk\u00e1rn\u011b \u2013 to v\u0161e je \u0161patn\u011b a nikdy se to nesm\u011blo st\u00e1t, ale vysl\u00e1n\u00ed voj\u00e1k\u016f \u2013 pod jakoukoli z\u00e1minkou a v r\u00e1mci jak\u00e9koli mise \u2013 je vlastn\u00ed \u010dervenou lini\u00ed, kterou by \u010cesk\u00e1 republika p\u0159ekro\u010dit nem\u011bla. \u0158\u00edk\u00e1 to n\u011bkdo? Varuje p\u0159ed t\u00edm n\u011bkdo?<\/p>\n<p><a href=\"https:\/\/stranapro.cz\/\"><img decoding=\"async\" loading=\"lazy\" class=\"alignnone wp-image-40285 aligncenter\" src=\"http:\/\/www.infokuryr.cz\/n\/wp-content\/uploads\/2023\/11\/11pro-300x79.png\" alt=\"\" width=\"562\" height=\"148\" srcset=\"https:\/\/www.infokuryr.cz\/n\/wp-content\/uploads\/2023\/11\/11pro-300x79.png 300w, https:\/\/www.infokuryr.cz\/n\/wp-content\/uploads\/2023\/11\/11pro.png 363w\" sizes=\"(max-width: 562px) 100vw, 562px\" \/><\/a><\/p>\n<p>Minim\u00e1ln\u011b by se o tom m\u011blo hlasovat \u00fastavn\u00ed v\u011bt\u0161inou v parlamentu, ale i to by podle mne bylo za hranou, proto\u017ee p\u0159ipustit o tomto diskuzi nen\u00ed o nic m\u00e9n\u011b bl\u00e1zniv\u011bj\u0161\u00ed, ne\u017e to \u2013 podobn\u011b jako Fiala, \u0158ehka a \u010cernochov\u00e1 \u2013 p\u0159\u00edmo podporovat. Je to tak v\u00e1\u017en\u00e1 a riskantn\u00ed v\u011bc (pod\u00edlet se vojensky na konfliktu Rusko-Ukrajina), \u017ee by m\u011bl existovat jasn\u00fd konsensus, \u017ee to pro na\u0161i zemi v\u016fbec nep\u0159ich\u00e1z\u00ed v \u00favahu. Nane\u0161t\u011bst\u00ed to vypad\u00e1, \u017ee existuje konsensus p\u0159esn\u011b opa\u010dn\u00fd. Vl\u00e1da i Hrad jsou nalad\u011bni prov\u00e1le\u010dn\u011b, v obou komor\u00e1ch maj\u00ed v\u011bt\u0161inu, medi\u00e1ln\u00ed prov\u00e1le\u010dn\u00e1 mas\u00e1\u017e jede naplno u\u017e t\u0159et\u00edm rokem a hlasy volaj\u00edc\u00ed po m\u00edru jsou \u201ehlasem volaj\u00edc\u00edho na pou\u0161ti\u201c, nebo, jak se dnes m\u00f3dn\u011b \u0159\u00edk\u00e1, hlasem dezol\u00e1t\u016f, kter\u00e9 nikdo nebere v\u00e1\u017en\u011b.<\/p>\n<p>Pokud si vl\u00e1da mysl\u00ed, \u017ee se v\u0161e vy\u0159e\u0161ilo t\u00edm, kdy\u017e p\u0159ed n\u011bjak\u00fdm \u010dasem parlament schv\u00e1lil nasazov\u00e1n\u00ed vojsk do zahrani\u010d\u00ed v obecn\u00e9 rovin\u011b (jak n\u00e1m tehdy \u0159\u00edkali, aby se mohli voj\u00e1ci \u00fa\u010dastnit p\u0159\u00edpadn\u00fdch mis\u00ed), nem\u011blo by j\u00ed to proj\u00edt. M\u011blo by se hlasovat o tomto konkr\u00e9tn\u00edm p\u0159\u00edpad\u011b, o kter\u00e9m tu Macron a dal\u0161\u00ed blouznivci u\u017e n\u011bkolik t\u00fddn\u016f debatuj\u00ed. A poslanci by nem\u011bli rozhodovat z tepla a pohodl\u00ed sv\u00fdch poslaneck\u00fdch lavic, kde maj\u00ed pocit, \u017ee se jich to net\u00fdk\u00e1, ale m\u011bli by j\u00edt mezi lid, jeho\u017e jsou volen\u00fdmi z\u00e1stupci a zeptat se, jestli si lid\u00e9 p\u0159ej\u00ed j\u00edt do v\u00e1lky, pos\u00edlat sv\u00e9 d\u011bti na vojnu apod. A proto\u017ee to politici nikdy neud\u011blaj\u00ed, m\u011bli bychom to ud\u011blat sami. M\u011bli bychom na\u0161im politik\u016fm napsat, \u017ee si zahr\u00e1vaj\u00ed s ohn\u011bm nad sudem st\u0159eln\u00e9ho prachu a \u017ee jsme jim k ni\u010demu takov\u00e9mu nedali mand\u00e1t.<\/p>\n<p><img decoding=\"async\" loading=\"lazy\" class=\"wp-image-48462 alignright\" src=\"http:\/\/www.infokuryr.cz\/n\/wp-content\/uploads\/2024\/03\/pozvanka-23-300x165.jpg\" alt=\"\" width=\"639\" height=\"351\" srcset=\"https:\/\/www.infokuryr.cz\/n\/wp-content\/uploads\/2024\/03\/pozvanka-23-300x165.jpg 300w, https:\/\/www.infokuryr.cz\/n\/wp-content\/uploads\/2024\/03\/pozvanka-23-768x422.jpg 768w, https:\/\/www.infokuryr.cz\/n\/wp-content\/uploads\/2024\/03\/pozvanka-23.jpg 898w\" sizes=\"(max-width: 639px) 100vw, 639px\" \/><\/p>\n<p>Snad i voli\u010di SPOLU by mohli up\u0159\u00edmn\u011b p\u0159iznat, \u017ee tuto zpropadenou p\u011btikoalici, kdy\u017e j\u00ed tenkr\u00e1t ten hlas do urny h\u00e1zeli, nevolili ur\u010dit\u011b proto, \u017ee by cht\u011bli j\u00edt do v\u00e1lky s jadernou mocnost\u00ed. Jist\u011b, tehdy o v\u00e1lce na Ukrajin\u011b nikdo nemohl nic tu\u0161it, ale pr\u00e1v\u011b proto \u2013 tato vl\u00e1da nem\u00e1 mand\u00e1t rozhodovat o tom, zda se na\u0161e zem\u011b zapoj\u00ed do v\u00e1lky na Ukrajin\u011b. Zmrvila toho u\u017e tolik, \u017ee i kdyby te\u010f ode\u0161la, bude trvat roky a desetilet\u00ed, ne\u017e se v\u011bci vr\u00e1t\u00ed do po\u0159\u00e1dku. Ale pokud za\u010dne je\u0161t\u011b nav\u00edc hrozit vysl\u00e1n\u00edm vojsk na Ukrajinu, m\u011bla by dostat okam\u017eitou stopku. Ale okam\u017eitou. Spolu s evropsk\u00fdmi volbami by m\u011bly prob\u011bhnout p\u0159ed\u010dasn\u00e9 volby a voli\u010di by m\u011bli rozhodovat podle toho, kter\u00e1 strana je pro m\u00edr a kter\u00e1 je pro v\u00e1lku. Dob\u0159e ale v\u00edme, \u017ee nic takov\u00e9ho nen\u00ed mo\u017en\u00e9, proto\u017ee vl\u00e1da demisi pod\u00e1vat nebude a p\u0159ed\u010dasn\u00e9 volby nikdo nevyhl\u00e1s\u00ed.<\/p>\n<p>Co n\u00e1m tedy zb\u00fdv\u00e1? Traktory? Ob\u00e1v\u00e1m se, \u017ee traktory H\u0148upovi poslou\u017eily pouze k tomu, \u017ee dv\u011b miliardy \u00fadajn\u011b sl\u00edben\u00e9 zem\u011bd\u011blc\u016fm odklon\u00ed nejsp\u00ed\u0161e na v\u00e1le\u010dn\u00e9 \u00fa\u010dely. Tahle vl\u00e1da se ni\u010deho neboj\u00ed, jen sv\u00fdch z\u00e1padn\u00edch p\u00e1n\u00ed\u010dk\u016f. Dokonce i toho sm\u011b\u0161n\u00e9ho Macrona. U\u017e nelezeme do zadku jen Americe, N\u011bmecku, Ukrajin\u011b \u010di Izraeli, u\u017e lezeme do \u0159iti i Francii. Macronovi se hrout\u00ed jeho postkoloni\u00e1ln\u00ed imp\u00e9rium v Africe, jsou ohro\u017eeny francouzsk\u00e9 ekonomick\u00e9 a mocensk\u00e9 z\u00e1jmy, Francie sama nem\u00e1 s\u00edlu si je vojensky vy\u0159e\u0161it, a tak hled\u00e1 u\u017eite\u010dn\u00e9 idioty, aby j\u00ed s t\u00edm pomohli. Tak hluboko jsme klesli, \u017ee u\u017e ned\u011bl\u00e1me poskoky a podr\u017eta\u0161ky jen Ameri\u010dan\u016fm, ale dokonce i Frant\u00edk\u016fm. T\u011bm, kte\u0159\u00ed n\u00e1s v roce 1938 hanebn\u011b zradili\u2026<\/p>\n<p>Je mi z toho v\u0161eho \u2013 jaro nejaro \u2013 k blit\u00ed. K dlouh\u00e9mu v\u00fd\u010dtu ciz\u00edch z\u00e1jm\u016f, kter\u00e9 Fiala h\u00e1j\u00ed p\u0159ed t\u011bmi \u010desk\u00fdmi, si te\u010f m\u016f\u017ee p\u0159ipsat i francouzsk\u00e9. Nebo, abychom byli p\u0159esn\u011bj\u0161\u00ed, ty \u010desk\u00e9 nejsou a\u017e na posledn\u00edm m\u00edst\u011b, ony tam toti\u017e nejsou v\u016fbec\u2026<\/p>\n<p>Tak\u017ee ano \u2013 m\u00edrov\u00e1 konference je dobr\u00fd n\u00e1pad. Ale hned po n\u00ed tak\u00e9 soudn\u00ed tribun\u00e1l\u2026<\/p>\n<p><em>Vlasti zdar!<\/em><br \/>\n<em>Adam B. Barto\u0161, p\u0159edseda N\u00e1rodn\u00ed demokracie<\/em><\/p>\n<p><a href=\"https:\/\/narodnidemokracie.cz\/nedelnik-adama-b-bartose-159-na-co-nezapomenout-po-mirove-konferenci\/\"><img decoding=\"async\" loading=\"lazy\" class=\"alignnone size-full wp-image-678\" src=\"http:\/\/www.infokuryr.cz\/n\/wp-content\/uploads\/2021\/04\/narodni_demokracie_logo.jpg\" alt=\"\" width=\"300\" height=\"85\" \/><\/a><\/p>\n<p>&nbsp;<\/p>\n","protected":false},"excerpt":{"rendered":"<p>Tak jsme se do\u010dkali. Je tu jaro a za\u010d\u00edn\u00e1 pr\u00e1v\u011b dnes. Sice jsme je\u0161t\u011b v\u010dera&#8230;<\/p>\n","protected":false},"author":2,"featured_media":22341,"comment_status":"closed","ping_status":"closed","sticky":false,"template":"","format":"standard","meta":[],"categories":[6],"tags":[367,1503,85,122],"_links":{"self":[{"href":"https:\/\/www.infokuryr.cz\/n\/wp-json\/wp\/v2\/posts\/49883"}],"collection":[{"href":"https:\/\/www.infokuryr.cz\/n\/wp-json\/wp\/v2\/posts"}],"about":[{"href":"https:\/\/www.infokuryr.cz\/n\/wp-json\/wp\/v2\/types\/post"}],"author":[{"embeddable":true,"href":"https:\/\/www.infokuryr.cz\/n\/wp-json\/wp\/v2\/users\/2"}],"replies":[{"embeddable":true,"href":"https:\/\/www.infokuryr.cz\/n\/wp-json\/wp\/v2\/comments?post=49883"}],"version-history":[{"count":0,"href":"https:\/\/www.infokuryr.cz\/n\/wp-json\/wp\/v2\/posts\/49883\/revisions"}],"wp:featuredmedia":[{"embeddable":true,"href":"https:\/\/www.infokuryr.cz\/n\/wp-json\/wp\/v2\/media\/22341"}],"wp:attachment":[{"href":"https:\/\/www.infokuryr.cz\/n\/wp-json\/wp\/v2\/media?parent=49883"}],"wp:term":[{"taxonomy":"category","embeddable":true,"href":"https:\/\/www.infokuryr.cz\/n\/wp-json\/wp\/v2\/categories?post=49883"},{"taxonomy":"post_tag","embeddable":true,"href":"https:\/\/www.infokuryr.cz\/n\/wp-json\/wp\/v2\/tags?post=49883"}],"curies":[{"name":"wp","href":"https:\/\/api.w.org\/{rel}","templated":true}]}}