{"id":49880,"date":"2024-03-21T00:49:22","date_gmt":"2024-03-20T23:49:22","guid":{"rendered":"https:\/\/www.infokuryr.cz\/n\/?p=49880"},"modified":"2024-03-20T19:28:41","modified_gmt":"2024-03-20T18:28:41","slug":"eva-hrindova-bude-jidlo","status":"publish","type":"post","link":"https:\/\/www.infokuryr.cz\/n\/2024\/03\/21\/eva-hrindova-bude-jidlo\/","title":{"rendered":"Eva Hrindov\u00e1: Bude j\u00eddlo?"},"content":{"rendered":"<div id=\"fb-root\"><\/div>\n<p><strong>Nebudou farm\u00e1\u0159i, nebude j\u00eddlo&#8230; St\u00e1le se setk\u00e1v\u00e1m s postoji, kdy mnoz\u00ed m\u00e1vnou rukou nad probl\u00e9my na\u0161ich zem\u011bd\u011blc\u016f. V\u0161ak si koup\u00edme j\u00eddlo ze zahrani\u010d\u00ed. Opravdu?<\/strong><\/p>\n<p>Ale co kdy\u017e se sv\u011bt je\u0161t\u011b v\u00edc zbl\u00e1zn\u00ed a nebudou jezdit lod\u011b, nebudou l\u00e9tat letadla &#8211; t\u0159eba kv\u016fli v\u00e1lce nebo n\u011b\u010demu podobn\u00e9mu? Fakt si mysl\u00edte, \u017ee n\u011bco takov\u00e9ho nen\u00ed mo\u017en\u00e9?<\/p>\n<p><a href=\"https:\/\/stranapro.cz\/\"><img decoding=\"async\" loading=\"lazy\" class=\"wp-image-40285 aligncenter\" src=\"http:\/\/www.infokuryr.cz\/n\/wp-content\/uploads\/2023\/11\/11pro-300x79.png\" alt=\"\" width=\"516\" height=\"136\" srcset=\"https:\/\/www.infokuryr.cz\/n\/wp-content\/uploads\/2023\/11\/11pro-300x79.png 300w, https:\/\/www.infokuryr.cz\/n\/wp-content\/uploads\/2023\/11\/11pro.png 363w\" sizes=\"(max-width: 516px) 100vw, 516px\" \/><\/a><\/p>\n<p>J\u00e1 si mysl\u00edm, \u017ee z\u00e1kladn\u00ed potraviny si m\u00e1me p\u011bstovat doma. Tak, aby byly ka\u017ed\u00e9mu dostupn\u00e9. Zem\u011bd\u011blci jsou tak\u00e9 d\u016fle\u017eit\u00ed kv\u016fli p\u00e9\u010di o p\u016fdu, nejde jen o zisky. Taky kv\u016fli zam\u011bstn\u00e1v\u00e1n\u00ed lid\u00ed v m\u00edst\u011b. Sv\u011bt se m\u011bn\u00ed a globalismus se brzy zhrout\u00ed. Vyhraj\u00ed ti, kte\u0159\u00ed budou um\u011bt p\u011bstovat potraviny v m\u00edst\u011b a v m\u00edst\u011b si je budou m\u00edstn\u00ed taky vyr\u00e1b\u011bt.<\/p>\n<p>Proto si mysl\u00edm, \u017ee protesty zem\u011bd\u011blc\u016f jsou opr\u00e1vn\u011bn\u00e9 a zem\u011bd\u011blsk\u00e1 politika EU je \u0161patn\u00e1 a \u0161kodliv\u00e1.<\/p>\n<p><a href=\"https:\/\/www.evahrindova.cz\/bude-jidlo\">Eva Hrindov\u00e1<\/a><\/p>\n<p><img decoding=\"async\" loading=\"lazy\" class=\"wp-image-47634 aligncenter\" src=\"http:\/\/www.infokuryr.cz\/n\/wp-content\/uploads\/2024\/02\/Pozvanka_Praha-_23.3.24-300x229.jpg\" alt=\"\" width=\"740\" height=\"565\" srcset=\"https:\/\/www.infokuryr.cz\/n\/wp-content\/uploads\/2024\/02\/Pozvanka_Praha-_23.3.24-300x229.jpg 300w, https:\/\/www.infokuryr.cz\/n\/wp-content\/uploads\/2024\/02\/Pozvanka_Praha-_23.3.24.jpg 595w\" sizes=\"(max-width: 740px) 100vw, 740px\" \/><\/p>\n<p>&nbsp;<\/p>\n","protected":false},"excerpt":{"rendered":"<p>Nebudou farm\u00e1\u0159i, nebude j\u00eddlo&#8230; St\u00e1le se setk\u00e1v\u00e1m s postoji, kdy mnoz\u00ed m\u00e1vnou rukou nad probl\u00e9my&#8230;<\/p>\n","protected":false},"author":2,"featured_media":49881,"comment_status":"closed","ping_status":"closed","sticky":false,"template":"","format":"standard","meta":[],"categories":[6],"tags":[41,1503,750,2532],"_links":{"self":[{"href":"https:\/\/www.infokuryr.cz\/n\/wp-json\/wp\/v2\/posts\/49880"}],"collection":[{"href":"https:\/\/www.infokuryr.cz\/n\/wp-json\/wp\/v2\/posts"}],"about":[{"href":"https:\/\/www.infokuryr.cz\/n\/wp-json\/wp\/v2\/types\/post"}],"author":[{"embeddable":true,"href":"https:\/\/www.infokuryr.cz\/n\/wp-json\/wp\/v2\/users\/2"}],"replies":[{"embeddable":true,"href":"https:\/\/www.infokuryr.cz\/n\/wp-json\/wp\/v2\/comments?post=49880"}],"version-history":[{"count":0,"href":"https:\/\/www.infokuryr.cz\/n\/wp-json\/wp\/v2\/posts\/49880\/revisions"}],"wp:featuredmedia":[{"embeddable":true,"href":"https:\/\/www.infokuryr.cz\/n\/wp-json\/wp\/v2\/media\/49881"}],"wp:attachment":[{"href":"https:\/\/www.infokuryr.cz\/n\/wp-json\/wp\/v2\/media?parent=49880"}],"wp:term":[{"taxonomy":"category","embeddable":true,"href":"https:\/\/www.infokuryr.cz\/n\/wp-json\/wp\/v2\/categories?post=49880"},{"taxonomy":"post_tag","embeddable":true,"href":"https:\/\/www.infokuryr.cz\/n\/wp-json\/wp\/v2\/tags?post=49880"}],"curies":[{"name":"wp","href":"https:\/\/api.w.org\/{rel}","templated":true}]}}