{"id":49875,"date":"2024-03-21T00:42:41","date_gmt":"2024-03-20T23:42:41","guid":{"rendered":"https:\/\/www.infokuryr.cz\/n\/?p=49875"},"modified":"2024-03-20T19:12:34","modified_gmt":"2024-03-20T18:12:34","slug":"jiri-vyvadil-babis-se-oznaceni-proputinovskym-agentem-branil-opravnene","status":"publish","type":"post","link":"https:\/\/www.infokuryr.cz\/n\/2024\/03\/21\/jiri-vyvadil-babis-se-oznaceni-proputinovskym-agentem-branil-opravnene\/","title":{"rendered":"Ji\u0159\u00ed Vyvadil: Babi\u0161 se ozna\u010den\u00ed proputinovsk\u00fdm agentem br\u00e1nil opr\u00e1vn\u011bn\u011b"},"content":{"rendered":"<div id=\"fb-root\"><\/div>\n<p><strong>M\u00e1 pravdu: Zni\u010dil drtivou \u010d\u00e1st na\u0161ich vztah\u016f s Ruskem<\/strong><\/p>\n<p>T\u00e9m\u011b\u0159 s\u00a0jistotou, nestane-li se n\u011bco neo\u010dek\u00e1van\u00e9ho se Andrej Babi\u0161 stane p\u0159\u00ed\u0161t\u00edm p\u0159edsedou vl\u00e1dy. Jinak to ani b\u00fdt nem\u016f\u017ee. Drtiv\u00e1 v\u011bt\u0161ina lid\u00ed s\u00a0n\u00edm spojuje, \u017ee\u00a0 dostane \u010cesko z\u00a0tohoto prakticky nikdy neb\u00fdval\u00e9ho trval\u00e9ho ekonomick\u00e9ho a soci\u00e1ln\u00edho \u00fapadku.<\/p>\n<p>Vych\u00e1z\u00edm z\u00a0toho jako z\u00a0faktu, kter\u00fd m\u011b do zna\u010dn\u00e9 m\u00edry uklid\u0148uje, ale j\u00e1 mu hlas d\u00e1vat nemus\u00edm. Ani n\u00e1hodou.<\/p>\n<p>Pro mne je t\u00e9ma racion\u00e1ln\u00ed politiky spolupr\u00e1ce s\u00a0Ruskem esenci\u00e1ln\u00ed. A jen v\u011b\u0159\u00edm, \u017ee si ji okolnosti vynut\u00ed.<\/p>\n<p>Rusko po dvou letech konfliktu na Ukrajin\u011b je ekonomicky na vzestupu, zat\u00edmco nap\u0159\u00edklad N\u011bmecko \u010di Francie upadaj\u00ed a\u00a0<strong>vojensky je Rusko v\u00a0Evrop\u011b prakticky nep\u0159emo\u017eiteln\u00e9.<\/strong><\/p>\n<p><a href=\"https:\/\/stranapro.cz\/\"><img decoding=\"async\" loading=\"lazy\" class=\"alignnone wp-image-40285 aligncenter\" src=\"http:\/\/www.infokuryr.cz\/n\/wp-content\/uploads\/2023\/11\/11pro-300x79.png\" alt=\"\" width=\"509\" height=\"134\" srcset=\"https:\/\/www.infokuryr.cz\/n\/wp-content\/uploads\/2023\/11\/11pro-300x79.png 300w, https:\/\/www.infokuryr.cz\/n\/wp-content\/uploads\/2023\/11\/11pro.png 363w\" sizes=\"(max-width: 509px) 100vw, 509px\" \/><\/a><\/p>\n<p>Ta v\u00e1lka samoz\u0159ejm\u011b nikdy nem\u011bla nastat a nenastala by u \u017e\u00e1dn\u00e9ho p\u0159edchoz\u00edho americk\u00e9ho prezidenta, proto\u017ee \u017e\u00e1dn\u00fd americk\u00fd prezident od roku 1945 by neriskoval trval\u00fd konflikt s Ruskem v\u010detn\u011b bezprost\u0159edn\u00edho a imponuj\u00edc\u00edho p\u0159edch\u016fdce Baracka Obamy, kter\u00fd vzdor probl\u00e9m\u016fm trvale usiloval velmi dobr\u00e9 vztahy s\u00a0Putinem.<\/p>\n<p>Tristnost americk\u00e9ho \u00fapadku tzv. v\u016fdcovstv\u00ed se ukazuje, \u017ee ke krizi do\u0161lo na z\u00e1klad\u011b p\u0159edlo\u017een\u00ed po\u017eadavk\u016f Ruska ohledn\u011b bezpe\u010dnostn\u00edch z\u00e1ruk. Putin zkr\u00e1tka odm\u00edtal se st\u00e1l st\u0159elni\u0161t\u011bm NATO. A Biden i NATO tyto z\u00e1ruky odm\u00edtli.<\/p>\n<p>A tak tu m\u00e1me konflikt, kter\u00fd nesporn\u011b cel\u00fd Z\u00e1pad zatahuje n\u00ed\u017e a n\u00ed\u017e na dno. A Rusko po v\u0161ech str\u00e1nk\u00e1ch na n\u011bm s\u00edl\u00ed.<\/p>\n<p>A politi\u010dt\u00ed tajtrdl\u00edci Z\u00e1padu se p\u0159edh\u00e1n\u011bj\u00ed, co mohou.<\/p>\n<p>No nic nezm\u016f\u017eou.<\/p>\n<p><img decoding=\"async\" loading=\"lazy\" class=\"wp-image-48462 alignright\" src=\"http:\/\/www.infokuryr.cz\/n\/wp-content\/uploads\/2024\/03\/pozvanka-23-300x165.jpg\" alt=\"\" width=\"615\" height=\"338\" srcset=\"https:\/\/www.infokuryr.cz\/n\/wp-content\/uploads\/2024\/03\/pozvanka-23-300x165.jpg 300w, https:\/\/www.infokuryr.cz\/n\/wp-content\/uploads\/2024\/03\/pozvanka-23-768x422.jpg 768w, https:\/\/www.infokuryr.cz\/n\/wp-content\/uploads\/2024\/03\/pozvanka-23.jpg 898w\" sizes=\"(max-width: 615px) 100vw, 615px\" \/><\/p>\n<p>A\u017e se Andrej stane p\u0159edsedou vl\u00e1dy, bude hodn\u011b z\u00e1le\u017eet, zda v\u00a0mezidob\u00ed vyhr\u00e1l Trump nebo Biden. Ta volba je 50 na 50.<\/p>\n<p>Zv\u00edt\u011bz\u00ed-li Trump, tak na 100 % bude spolupracovat skv\u011ble s\u00a0Putinem. A d\u016fvod je prost\u00fd: oba dva jsou a nemilosrdn\u011b perzekuov\u00e1ni Bidenov\u00fdm re\u017eimem a jeho pomaha\u010di a maj\u00ed k\u00a0sob\u011b mnohem bl\u00ed\u017e, ne\u017e jin\u00ed sv\u011btov\u00ed politici.<\/p>\n<p>V\u00a0takov\u00e9m p\u0159\u00edpad\u011b Babi\u0161 u\u017e jen najede na nov\u00fd narativ a jakkoliv je fakticky u n\u00e1s historicky nejbrut\u00e1ln\u011bj\u0161\u00edm odp\u016frcem Ruska, kter\u00fd byl otcem likvidace prakticky v\u0161ech vztah\u016f s\u00a0Ruskem, jist\u011b r\u00e1d vyraz\u00ed za Trumpem a p\u0159izp\u016fsob\u00ed se. Mimochodem, v t\u00e9 dob\u011b u\u017e tak\u00e9 bude kon\u010dit fungov\u00e1n\u00ed Koudelky coby \u0159editele BIS, kter\u00fd Babi\u0161e vodil jako loutkovodi\u010d.<\/p>\n<p>V\u00a0ka\u017ed\u00e9m p\u0159\u00edpad\u011b v\u00e1lka na Ukrajin\u011b by okam\u017eit\u011b skon\u010dila.<\/p>\n<p>Zv\u00edt\u011bz\u00ed-li Biden, pak pot\u011b\u0161 p\u00e1nb\u016fh.<\/p>\n<p>Putin se samoz\u0159ejm\u011b nevzd\u00e1 a naopak do americk\u00fdch voleb jist\u011b bude v\u00a0\u00fasil\u00ed zv\u00edt\u011bzit, co\u017e se tak \u010di onak projev\u00ed.<\/p>\n<p>O\u010dek\u00e1vat, \u017ee Babi\u0161 n\u011bjak zahrani\u010dn\u011bpoliticky procitne jako Fico \u010di Orb\u00e1n od n\u011bj nelze. P\u0159esto oba v\u00e1\u017een\u00ed kolegov\u00e9 budou v\u00a0t\u00e9 dob\u011b tu\u0161\u00edm je\u0161t\u011b ve funkci, a proto\u017ee jsou mnohem p\u0159edv\u00eddav\u011bj\u0161\u00ed ne\u017e Andrej, zcela jist\u011b si jej p\u0159izp\u016fsob\u00ed.<\/p>\n<p>Jo abych nezapomn\u011bl. Tak\u00e9 zde budou letos v\u00a0\u010dervnu volby do Europarlamentu. P\u0159edpokl\u00e1dejme \u017ee prohraje Macronova Rennaisance a pos\u00edl\u00ed pravice.<\/p>\n<p>Ale od Babi\u0161e proboha necht\u011bjme, aby d\u011blal sv\u011btovou zahrani\u010dn\u00ed politiku, sta\u010d\u00ed kdy\u017e budou skv\u011bl\u00e9 vztahy s\u00a0Ma\u010farskem a jako premi\u00e9r se bude sna\u017eit zopakovat to, v\u00a0co mu drtiv\u00e1 \u010d\u00e1st \u010cech\u016f nepochybn\u011b v\u011b\u0159\u00ed.<\/p>\n<p><a href=\"https:\/\/vasevec.info\/domaci-politika\/babis-se-oznaceni-proputinovskym-agentem-branil-opravnene\">Ji\u0159\u00ed Vyvadil<\/a><\/p>\n<p><img decoding=\"async\" loading=\"lazy\" class=\"alignnone size-medium wp-image-16474\" src=\"http:\/\/www.infokuryr.cz\/n\/wp-content\/uploads\/2022\/10\/jiri-vyvadil-300x200.jpg\" alt=\"\" width=\"300\" height=\"200\" srcset=\"https:\/\/www.infokuryr.cz\/n\/wp-content\/uploads\/2022\/10\/jiri-vyvadil-300x200.jpg 300w, https:\/\/www.infokuryr.cz\/n\/wp-content\/uploads\/2022\/10\/jiri-vyvadil-768x512.jpg 768w, https:\/\/www.infokuryr.cz\/n\/wp-content\/uploads\/2022\/10\/jiri-vyvadil.jpg 800w\" sizes=\"(max-width: 300px) 100vw, 300px\" \/><\/p>\n<p>&nbsp;<\/p>\n","protected":false},"excerpt":{"rendered":"<p>M\u00e1 pravdu: Zni\u010dil drtivou \u010d\u00e1st na\u0161ich vztah\u016f s Ruskem T\u00e9m\u011b\u0159 s\u00a0jistotou, nestane-li se n\u011bco neo\u010dek\u00e1van\u00e9ho&#8230;<\/p>\n","protected":false},"author":2,"featured_media":31077,"comment_status":"closed","ping_status":"closed","sticky":false,"template":"","format":"standard","meta":[],"categories":[6],"tags":[126,1503,22],"_links":{"self":[{"href":"https:\/\/www.infokuryr.cz\/n\/wp-json\/wp\/v2\/posts\/49875"}],"collection":[{"href":"https:\/\/www.infokuryr.cz\/n\/wp-json\/wp\/v2\/posts"}],"about":[{"href":"https:\/\/www.infokuryr.cz\/n\/wp-json\/wp\/v2\/types\/post"}],"author":[{"embeddable":true,"href":"https:\/\/www.infokuryr.cz\/n\/wp-json\/wp\/v2\/users\/2"}],"replies":[{"embeddable":true,"href":"https:\/\/www.infokuryr.cz\/n\/wp-json\/wp\/v2\/comments?post=49875"}],"version-history":[{"count":0,"href":"https:\/\/www.infokuryr.cz\/n\/wp-json\/wp\/v2\/posts\/49875\/revisions"}],"wp:featuredmedia":[{"embeddable":true,"href":"https:\/\/www.infokuryr.cz\/n\/wp-json\/wp\/v2\/media\/31077"}],"wp:attachment":[{"href":"https:\/\/www.infokuryr.cz\/n\/wp-json\/wp\/v2\/media?parent=49875"}],"wp:term":[{"taxonomy":"category","embeddable":true,"href":"https:\/\/www.infokuryr.cz\/n\/wp-json\/wp\/v2\/categories?post=49875"},{"taxonomy":"post_tag","embeddable":true,"href":"https:\/\/www.infokuryr.cz\/n\/wp-json\/wp\/v2\/tags?post=49875"}],"curies":[{"name":"wp","href":"https:\/\/api.w.org\/{rel}","templated":true}]}}